{"id":276541,"date":"2021-01-21T14:32:47","date_gmt":"2021-01-21T11:32:47","guid":{"rendered":"http:\/\/arantv.az\/?p=276541"},"modified":"2021-01-21T14:32:47","modified_gmt":"2021-01-21T11:32:47","slug":"susada-erm%c9%99ni-kils%c9%99si-olmayib-tarixi-faktlar-foto","status":"publish","type":"post","link":"https:\/\/arantv.az\/?p=276541","title":{"rendered":"\u015eu\u015fada erm\u0259ni kils\u0259si olmay\u0131b &#8211; Tarixi FAKTLAR + FOTO"},"content":{"rendered":"<p>\u015eu\u015fada erm\u0259ni kils\u0259si olmay\u0131b.<\/p>\n<p>Bunu m\u0259d\u0259ni d\u0259y\u0259rl\u0259r \u00fczr\u0259 t\u0259dqiqat\u00e7\u0131 ekspert, Beyn\u0259lxalq Memarlar Akademiyas\u0131n\u0131n Moskva \u015f\u00f6b\u0259sinin professoru, Az\u0259rbaycan Memarlar \u0130ttifaq\u0131n\u0131n \u0130dar\u0259 Hey\u0259tinin \u00fczv\u00fc Faiq \u0130smay\u0131lov deyib.<\/p>\n<p>Onun s\u00f6zl\u0259rin\u0259 g\u00f6r\u0259, Erm\u0259nistan m\u0259tbuat\u0131 m\u00fct\u0259madi olaraq saxta d\u0259lill\u0259r g\u0259tir\u0259r\u0259k \u015eu\u015fa \u015f\u0259h\u0259rind\u0259 \u201cerm\u0259ni\u201d kils\u0259sinin az\u0259rbaycanl\u0131lar t\u0259r\u0259find\u0259n \u201cda\u011f\u0131d\u0131laca\u011f\u0131\u201d bar\u0259d\u0259 dezinformasiyalar yay\u0131r:<\/p>\n<div id=\"AdviadNativeVideo0\" class=\"AdviadNativeVideo\"><\/div>\n<p>\u201cErm\u0259nil\u0259r bel\u0259 bir \u015fayi\u0259 yay\u0131rlar ki, guya \u015eu\u015fa \u015f\u0259h\u0259rind\u0259 \u201cQazan\u00e7\u0131lar\u201d adland\u0131r\u0131lan kils\u0259 1722-ci ild\u0259 m\u00f6vcud olmu\u015f hans\u0131sa ba\u015fqa bir kils\u0259nin b\u00fcn\u00f6vr\u0259si \u00fcz\u0259rind\u0259 Nax\u00e7\u0131van\u0131n Qazan\u00e7\u0131 k\u0259ndind\u0259n g\u0259l\u0259n erm\u0259nil\u0259r t\u0259r\u0259find\u0259n in\u015fa edilmi\u015fdir.<\/p>\n<p><img src=\"https:\/\/cdn.oxu.az\/uploads\/W1siZiIsIjIwMjEvMDEvMjEvMTMvNTAvNDYvNTI4OTQxYzYtNDNkOC00YzYyLTg0ODEtODY4NTM2N2Q4N2ViL3N1MS5qcGciXSxbInAiLCJlbmNvZGUiLCJqcGciLCItcXVhbGl0eSA4MCJdLFsicCIsInRodW1iIiwiNTkweDU5MFx1MDAzZSJdXQ?sha=ab3242d65400ba1e\" alt=\"\" \/><\/p>\n<p>O zaman bel\u0259 bir sual yaran\u0131r, \u0259g\u0259r kils\u0259 erm\u0259nil\u0259r t\u0259r\u0259find\u0259n tikilirdis\u0259, niy\u0259 erm\u0259ni qriqoryan kils\u0259si memarl\u0131\u011f\u0131 \u00fcslubunda tikilmirdi? Ax\u0131, \u0259slind\u0259 erm\u0259nil\u0259rin C\u0259nubi Qafqaza g\u0259li\u015fi I Pyotrun 1724-c\u00fc ilin noyabr\u0131n 10-da r\u0259smil\u0259\u015fdiril\u0259n f\u0259rman\u0131ndan sonra ba\u015flanm\u0131\u015fd\u0131. 1828-ci il T\u00fcrkm\u0259n\u00e7ay s\u00fclh m\u00fcqavil\u0259sinin n\u0259tic\u0259si olaraq 40 000 erm\u0259ni, 1829-cu ilin \u018fdirn\u0259 s\u00fclh\u00fcn\u00fcn n\u0259tic\u0259l\u0259rin\u0259 g\u00f6r\u0259 Osmanl\u0131 \u0130mperiyas\u0131 \u0259razil\u0259rind\u0259 ya\u015fayan 90 000 erm\u0259ni Az\u0259rbaycan\u0131n Nax\u00e7\u0131van, \u0130r\u0259van v\u0259 Qaraba\u011f xanl\u0131qlar\u0131 \u0259razil\u0259rind\u0259 m\u0259skunla\u015fd\u0131r\u0131ld\u0131lar. Bu, onu dem\u0259y\u0259 \u0259sas verir ki, o d\u00f6vr\u0259 q\u0259d\u0259r \u015eu\u015fada erm\u0259ni kils\u0259sinin m\u00f6vcudlu\u011fu m\u00fcmk\u00fcn deyildi. Bu v\u0259 ya dig\u0259r tarixi h\u0259qiq\u0259tl\u0259r erm\u0259nil\u0259rin yalan dan\u0131\u015fd\u0131qlar\u0131n\u0131 s\u00fcbut edir\u201d.<br \/>\nF.\u0130smay\u0131lov qeyd edib ki, \u015eu\u015fa \u015f\u0259h\u0259rind\u0259 ke\u00e7\u0259n \u0259srin sonlar\u0131na q\u0259d\u0259r erm\u0259ni kils\u0259si m\u00f6vcud olmay\u0131b.<\/p>\n<p><img src=\"https:\/\/cdn.oxu.az\/uploads\/W1siZiIsIjIwMjEvMDEvMjEvMTMvNTAvNDYvMzEzYjcyY2ItODM4Yy00YjYyLWE3ZDUtZmQ4YmE5ZDVkMjNiL3N1Mi5qcGciXSxbInAiLCJlbmNvZGUiLCJqcGciLCItcXVhbGl0eSA4MCJdLFsicCIsInRodW1iIiwiNTkweDU5MFx1MDAzZSJdXQ?sha=93f85c8fe3f43f3d\" alt=\"\" \/><\/p>\n<p>\u015eu\u015fada rus pravoslav kils\u0259sinin yaranma tarixind\u0259n dan\u0131\u015fan m\u00fct\u0259x\u0259ssis \u0259lav\u0259 edib ki, 1805-ci ild\u0259 Qaraba\u011f xanl\u0131\u011f\u0131n\u0131 devirm\u0259y\u0259 nail olan \u00e7ar h\u00f6kum\u0259ti dig\u0259r b\u00f6lg\u0259l\u0259rimizl\u0259 b\u0259rab\u0259r \u00f6z m\u0259nzil q\u0259rargah\u0131n\u0131 \u015eu\u015fa \u015f\u0259h\u0259rind\u0259 d\u0259 yaratd\u0131:<br \/>\n\u201cO d\u00f6vrd\u0259 \u015eu\u015fa \u015f\u0259h\u0259rind\u0259 xristian kils\u0259si yox idi. Rus \u0259sg\u0259rl\u0259rinin ibad\u0259ti \u00fc\u00e7\u00fcn is\u0259 kils\u0259nin yarad\u0131lmas\u0131na ehtiyac var idi. M\u00fcharib\u0259l\u0259r n\u0259tic\u0259sind\u0259 iqtisadi c\u0259h\u0259td\u0259n z\u0259if olan Rusiyan\u0131n \u015f\u0259h\u0259rd\u0259 quruculuq i\u015fl\u0259ri aparma\u011fa imkan\u0131 yox idi. Odur ki, ordu r\u0259hb\u0259rliyi xanl\u0131\u011f\u0131n divanxanas\u0131n\u0131n q\u00fcll\u0259sind\u0259n z\u0259ng asd\u0131raraq burada rus \u0259sg\u0259rl\u0259rinin ibad\u0259ti \u00fc\u00e7\u00fcn \u015f\u0259rait yaratd\u0131. 1806-c\u0131 ild\u0259 ruslar t\u0259r\u0259find\u0259n divanxanan\u0131n yan\u0131nda z\u0259ng q\u00fcll\u0259si tikilmi\u015fdir. Lakin zaman ke\u00e7dikc\u0259 Qaraba\u011f xanl\u0131\u011f\u0131n\u0131n divanxanas\u0131 rus ordusu komandanl\u0131\u011f\u0131 t\u0259r\u0259find\u0259n\u00a0t\u0259mir edil\u0259r\u0259k kils\u0259 stilin\u0259 uy\u011funla\u015fd\u0131r\u0131l\u0131rd\u0131 v\u0259 sonrak\u0131 d\u00f6vrl\u0259rd\u0259 daha iki kils\u0259 in\u015fa edildi. Zaman ke\u00e7dikc\u0259 kils\u0259l\u0259rin d\u0259\u00a0xarici g\u00f6rk\u0259mi d\u0259yi\u015fdirildi\u201d.<\/p>\n<p><img src=\"https:\/\/cdn.oxu.az\/uploads\/W1siZiIsIjIwMjEvMDEvMjEvMTMvNTAvNDYvOTQyNDYwZTItZDVmNS00YTNjLWE5MWQtZjUzNjA2NTViY2RlL3N1My5qcGciXSxbInAiLCJlbmNvZGUiLCJqcGciLCItcXVhbGl0eSA4MCJdLFsicCIsInRodW1iIiwiNTkweDU5MFx1MDAzZSJdXQ?sha=b1526e6f4d6b64df\" alt=\"\" \/><\/p>\n<p>F.\u0130smay\u0131lov \u0259lav\u0259 edib ki, \u015eu\u015fa \u015f\u0259h\u0259rind\u0259ki Qazan\u00e7\u0131 adland\u0131r\u0131lan rus pravoslav kils\u0259sinin 1887-ci ild\u0259 bel\u0259 in\u015fa edildiyi bar\u0259d\u0259 arxiv s\u0259n\u0259dl\u0259ri m\u00f6vcuddur. Sonrak\u0131 ill\u0259rd\u0259 daha bir d\u0259yi\u015fikliy\u0259 m\u0259ruz qalan rus kils\u0259si mahiyy\u0259t etibar\u0131 il\u0259 rus pravoslav kils\u0259 memarl\u0131\u011f\u0131n\u0131n b\u00fct\u00fcn qaydalar\u0131n\u0131 \u00f6z\u00fcnd\u0259 qoruyub saxlam\u0131\u015fd\u0131r. Bel\u0259 ki, kils\u0259nin m\u0259rk\u0259zi hiss\u0259sind\u0259ki q\u00fcbb\u0259 s\u00f6k\u00fcl\u0259r\u0259k bir ne\u00e7\u0259 metr h\u00fcnd\u00fcrl\u0259\u015fdirildi. Formalardak\u0131 f\u0259rq m\u00fcqayis\u0259 edil\u0259rk\u0259n bu memarl\u0131q \u00fcslubunun erm\u0259ni qriqoryan kils\u0259sin\u0259 m\u0259xsus olmad\u0131\u011f\u0131 ayd\u0131n \u015f\u0259kild\u0259 g\u00f6r\u00fcn\u00fcr.<\/p>\n<p>T\u0259dqiqat\u00e7\u0131 ekspertin bildirdiyin\u0259 g\u00f6r\u0259, Qaraba\u011fda erm\u0259ni kils\u0259sinin f\u0259aliyy\u0259ti Erm\u0259ni Qriqorian Kils\u0259sinin r\u0259hb\u0259ri II Vazgen t\u0259r\u0259find\u0259n Parqev Martinosyan\u0131n 1989-cu ild\u0259 Da\u011fl\u0131q Qaraba\u011f b\u00f6lg\u0259sin\u0259 arxiyepiskop t\u0259yin edilm\u0259sind\u0259n sonra ba\u015flam\u0131\u015fd\u0131r. Bu fakt g\u00f6st\u0259rir ki, \u015eu\u015fada erm\u0259ni qriqoryan kils\u0259si olmay\u0131b.<\/p>\n<p><img src=\"https:\/\/cdn.oxu.az\/uploads\/W1siZiIsIjIwMjEvMDEvMjEvMTMvNTAvNDUvZmRiN2JkZGItOWU1NC00OGQyLTllZmYtM2RiZGMzYjU5Y2EyL3N1NC5qcGciXSxbInAiLCJlbmNvZGUiLCJqcGciLCItcXVhbGl0eSA4MCJdLFsicCIsInRodW1iIiwiNTkweDU5MFx1MDAzZSJdXQ?sha=13532d816b059b21\" alt=\"\" \/><\/p>\n<p>\u201cDa\u011fl\u0131q Qaraba\u011f b\u00f6lg\u0259sind\u0259 yerl\u0259\u015f\u0259n b\u00fct\u00fcn kils\u0259l\u0259r 1930-cu ild\u0259 SSR\u0130 h\u00f6kum\u0259t r\u0259hb\u0259rl\u0259rinin g\u00f6st\u0259ri\u015fi il\u0259 qapad\u0131l\u0131b v\u0259 b\u0259zil\u0259rind\u0259n yem anbar\u0131 kimi istifad\u0259 olunub. SSR\u0130 H\u00f6kum\u0259tinin bu q\u0259rar\u0131ndan sonra \u015eu\u015fadak\u0131 rus kils\u0259l\u0259ri d\u0259 bax\u0131ms\u0131z v\u0259 istifad\u0259siz qal\u0131b. Kils\u0259l\u0259rin t\u0259krar f\u0259aliyy\u0259ti Mixail Qorba\u00e7ovun r\u0259hb\u0259rliyi d\u00f6vr\u00fcnd\u0259 m\u00fcmk\u00fcn olub. 1989-cu ild\u0259 Qaraba\u011fda erm\u0259ni yeparxiyas\u0131n\u0131n yarad\u0131lmas\u0131 v\u0259 Qaraba\u011fda ya\u015fayan erm\u0259nil\u0259rin artan mill\u0259t\u00e7ilik t\u0259l\u0259bl\u0259ri fonunda kils\u0259l\u0259rin erm\u0259nil\u0259\u015fdirilm\u0259sin\u0259 v\u0259 aktiv olmayan kils\u0259l\u0259rin bel\u0259 i\u015fl\u0259k v\u0259ziyy\u0259t\u0259 g\u0259tirilm\u0259si siyas\u0259ti apar\u0131ld\u0131, bu m\u0259qs\u0259d \u00fc\u00e7\u00fcn xarici \u00f6lk\u0259l\u0259rd\u0259 ya\u015fayan erm\u0259nil\u0259rin maddi imkanlar\u0131ndan istifad\u0259 olunma\u011fa ba\u015fland\u0131. Bu da n\u0259tic\u0259 etibar\u0131 il\u0259 Az\u0259rbaycan\u0131n 20% torpaqlar\u0131n\u0131n Erm\u0259nistan silahl\u0131 q\u00fcvv\u0259l\u0259rinin i\u015f\u011fal\u0131 alt\u0131na d\u00fc\u015fm\u0259sin\u0259 s\u0259b\u0259b oldu\u201d.<\/p>\n<p>F.\u0130smay\u0131lov qeyd edib ki, Erm\u0259nistan h\u00f6kum\u0259ti i\u015f\u011fal etdiyi Az\u0259rbaycan \u0259razil\u0259rind\u0259ki xristian d\u00f6vr\u00fc memarl\u0131q abid\u0259l\u0259rini m\u0259nims\u0259m\u0259kl\u0259, bu torpaqlar\u0131 Erm\u0259nistana birl\u0259\u015fdirib &#8220;B\u00f6y\u00fck Erm\u0259nistan&#8221; d\u00f6vl\u0259ti yaratmaq \u00fc\u00e7\u00fcn \u00e7al\u0131\u015f\u0131rd\u0131lar. M\u0259hz bu s\u0259b\u0259bd\u0259n d\u0259 erm\u0259nil\u0259r b\u00fct\u00fcn i\u015f\u011fal alt\u0131nda saxlad\u0131qlar\u0131 \u0259razil\u0259rd\u0259ki kils\u0259 v\u0259 monast\u0131rlar\u0131n xarici g\u00f6rk\u0259mini d\u0259yi\u015fdirib erm\u0259ni qriqoryan kils\u0259l\u0259rin\u0259 \u00e7evirirdil\u0259r. Erm\u0259nil\u0259r \u015eu\u015fadak\u0131 Qazan\u00e7\u0131 rus kils\u0259sinin 1995-2000-ci ild\u0259 memarl\u0131q qurulu\u015funu d\u0259yi\u015fdir\u0259r\u0259k erm\u0259ni qriqoryan kils\u0259sin\u0259 \u00e7eviribl\u0259r<\/p>\n<p><img src=\"https:\/\/cdn.oxu.az\/uploads\/W1siZiIsIjIwMjEvMDEvMjEvMTMvNTUvMDQvYTJiZjYzNTEtMjIyMi00NGE0LTg3ZGQtNzZjNjExNGM1Y2QwL2ExMC5qcGciXSxbInAiLCJlbmNvZGUiLCJqcGciLCItcXVhbGl0eSA4MCJdLFsicCIsInRodW1iIiwiNTkweDU5MFx1MDAzZSJdXQ?sha=30a25f21ddeb672b\" alt=\"\" \/><img src=\"https:\/\/cdn.oxu.az\/uploads\/W1siZiIsIjIwMjEvMDEvMjEvMTMvNTUvMDQvZWViOWNkNzctMTlhZC00YjU2LThmYWMtNzU3MGQwZGQ3ZWYyL2E3LmpwZyJdLFsicCIsImVuY29kZSIsImpwZyIsIi1xdWFsaXR5IDgwIl0sWyJwIiwidGh1bWIiLCI1OTB4NTkwXHUwMDNlIl1d?sha=22eac07af63fcb5d\" alt=\"\" \/><img src=\"https:\/\/cdn.oxu.az\/uploads\/W1siZiIsIjIwMjEvMDEvMjEvMTMvNTUvMDUvZjFhYWQ0MDgtNDE3YS00YjIxLWE5YWYtYzcwZjBlMjAyYzIwL2E2LmpwZyJdLFsicCIsImVuY29kZSIsImpwZyIsIi1xdWFsaXR5IDgwIl0sWyJwIiwidGh1bWIiLCI1OTB4NTkwXHUwMDNlIl1d?sha=b8b3f67129be7d5a\" alt=\"\" \/><img src=\"https:\/\/cdn.oxu.az\/uploads\/W1siZiIsIjIwMjEvMDEvMjEvMTMvNTUvMDUvOTVmMGFjOTYtYWRhYS00ZGJiLWExN2EtZDFmYTBkZTAxMjYzL2E1LmpwZyJdLFsicCIsImVuY29kZSIsImpwZyIsIi1xdWFsaXR5IDgwIl0sWyJwIiwidGh1bWIiLCI1OTB4NTkwXHUwMDNlIl1d?sha=8acab682c270d6b1\" alt=\"\" \/><img src=\"https:\/\/cdn.oxu.az\/uploads\/W1siZiIsIjIwMjEvMDEvMjEvMTMvNTUvMDUvOThkOTUwOGItYzVlNy00MjMxLThkYjktNzIzMGZkZDJmMmMzL2EzLmpwZyJdLFsicCIsImVuY29kZSIsImpwZyIsIi1xdWFsaXR5IDgwIl0sWyJwIiwidGh1bWIiLCI1OTB4NTkwXHUwMDNlIl1d?sha=9d02b3df09c9d9be\" alt=\"\" \/><img src=\"https:\/\/cdn.oxu.az\/uploads\/W1siZiIsIjIwMjEvMDEvMjEvMTMvNTUvMDUvYmRiNDhjZjgtNGE3NC00ZjQ5LTk0YmUtOTY2NTYxYWY5MDY3L2EyLmpwZyJdLFsicCIsImVuY29kZSIsImpwZyIsIi1xdWFsaXR5IDgwIl0sWyJwIiwidGh1bWIiLCI1OTB4NTkwXHUwMDNlIl1d?sha=e35b5dc6d8ed2829\" alt=\"\" \/><img src=\"https:\/\/cdn.oxu.az\/uploads\/W1siZiIsIjIwMjEvMDEvMjEvMTMvNTUvMDUvNmU0MGNjMTEtM2FiZC00YjBkLWE2OGQtZWZmODYwYjAxNWE1L2ExLmpwZyJdLFsicCIsImVuY29kZSIsImpwZyIsIi1xdWFsaXR5IDgwIl0sWyJwIiwidGh1bWIiLCI1OTB4NTkwXHUwMDNlIl1d?sha=37523511aa9be10d\" alt=\"\" \/><\/p>\n<p>&nbsp;<\/p>\n","protected":false},"excerpt":{"rendered":"<p>\u015eu\u015fada erm\u0259ni kils\u0259si olmay\u0131b. Bunu m\u0259d\u0259ni d\u0259y\u0259rl\u0259r \u00fczr\u0259 t\u0259dqiqat\u00e7\u0131 ekspert, Beyn\u0259lxalq Memarlar Akademiyas\u0131n\u0131n Moskva \u015f\u00f6b\u0259sinin professoru, Az\u0259rbaycan Memarlar \u0130ttifaq\u0131n\u0131n \u0130dar\u0259 Hey\u0259tinin \u00fczv\u00fc Faiq \u0130smay\u0131lov deyib. Onun s\u00f6zl\u0259rin\u0259 g\u00f6r\u0259, Erm\u0259nistan m\u0259tbuat\u0131 m\u00fct\u0259madi olaraq saxta d\u0259lill\u0259r g\u0259tir\u0259r\u0259k \u015eu\u015fa \u015f\u0259h\u0259rind\u0259 \u201cerm\u0259ni\u201d kils\u0259sinin az\u0259rbaycanl\u0131lar t\u0259r\u0259find\u0259n \u201cda\u011f\u0131d\u0131laca\u011f\u0131\u201d bar\u0259d\u0259 dezinformasiyalar yay\u0131r: \u201cErm\u0259nil\u0259r bel\u0259 bir \u015fayi\u0259 yay\u0131rlar ki, guya \u015eu\u015fa \u015f\u0259h\u0259rind\u0259 \u201cQazan\u00e7\u0131lar\u201d adland\u0131r\u0131lan kils\u0259 1722-ci ild\u0259 m\u00f6vcud olmu\u015f hans\u0131sa ba\u015fqa bir kils\u0259nin b\u00fcn\u00f6vr\u0259si \u00fcz\u0259rind\u0259 Nax\u00e7\u0131van\u0131n Qazan\u00e7\u0131 k\u0259ndind\u0259n g\u0259l\u0259n erm\u0259nil\u0259r t\u0259r\u0259find\u0259n in\u015fa edilmi\u015fdir. O zaman bel\u0259 bir sual yaran\u0131r, \u0259g\u0259r kils\u0259 erm\u0259nil\u0259r t\u0259r\u0259find\u0259n tikilirdis\u0259, niy\u0259 erm\u0259ni qriqoryan kils\u0259si&hellip;<\/p>\n","protected":false},"author":2,"featured_media":276542,"comment_status":"closed","ping_status":"closed","sticky":false,"template":"","format":"standard","meta":{"om_disable_all_campaigns":false,"_monsterinsights_skip_tracking":false,"_monsterinsights_sitenote_active":false,"_monsterinsights_sitenote_note":"","_monsterinsights_sitenote_category":0},"categories":[26],"tags":[],"aioseo_notices":[],"gutentor_comment":0,"rttpg_featured_image_url":{"full":["https:\/\/arantv.az\/wp-content\/uploads\/2021\/01\/qur.jpg",600,372,false],"landscape":["https:\/\/arantv.az\/wp-content\/uploads\/2021\/01\/qur.jpg",600,372,false],"portraits":["https:\/\/arantv.az\/wp-content\/uploads\/2021\/01\/qur.jpg",600,372,false],"thumbnail":["https:\/\/arantv.az\/wp-content\/uploads\/2021\/01\/qur-150x150.jpg",150,150,true],"medium":["https:\/\/arantv.az\/wp-content\/uploads\/2021\/01\/qur-300x186.jpg",300,186,true],"large":["https:\/\/arantv.az\/wp-content\/uploads\/2021\/01\/qur.jpg",600,372,false],"1536x1536":["https:\/\/arantv.az\/wp-content\/uploads\/2021\/01\/qur.jpg",600,372,false],"2048x2048":["https:\/\/arantv.az\/wp-content\/uploads\/2021\/01\/qur.jpg",600,372,false],"post-thumbnail":["https:\/\/arantv.az\/wp-content\/uploads\/2021\/01\/qur-240x172.jpg",240,172,true],"advps-thumb-one":["https:\/\/arantv.az\/wp-content\/uploads\/2021\/01\/qur.jpg",600,372,false]},"rttpg_author":{"display_name":"V\u00fcsal Rafiqo\u011flu","author_link":"https:\/\/arantv.az\/?author=2"},"rttpg_comment":0,"rttpg_category":"<a href=\"https:\/\/arantv.az\/?cat=26\" rel=\"category\">Sosial<\/a>","rttpg_excerpt":"\u015eu\u015fada erm\u0259ni kils\u0259si olmay\u0131b. Bunu m\u0259d\u0259ni d\u0259y\u0259rl\u0259r \u00fczr\u0259 t\u0259dqiqat\u00e7\u0131 ekspert, Beyn\u0259lxalq Memarlar Akademiyas\u0131n\u0131n Moskva \u015f\u00f6b\u0259sinin professoru, Az\u0259rbaycan Memarlar \u0130ttifaq\u0131n\u0131n \u0130dar\u0259 Hey\u0259tinin \u00fczv\u00fc Faiq \u0130smay\u0131lov deyib. Onun s\u00f6zl\u0259rin\u0259 g\u00f6r\u0259, Erm\u0259nistan m\u0259tbuat\u0131 m\u00fct\u0259madi olaraq saxta d\u0259lill\u0259r g\u0259tir\u0259r\u0259k \u015eu\u015fa \u015f\u0259h\u0259rind\u0259 \u201cerm\u0259ni\u201d kils\u0259sinin az\u0259rbaycanl\u0131lar t\u0259r\u0259find\u0259n \u201cda\u011f\u0131d\u0131laca\u011f\u0131\u201d bar\u0259d\u0259 dezinformasiyalar yay\u0131r: \u201cErm\u0259nil\u0259r bel\u0259 bir \u015fayi\u0259 yay\u0131rlar ki, guya \u015eu\u015fa \u015f\u0259h\u0259rind\u0259 \u201cQazan\u00e7\u0131lar\u201d&hellip;","_links":{"self":[{"href":"https:\/\/arantv.az\/index.php?rest_route=\/wp\/v2\/posts\/276541"}],"collection":[{"href":"https:\/\/arantv.az\/index.php?rest_route=\/wp\/v2\/posts"}],"about":[{"href":"https:\/\/arantv.az\/index.php?rest_route=\/wp\/v2\/types\/post"}],"author":[{"embeddable":true,"href":"https:\/\/arantv.az\/index.php?rest_route=\/wp\/v2\/users\/2"}],"replies":[{"embeddable":true,"href":"https:\/\/arantv.az\/index.php?rest_route=%2Fwp%2Fv2%2Fcomments&post=276541"}],"version-history":[{"count":0,"href":"https:\/\/arantv.az\/index.php?rest_route=\/wp\/v2\/posts\/276541\/revisions"}],"wp:featuredmedia":[{"embeddable":true,"href":"https:\/\/arantv.az\/index.php?rest_route=\/wp\/v2\/media\/276542"}],"wp:attachment":[{"href":"https:\/\/arantv.az\/index.php?rest_route=%2Fwp%2Fv2%2Fmedia&parent=276541"}],"wp:term":[{"taxonomy":"category","embeddable":true,"href":"https:\/\/arantv.az\/index.php?rest_route=%2Fwp%2Fv2%2Fcategories&post=276541"},{"taxonomy":"post_tag","embeddable":true,"href":"https:\/\/arantv.az\/index.php?rest_route=%2Fwp%2Fv2%2Ftags&post=276541"}],"curies":[{"name":"wp","href":"https:\/\/api.w.org\/{rel}","templated":true}]}}