{"id":276545,"date":"2021-01-21T14:33:19","date_gmt":"2021-01-21T11:33:19","guid":{"rendered":"http:\/\/arantv.az\/?p=276545"},"modified":"2021-01-21T14:33:19","modified_gmt":"2021-01-21T11:33:19","slug":"s%c9%99hid-polkovnikin-bacisi-qarabag-q%c9%99hr%c9%99manlari-il%c9%99-bagli-fond-yaradir","status":"publish","type":"post","link":"https:\/\/arantv.az\/?p=276545","title":{"rendered":"\u015e\u0259hid polkovnikin bac\u0131s\u0131 Qaraba\u011f q\u0259hr\u0259manlar\u0131 il\u0259 ba\u011fl\u0131 fond yarad\u0131r"},"content":{"rendered":"<p>Az\u0259rbaycan kitabxana sistemind\u0259 ilk d\u0259f\u0259 AMEA M\u0259rk\u0259zi Elmi Kitabxanas\u0131nda \u201cQaraba\u011f Q\u0259hr\u0259manlar\u0131\u201d fondu yarad\u0131lacaq.<\/p>\n<p>Bu bar\u0259d\u0259 M\u0259rk\u0259zi Elmi Kitabxana m\u0259lumat yay\u0131b.<\/p>\n<p>Bildirilib ki, fondda bu g\u00fcn\u0259 kimi Birinci v\u0259 \u0130kinci Qaraba\u011f M\u00fcharib\u0259sin\u0259 h\u0259sr olunmu\u015f, m\u00fcnaqi\u015f\u0259 m\u00fcdd\u0259tind\u0259 yaz\u0131lan kitablar, m\u0259qal\u0259l\u0259r, m\u00fcsahib\u0259l\u0259r, fotolar, televiziya verili\u015fl\u0259ri, s\u0259n\u0259dli v\u0259 b\u0259dii filml\u0259r toplan\u0131lacaq. H\u0259m\u00e7inin g\u0259l\u0259c\u0259kd\u0259 d\u0259 bu m\u00f6vzuya h\u0259sr olunacaq n\u0259\u015frl\u0259r fonda daxil edil\u0259r\u0259k oxucular\u0131n istifad\u0259sin\u0259 veril\u0259c\u0259k. Eyni zamanda, m\u00fcharib\u0259d\u0259 i\u015ftirak ed\u0259n Az\u0259rbaycan\u0131n \u015f\u0259hid olmu\u015f m\u0259rd o\u011fullar\u0131n\u0131n \u015f\u0259xsi kitabxanalar\u0131ndak\u0131 kitablar da fondda s\u0259rgil\u0259n\u0259c\u0259k.<\/p>\n<div id=\"AdviadNativeVideo0\" class=\"AdviadNativeVideo\"><\/div>\n<p>Bununla yana\u015f\u0131, fond M\u0259rk\u0259zi Elmi Kitabxanan\u0131n h\u0259m yerli, h\u0259m d\u0259 \u0259cn\u0259bi istifad\u0259\u00e7il\u0259rin\u0259 Az\u0259rbaycan tarixind\u0259 \u0259v\u0259zolunmaz izl\u0259r qoyan q\u0259hr\u0259manlar\u0131m\u0131z\u0131n yax\u0131ndan tan\u0131d\u0131lmas\u0131na \u015f\u0259rait yaradacaq.<\/p>\n<p>Fondun yarad\u0131lmas\u0131nda \u0259sas m\u0259qs\u0259d 30 il\u0259 yax\u0131n davam etmi\u015f Qaraba\u011f m\u00fcnaqi\u015f\u0259sin\u0259 h\u0259sr edil\u0259n s\u0259n\u0259dl\u0259ri sistemli \u015f\u0259kild\u0259 toplayaraq m\u00fchafiz\u0259 etm\u0259kdir.<\/p>\n<p>Qeyd ed\u0259k ki, yeni yarad\u0131lacaq fonda II Qaraba\u011f d\u00f6y\u00fc\u015fl\u0259rind\u0259 m\u0259rdlikl\u0259 i\u015ftirak etmi\u015f, 2020-ci il noyabr ay\u0131n\u0131n 23-\u00fc Suqovu\u015fan istiqam\u0259tind\u0259 minaya d\u00fc\u015f\u0259r\u0259k \u015f\u0259hid olmu\u015f Az\u0259rbaycan Ordusunun polkovniki Bab\u0259k S\u0259midlinin bac\u0131s\u0131, MEK-in \u0259m\u0259kda\u015f\u0131 R\u00f6ksan\u0259 S\u0259f\u0259rzad\u0259 r\u0259hb\u0259rlik ed\u0259c\u0259k.<\/p>\n","protected":false},"excerpt":{"rendered":"<p>Az\u0259rbaycan kitabxana sistemind\u0259 ilk d\u0259f\u0259 AMEA M\u0259rk\u0259zi Elmi Kitabxanas\u0131nda \u201cQaraba\u011f Q\u0259hr\u0259manlar\u0131\u201d fondu yarad\u0131lacaq. Bu bar\u0259d\u0259 M\u0259rk\u0259zi Elmi Kitabxana m\u0259lumat yay\u0131b. Bildirilib ki, fondda bu g\u00fcn\u0259 kimi Birinci v\u0259 \u0130kinci Qaraba\u011f M\u00fcharib\u0259sin\u0259 h\u0259sr olunmu\u015f, m\u00fcnaqi\u015f\u0259 m\u00fcdd\u0259tind\u0259 yaz\u0131lan kitablar, m\u0259qal\u0259l\u0259r, m\u00fcsahib\u0259l\u0259r, fotolar, televiziya verili\u015fl\u0259ri, s\u0259n\u0259dli v\u0259 b\u0259dii filml\u0259r toplan\u0131lacaq. H\u0259m\u00e7inin g\u0259l\u0259c\u0259kd\u0259 d\u0259 bu m\u00f6vzuya h\u0259sr olunacaq n\u0259\u015frl\u0259r fonda daxil edil\u0259r\u0259k oxucular\u0131n istifad\u0259sin\u0259 veril\u0259c\u0259k. Eyni zamanda, m\u00fcharib\u0259d\u0259 i\u015ftirak ed\u0259n Az\u0259rbaycan\u0131n \u015f\u0259hid olmu\u015f m\u0259rd o\u011fullar\u0131n\u0131n \u015f\u0259xsi kitabxanalar\u0131ndak\u0131 kitablar da fondda s\u0259rgil\u0259n\u0259c\u0259k. Bununla yana\u015f\u0131, fond M\u0259rk\u0259zi Elmi Kitabxanan\u0131n h\u0259m yerli, h\u0259m d\u0259 \u0259cn\u0259bi istifad\u0259\u00e7il\u0259rin\u0259 Az\u0259rbaycan&hellip;<\/p>\n","protected":false},"author":2,"featured_media":276546,"comment_status":"closed","ping_status":"closed","sticky":false,"template":"","format":"standard","meta":{"om_disable_all_campaigns":false,"_monsterinsights_skip_tracking":false,"_monsterinsights_sitenote_active":false,"_monsterinsights_sitenote_note":"","_monsterinsights_sitenote_category":0},"categories":[26],"tags":[],"aioseo_notices":[],"gutentor_comment":0,"rttpg_featured_image_url":{"full":["https:\/\/arantv.az\/wp-content\/uploads\/2021\/01\/M\u00c9_rk\u00c9_zi_Elmi_Kitabxanan\u00c4\u00b1n_binas\u00c4\u00b1.jpg",620,372,false],"landscape":["https:\/\/arantv.az\/wp-content\/uploads\/2021\/01\/M\u00c9_rk\u00c9_zi_Elmi_Kitabxanan\u00c4\u00b1n_binas\u00c4\u00b1.jpg",620,372,false],"portraits":["https:\/\/arantv.az\/wp-content\/uploads\/2021\/01\/M\u00c9_rk\u00c9_zi_Elmi_Kitabxanan\u00c4\u00b1n_binas\u00c4\u00b1.jpg",620,372,false],"thumbnail":["https:\/\/arantv.az\/wp-content\/uploads\/2021\/01\/M\u00c9_rk\u00c9_zi_Elmi_Kitabxanan\u00c4\u00b1n_binas\u00c4\u00b1-150x150.jpg",150,150,true],"medium":["https:\/\/arantv.az\/wp-content\/uploads\/2021\/01\/M\u00c9_rk\u00c9_zi_Elmi_Kitabxanan\u00c4\u00b1n_binas\u00c4\u00b1-300x180.jpg",300,180,true],"large":["https:\/\/arantv.az\/wp-content\/uploads\/2021\/01\/M\u00c9_rk\u00c9_zi_Elmi_Kitabxanan\u00c4\u00b1n_binas\u00c4\u00b1.jpg",620,372,false],"1536x1536":["https:\/\/arantv.az\/wp-content\/uploads\/2021\/01\/M\u00c9_rk\u00c9_zi_Elmi_Kitabxanan\u00c4\u00b1n_binas\u00c4\u00b1.jpg",620,372,false],"2048x2048":["https:\/\/arantv.az\/wp-content\/uploads\/2021\/01\/M\u00c9_rk\u00c9_zi_Elmi_Kitabxanan\u00c4\u00b1n_binas\u00c4\u00b1.jpg",620,372,false],"post-thumbnail":["https:\/\/arantv.az\/wp-content\/uploads\/2021\/01\/M\u00c9_rk\u00c9_zi_Elmi_Kitabxanan\u00c4\u00b1n_binas\u00c4\u00b1-240x172.jpg",240,172,true],"advps-thumb-one":["https:\/\/arantv.az\/wp-content\/uploads\/2021\/01\/M\u00c9_rk\u00c9_zi_Elmi_Kitabxanan\u00c4\u00b1n_binas\u00c4\u00b1.jpg",620,372,false]},"rttpg_author":{"display_name":"V\u00fcsal Rafiqo\u011flu","author_link":"https:\/\/arantv.az\/?author=2"},"rttpg_comment":0,"rttpg_category":"<a href=\"https:\/\/arantv.az\/?cat=26\" rel=\"category\">Sosial<\/a>","rttpg_excerpt":"Az\u0259rbaycan kitabxana sistemind\u0259 ilk d\u0259f\u0259 AMEA M\u0259rk\u0259zi Elmi Kitabxanas\u0131nda \u201cQaraba\u011f Q\u0259hr\u0259manlar\u0131\u201d fondu yarad\u0131lacaq. Bu bar\u0259d\u0259 M\u0259rk\u0259zi Elmi Kitabxana m\u0259lumat yay\u0131b. Bildirilib ki, fondda bu g\u00fcn\u0259 kimi Birinci v\u0259 \u0130kinci Qaraba\u011f M\u00fcharib\u0259sin\u0259 h\u0259sr olunmu\u015f, m\u00fcnaqi\u015f\u0259 m\u00fcdd\u0259tind\u0259 yaz\u0131lan kitablar, m\u0259qal\u0259l\u0259r, m\u00fcsahib\u0259l\u0259r, fotolar, televiziya verili\u015fl\u0259ri, s\u0259n\u0259dli v\u0259 b\u0259dii filml\u0259r toplan\u0131lacaq. H\u0259m\u00e7inin g\u0259l\u0259c\u0259kd\u0259 d\u0259 bu m\u00f6vzuya h\u0259sr olunacaq n\u0259\u015frl\u0259r&hellip;","_links":{"self":[{"href":"https:\/\/arantv.az\/index.php?rest_route=\/wp\/v2\/posts\/276545"}],"collection":[{"href":"https:\/\/arantv.az\/index.php?rest_route=\/wp\/v2\/posts"}],"about":[{"href":"https:\/\/arantv.az\/index.php?rest_route=\/wp\/v2\/types\/post"}],"author":[{"embeddable":true,"href":"https:\/\/arantv.az\/index.php?rest_route=\/wp\/v2\/users\/2"}],"replies":[{"embeddable":true,"href":"https:\/\/arantv.az\/index.php?rest_route=%2Fwp%2Fv2%2Fcomments&post=276545"}],"version-history":[{"count":0,"href":"https:\/\/arantv.az\/index.php?rest_route=\/wp\/v2\/posts\/276545\/revisions"}],"wp:featuredmedia":[{"embeddable":true,"href":"https:\/\/arantv.az\/index.php?rest_route=\/wp\/v2\/media\/276546"}],"wp:attachment":[{"href":"https:\/\/arantv.az\/index.php?rest_route=%2Fwp%2Fv2%2Fmedia&parent=276545"}],"wp:term":[{"taxonomy":"category","embeddable":true,"href":"https:\/\/arantv.az\/index.php?rest_route=%2Fwp%2Fv2%2Fcategories&post=276545"},{"taxonomy":"post_tag","embeddable":true,"href":"https:\/\/arantv.az\/index.php?rest_route=%2Fwp%2Fv2%2Ftags&post=276545"}],"curies":[{"name":"wp","href":"https:\/\/api.w.org\/{rel}","templated":true}]}}