{"id":276549,"date":"2021-01-21T14:35:01","date_gmt":"2021-01-21T11:35:01","guid":{"rendered":"http:\/\/arantv.az\/?p=276549"},"modified":"2021-01-21T14:35:01","modified_gmt":"2021-01-21T11:35:01","slug":"s%c9%99hid-b%c9%99hr%c9%99m-v%c9%99-iman-qardaslarinin-ail%c9%99si-il%c9%99-son-videosu-yayildi","status":"publish","type":"post","link":"https:\/\/arantv.az\/?p=276549","title":{"rendered":"\u015e\u0259hid B\u0259hr\u0259m v\u0259 \u0130man qarda\u015flar\u0131n\u0131n ail\u0259si il\u0259 SON V\u0130DEOSU YAYILDI"},"content":{"rendered":"<p>Sosial \u015f\u0259b\u0259k\u0259l\u0259rd\u0259 bir g\u00fcnd\u0259 \u015f\u0259hid olan B\u0259hr\u0259m v\u0259 \u0130man qarda\u015flar\u0131n\u0131n ail\u0259si il\u0259 son videosu yay\u0131l\u0131b.<\/p>\n<p><strong>ARANTV.AZ<\/strong>\u00a0\u00a0<a title=\"en son xeberler 2020\" href=\"https:\/\/sonxeber.az\/\" target=\"_blank\" rel=\"noopener\">Sonxeber.az<\/a>-a istinad\u0259n s\u00f6z\u00fcged\u0259n videonu t\u0259qdim edir. G\u00f6r\u00fcnt\u00fcl\u0259rd\u0259 qarda\u015flar\u0131n ail\u0259si v\u0259 yax\u0131nlar\u0131 il\u0259 birg\u0259 masa arxas\u0131nda \u0259yl\u0259\u015fdiyi g\u00f6r\u00fcn\u00fcr.<\/p>\n<div id=\"AdviadNativeVideo0\" class=\"AdviadNativeVideo\"><\/div>\n<p>Qeyd ed\u0259k ki, qarda\u015flar Rusiyada ali m\u0259kt\u0259bi bitirdikd\u0259n sonra Bak\u0131ya g\u0259libl\u0259r. H\u0259rbi xidm\u0259t\u0259 getm\u0259y\u0259 bir il qalsa da, h\u0259rbi komissarl\u0131\u011fa gedib qeydiyyata d\u00fc\u015f\u00fcbl\u0259r. Sentyabr\u0131n 27-d\u0259 d\u00f6y\u00fc\u015fl\u0259r ba\u015flayanda ilk olaraq c\u0259bh\u0259y\u0259 ged\u0259nl\u0259rd\u0259n olublar. \u015e\u0259hid olduqlar\u0131 vaxt is\u0259 onlar\u0131n h\u0259rbi xidm\u0259ti ba\u015fa vurub g\u0259lm\u0259kl\u0259rin\u0259 iki ay qal\u0131rd\u0131. Qusar rayonunda h\u0259rbid\u0259 eyni b\u00f6l\u00fckd\u0259 olublar v\u0259 ilk olaraq B\u0259hr\u0259m k\u0259\u015ffiyyat\u00e7\u0131 olub, bu s\u0259b\u0259bd\u0259n \u0130man da k\u0259\u015ffiyyat b\u00f6l\u00fcy\u00fcn\u0259 ke\u00e7ib.<\/p>\n<div class=\"embed-responsive embed-responsive-16by9\"><iframe loading=\"lazy\" id=\"nmqembedid\" class=\"embed-responsive-item\" title=\"video player\" src=\"https:\/\/izle.az\/embed\/y0y3dfYOCfMLN8gJNK0CAA~~\" width=\"600\" height=\"340\" frameborder=\"0\" scrolling=\"no\" allowfullscreen=\"allowfullscreen\" data-mce-fragment=\"1\"><\/iframe><\/div>\n<p>&nbsp;<\/p>\n","protected":false},"excerpt":{"rendered":"<p>Sosial \u015f\u0259b\u0259k\u0259l\u0259rd\u0259 bir g\u00fcnd\u0259 \u015f\u0259hid olan B\u0259hr\u0259m v\u0259 \u0130man qarda\u015flar\u0131n\u0131n ail\u0259si il\u0259 son videosu yay\u0131l\u0131b. ARANTV.AZ\u00a0\u00a0Sonxeber.az-a istinad\u0259n s\u00f6z\u00fcged\u0259n videonu t\u0259qdim edir. G\u00f6r\u00fcnt\u00fcl\u0259rd\u0259 qarda\u015flar\u0131n ail\u0259si v\u0259 yax\u0131nlar\u0131 il\u0259 birg\u0259 masa arxas\u0131nda \u0259yl\u0259\u015fdiyi g\u00f6r\u00fcn\u00fcr. Qeyd ed\u0259k ki, qarda\u015flar Rusiyada ali m\u0259kt\u0259bi bitirdikd\u0259n sonra Bak\u0131ya g\u0259libl\u0259r. H\u0259rbi xidm\u0259t\u0259 getm\u0259y\u0259 bir il qalsa da, h\u0259rbi komissarl\u0131\u011fa gedib qeydiyyata d\u00fc\u015f\u00fcbl\u0259r. Sentyabr\u0131n 27-d\u0259 d\u00f6y\u00fc\u015fl\u0259r ba\u015flayanda ilk olaraq c\u0259bh\u0259y\u0259 ged\u0259nl\u0259rd\u0259n olublar. \u015e\u0259hid olduqlar\u0131 vaxt is\u0259 onlar\u0131n h\u0259rbi xidm\u0259ti ba\u015fa vurub g\u0259lm\u0259kl\u0259rin\u0259 iki ay qal\u0131rd\u0131. Qusar rayonunda h\u0259rbid\u0259 eyni b\u00f6l\u00fckd\u0259 olublar v\u0259 ilk olaraq B\u0259hr\u0259m k\u0259\u015ffiyyat\u00e7\u0131 olub, bu&hellip;<\/p>\n","protected":false},"author":2,"featured_media":276550,"comment_status":"closed","ping_status":"closed","sticky":false,"template":"","format":"standard","meta":{"om_disable_all_campaigns":false,"_monsterinsights_skip_tracking":false,"_monsterinsights_sitenote_active":false,"_monsterinsights_sitenote_note":"","_monsterinsights_sitenote_category":0},"categories":[26],"tags":[],"aioseo_notices":[],"gutentor_comment":0,"rttpg_featured_image_url":{"full":["https:\/\/arantv.az\/wp-content\/uploads\/2021\/01\/xbxb.png",525,423,false],"landscape":["https:\/\/arantv.az\/wp-content\/uploads\/2021\/01\/xbxb.png",525,423,false],"portraits":["https:\/\/arantv.az\/wp-content\/uploads\/2021\/01\/xbxb.png",525,423,false],"thumbnail":["https:\/\/arantv.az\/wp-content\/uploads\/2021\/01\/xbxb-150x150.png",150,150,true],"medium":["https:\/\/arantv.az\/wp-content\/uploads\/2021\/01\/xbxb-300x242.png",300,242,true],"large":["https:\/\/arantv.az\/wp-content\/uploads\/2021\/01\/xbxb.png",525,423,false],"1536x1536":["https:\/\/arantv.az\/wp-content\/uploads\/2021\/01\/xbxb.png",525,423,false],"2048x2048":["https:\/\/arantv.az\/wp-content\/uploads\/2021\/01\/xbxb.png",525,423,false],"post-thumbnail":["https:\/\/arantv.az\/wp-content\/uploads\/2021\/01\/xbxb-240x172.png",240,172,true],"advps-thumb-one":["https:\/\/arantv.az\/wp-content\/uploads\/2021\/01\/xbxb.png",525,423,false]},"rttpg_author":{"display_name":"V\u00fcsal Rafiqo\u011flu","author_link":"https:\/\/arantv.az\/?author=2"},"rttpg_comment":0,"rttpg_category":"<a href=\"https:\/\/arantv.az\/?cat=26\" rel=\"category\">Sosial<\/a>","rttpg_excerpt":"Sosial \u015f\u0259b\u0259k\u0259l\u0259rd\u0259 bir g\u00fcnd\u0259 \u015f\u0259hid olan B\u0259hr\u0259m v\u0259 \u0130man qarda\u015flar\u0131n\u0131n ail\u0259si il\u0259 son videosu yay\u0131l\u0131b. ARANTV.AZ\u00a0\u00a0Sonxeber.az-a istinad\u0259n s\u00f6z\u00fcged\u0259n videonu t\u0259qdim edir. G\u00f6r\u00fcnt\u00fcl\u0259rd\u0259 qarda\u015flar\u0131n ail\u0259si v\u0259 yax\u0131nlar\u0131 il\u0259 birg\u0259 masa arxas\u0131nda \u0259yl\u0259\u015fdiyi g\u00f6r\u00fcn\u00fcr. Qeyd ed\u0259k ki, qarda\u015flar Rusiyada ali m\u0259kt\u0259bi bitirdikd\u0259n sonra Bak\u0131ya g\u0259libl\u0259r. H\u0259rbi xidm\u0259t\u0259 getm\u0259y\u0259 bir il qalsa da, h\u0259rbi komissarl\u0131\u011fa gedib qeydiyyata d\u00fc\u015f\u00fcbl\u0259r.&hellip;","_links":{"self":[{"href":"https:\/\/arantv.az\/index.php?rest_route=\/wp\/v2\/posts\/276549"}],"collection":[{"href":"https:\/\/arantv.az\/index.php?rest_route=\/wp\/v2\/posts"}],"about":[{"href":"https:\/\/arantv.az\/index.php?rest_route=\/wp\/v2\/types\/post"}],"author":[{"embeddable":true,"href":"https:\/\/arantv.az\/index.php?rest_route=\/wp\/v2\/users\/2"}],"replies":[{"embeddable":true,"href":"https:\/\/arantv.az\/index.php?rest_route=%2Fwp%2Fv2%2Fcomments&post=276549"}],"version-history":[{"count":0,"href":"https:\/\/arantv.az\/index.php?rest_route=\/wp\/v2\/posts\/276549\/revisions"}],"wp:featuredmedia":[{"embeddable":true,"href":"https:\/\/arantv.az\/index.php?rest_route=\/wp\/v2\/media\/276550"}],"wp:attachment":[{"href":"https:\/\/arantv.az\/index.php?rest_route=%2Fwp%2Fv2%2Fmedia&parent=276549"}],"wp:term":[{"taxonomy":"category","embeddable":true,"href":"https:\/\/arantv.az\/index.php?rest_route=%2Fwp%2Fv2%2Fcategories&post=276549"},{"taxonomy":"post_tag","embeddable":true,"href":"https:\/\/arantv.az\/index.php?rest_route=%2Fwp%2Fv2%2Ftags&post=276549"}],"curies":[{"name":"wp","href":"https:\/\/api.w.org\/{rel}","templated":true}]}}