{"id":276553,"date":"2021-01-21T14:37:03","date_gmt":"2021-01-21T11:37:03","guid":{"rendered":"http:\/\/arantv.az\/?p=276553"},"modified":"2021-01-21T14:37:03","modified_gmt":"2021-01-21T11:37:03","slug":"turk-ordusu-daha-3-terrorcunu-z%c9%99r%c9%99rsizl%c9%99sdirdi","status":"publish","type":"post","link":"https:\/\/arantv.az\/?p=276553","title":{"rendered":"T\u00fcrk ordusu daha 3 terror\u00e7unu z\u0259r\u0259rsizl\u0259\u015fdirdi"},"content":{"rendered":"<p>T\u00fcrkiy\u0259 ordusu\u00a0 Tel R\u0131fat b\u00f6lg\u0259sind\u0259n F\u0259rat Qalxan\u0131 \u0259razisin\u0259 h\u00fccum etm\u0259k ist\u0259y\u0259n 3 PKK \/ YPG terror\u00e7usu z\u0259r\u0259rsizl\u0259\u015fdirib.<\/p>\n<p><strong>ARANTV.AZ<\/strong>\u00a0 unikal.org-a istinad\u0259n bildirir ki, bu bar\u0259d\u0259 Milli M\u00fcdafi\u0259 Nazirliyi m\u0259lumat yay\u0131b.<\/p>\n<p>Nazirliyin &#8220;Twitter&#8221; hesab\u0131nda edil\u0259n a\u00e7\u0131qlamada, &#8220;Tel R\u0131fat b\u00f6lg\u0259sind\u0259n at\u0259\u015f a\u00e7araq F\u0259rat Qalxan\u0131 b\u00f6lg\u0259sin\u0259 h\u00fccum etm\u0259y\u0259 c\u0259hd g\u00f6st\u0259r\u0259n 3 PKK \/ YPG terror\u00e7usunun Q\u0259hr\u0259man Komandolar\u0131m\u0131z\u0131n cavab\u0131 il\u0259 z\u0259r\u0259rsizl\u0259\u015fdirildiyi&#8221;, qeyd edilib.<\/p>\n","protected":false},"excerpt":{"rendered":"<p>T\u00fcrkiy\u0259 ordusu\u00a0 Tel R\u0131fat b\u00f6lg\u0259sind\u0259n F\u0259rat Qalxan\u0131 \u0259razisin\u0259 h\u00fccum etm\u0259k ist\u0259y\u0259n 3 PKK \/ YPG terror\u00e7usu z\u0259r\u0259rsizl\u0259\u015fdirib. ARANTV.AZ\u00a0 unikal.org-a istinad\u0259n bildirir ki, bu bar\u0259d\u0259 Milli M\u00fcdafi\u0259 Nazirliyi m\u0259lumat yay\u0131b. Nazirliyin &#8220;Twitter&#8221; hesab\u0131nda edil\u0259n a\u00e7\u0131qlamada, &#8220;Tel R\u0131fat b\u00f6lg\u0259sind\u0259n at\u0259\u015f a\u00e7araq F\u0259rat Qalxan\u0131 b\u00f6lg\u0259sin\u0259 h\u00fccum etm\u0259y\u0259 c\u0259hd g\u00f6st\u0259r\u0259n 3 PKK \/ YPG terror\u00e7usunun Q\u0259hr\u0259man Komandolar\u0131m\u0131z\u0131n cavab\u0131 il\u0259 z\u0259r\u0259rsizl\u0259\u015fdirildiyi&#8221;, qeyd edilib.<\/p>\n","protected":false},"author":2,"featured_media":276554,"comment_status":"closed","ping_status":"closed","sticky":false,"template":"","format":"standard","meta":{"om_disable_all_campaigns":false,"_monsterinsights_skip_tracking":false,"_monsterinsights_sitenote_active":false,"_monsterinsights_sitenote_note":"","_monsterinsights_sitenote_category":0},"categories":[7],"tags":[],"aioseo_notices":[],"gutentor_comment":0,"rttpg_featured_image_url":{"full":["https:\/\/arantv.az\/wp-content\/uploads\/2021\/01\/915504.jpg",800,600,false],"landscape":["https:\/\/arantv.az\/wp-content\/uploads\/2021\/01\/915504.jpg",800,600,false],"portraits":["https:\/\/arantv.az\/wp-content\/uploads\/2021\/01\/915504.jpg",800,600,false],"thumbnail":["https:\/\/arantv.az\/wp-content\/uploads\/2021\/01\/915504-150x150.jpg",150,150,true],"medium":["https:\/\/arantv.az\/wp-content\/uploads\/2021\/01\/915504-300x225.jpg",300,225,true],"large":["https:\/\/arantv.az\/wp-content\/uploads\/2021\/01\/915504.jpg",640,480,false],"1536x1536":["https:\/\/arantv.az\/wp-content\/uploads\/2021\/01\/915504.jpg",800,600,false],"2048x2048":["https:\/\/arantv.az\/wp-content\/uploads\/2021\/01\/915504.jpg",800,600,false],"post-thumbnail":["https:\/\/arantv.az\/wp-content\/uploads\/2021\/01\/915504-240x172.jpg",240,172,true],"advps-thumb-one":["https:\/\/arantv.az\/wp-content\/uploads\/2021\/01\/915504.jpg",800,600,false]},"rttpg_author":{"display_name":"V\u00fcsal Rafiqo\u011flu","author_link":"https:\/\/arantv.az\/?author=2"},"rttpg_comment":0,"rttpg_category":"<a href=\"https:\/\/arantv.az\/?cat=7\" rel=\"category\">D\u00fcnya<\/a>","rttpg_excerpt":"T\u00fcrkiy\u0259 ordusu\u00a0 Tel R\u0131fat b\u00f6lg\u0259sind\u0259n F\u0259rat Qalxan\u0131 \u0259razisin\u0259 h\u00fccum etm\u0259k ist\u0259y\u0259n 3 PKK \/ YPG terror\u00e7usu z\u0259r\u0259rsizl\u0259\u015fdirib. ARANTV.AZ\u00a0 unikal.org-a istinad\u0259n bildirir ki, bu bar\u0259d\u0259 Milli M\u00fcdafi\u0259 Nazirliyi m\u0259lumat yay\u0131b. Nazirliyin &#8220;Twitter&#8221; hesab\u0131nda edil\u0259n a\u00e7\u0131qlamada, &#8220;Tel R\u0131fat b\u00f6lg\u0259sind\u0259n at\u0259\u015f a\u00e7araq F\u0259rat Qalxan\u0131 b\u00f6lg\u0259sin\u0259 h\u00fccum etm\u0259y\u0259 c\u0259hd g\u00f6st\u0259r\u0259n 3 PKK \/ YPG terror\u00e7usunun Q\u0259hr\u0259man Komandolar\u0131m\u0131z\u0131n cavab\u0131 il\u0259&hellip;","_links":{"self":[{"href":"https:\/\/arantv.az\/index.php?rest_route=\/wp\/v2\/posts\/276553"}],"collection":[{"href":"https:\/\/arantv.az\/index.php?rest_route=\/wp\/v2\/posts"}],"about":[{"href":"https:\/\/arantv.az\/index.php?rest_route=\/wp\/v2\/types\/post"}],"author":[{"embeddable":true,"href":"https:\/\/arantv.az\/index.php?rest_route=\/wp\/v2\/users\/2"}],"replies":[{"embeddable":true,"href":"https:\/\/arantv.az\/index.php?rest_route=%2Fwp%2Fv2%2Fcomments&post=276553"}],"version-history":[{"count":0,"href":"https:\/\/arantv.az\/index.php?rest_route=\/wp\/v2\/posts\/276553\/revisions"}],"wp:featuredmedia":[{"embeddable":true,"href":"https:\/\/arantv.az\/index.php?rest_route=\/wp\/v2\/media\/276554"}],"wp:attachment":[{"href":"https:\/\/arantv.az\/index.php?rest_route=%2Fwp%2Fv2%2Fmedia&parent=276553"}],"wp:term":[{"taxonomy":"category","embeddable":true,"href":"https:\/\/arantv.az\/index.php?rest_route=%2Fwp%2Fv2%2Fcategories&post=276553"},{"taxonomy":"post_tag","embeddable":true,"href":"https:\/\/arantv.az\/index.php?rest_route=%2Fwp%2Fv2%2Ftags&post=276553"}],"curies":[{"name":"wp","href":"https:\/\/api.w.org\/{rel}","templated":true}]}}