{"id":276562,"date":"2021-01-21T14:40:07","date_gmt":"2021-01-21T11:40:07","guid":{"rendered":"http:\/\/arantv.az\/?p=276562"},"modified":"2021-01-21T14:40:07","modified_gmt":"2021-01-21T11:40:07","slug":"vuqar-r%c9%99himzad%c9%99-idar%c9%99etm%c9%99d%c9%99-cevikliyin-v%c9%99-s%c9%99m%c9%99r%c9%99liliyin-artirilmasi-h%c9%99d%c9%99fl%c9%99r%c9%99-qisa-zamanda-catmagi-stimullasdiracaq","status":"publish","type":"post","link":"https:\/\/arantv.az\/?p=276562","title":{"rendered":"V\u00fcqar R\u0259himzad\u0259: \u0130dar\u0259etm\u0259d\u0259 \u00e7evikliyin v\u0259 s\u0259m\u0259r\u0259liliyin art\u0131r\u0131lmas\u0131 h\u0259d\u0259fl\u0259r\u0259 q\u0131sa zamanda \u00e7atma\u011f\u0131 stimulla\u015fd\u0131racaq"},"content":{"rendered":"<p>\u201c44 g\u00fcn davam ed\u0259n, amma b\u00fct\u00fcn tarixboyu dan\u0131\u015f\u0131lacaq Z\u0259f\u0259rimizl\u0259 ba\u015fa \u00e7atan \u0130kinci Qaraba\u011f m\u00fcharib\u0259sind\u0259n sonra art\u0131q \u00f6lk\u0259mizin h\u0259yat\u0131nda yeni m\u0259rh\u0259l\u0259-quruculuq, inki\u015faf, i\u015f\u011faldan azad edilmi\u015f torpaqlar\u0131m\u0131z\u0131n b\u0259rpas\u0131 d\u00f6vr\u00fc ba\u015flay\u0131r. \u00a0M\u00f6ht\u0259r\u0259m Prezidentimiz, Ali Ba\u015f Komandan \u0130lham \u018fliyev ist\u0259r V\u0259t\u0259n m\u00fcharib\u0259si d\u00f6vr\u00fcnd\u0259 c\u0259bh\u0259d\u0259n g\u0259l\u0259n q\u0259l\u0259b\u0259 x\u0259b\u0259rl\u0259rini xalqa \u00e7atd\u0131rark\u0259n, ist\u0259r xarici m\u0259tbuata m\u00fcsahib\u0259l\u0259rind\u0259, ist\u0259r Az\u0259rbaycan\u0131n h\u0259rbi-siyasi Q\u0259l\u0259b\u0259sinin t\u0259sdiqi olan 10 noyabr \u00fc\u00e7t\u0259r\u0259fli raz\u0131la\u015fmas\u0131ndan sonra, ist\u0259rs\u0259 d\u0259 Z\u0259f\u0259r sevincini b\u00f6l\u00fc\u015fm\u0259k \u00fc\u00e7\u00fcn i\u015f\u011faldan azad edilmi\u015f \u015f\u0259h\u0259r v\u0259 k\u0259ndl\u0259rimiz\u0259 s\u0259f\u0259rl\u0259ri zaman\u0131 bu \u0259minliyi ifad\u0259 etmi\u015fdir ki, Qaraba\u011f b\u00f6lg\u0259sind\u0259 c\u0259nn\u0259t yaradaca\u011f\u0131q. Xalq\u0131m\u0131z buna layiqdir. B\u00f6y\u00fck qay\u0131d\u0131\u015f proqram\u0131 haz\u0131rlan\u0131r. Tezlikl\u0259 Az\u0259rbaycan xalq\u0131 v\u0259 b\u00fct\u00fcn d\u00fcnya \u00a0i\u015f\u011faldan azad olunmu\u015f, dir\u00e7\u0259ldilmi\u015f \u015f\u0259h\u0259rl\u0259rimizi, k\u0259ndl\u0259rimizi g\u00f6r\u0259c\u0259k, xarici qonaqlar bu \u0259razil\u0259rimizi ziyar\u0259t etm\u0259y\u0259 maraq g\u00f6st\u0259r\u0259c\u0259k, bir s\u00f6zl\u0259, inki\u015faf modeli daim d\u00fcnyaya n\u00fcmun\u0259 olan Az\u0259rbaycan\u0131n h\u0259yat\u0131nda yeni m\u0259rh\u0259l\u0259 ba\u015flayacaq. Da\u011fl\u0131q Qaraba\u011f m\u00fcnaqi\u015f\u0259si gerid\u0259 qalmaqla Az\u0259rbaycan\u0131n yeni iqtisadi v\u0259 sosial inki\u015faf konsepsiyas\u0131n\u0131n haz\u0131rlanmas\u0131n\u0131 v\u0259 u\u011furlu icras\u0131n\u0131 \u015f\u0259rtl\u0259ndirdi.\u00bb<\/p>\n<p><strong>Bu fikirl\u0259ri Yeni Az\u0259rbaycan Partiyas\u0131 Siyasi \u015euras\u0131n\u0131n \u00fczv\u00fc, \u201c\u0130ki sahil\u201d q\u0259zetinin ba\u015f redaktoru, siyasi elml\u0259r doktoru V\u00fcqar R\u0259himzad\u0259 K\u0130V-\u0259 a\u00e7\u0131qlamas\u0131nda bildirib.<\/strong><\/p>\n<p>V.R\u0259himzad\u0259 qeyd edib ki, d\u00f6vl\u0259timizin ba\u015f\u00e7\u0131s\u0131 \u0130lham \u018fliyevin tap\u015f\u0131r\u0131qlar\u0131na uy\u011fun olaraq b\u00fct\u00fcn \u015f\u0259h\u0259rl\u0259rin, k\u0259ndl\u0259rin b\u0259rpas\u0131 vahid konsepsiya \u0259sas\u0131nda h\u0259yata ke\u00e7iril\u0259c\u0259k: \u00abAz\u0259rbaycan\u0131n h\u0259r bir b\u00f6lg\u0259si kimi, i\u015f\u011faldan azad edilmi\u015f \u0259razil\u0259rimiz d\u0259 z\u0259ngin potensiala malikdir. D\u00f6vl\u0259timiz t\u0259r\u0259find\u0259n h\u0259yata ke\u00e7iril\u0259c\u0259k t\u0259dbirl\u0259r, h\u0259min rayonlar\u0131n iqtisadi potensial\u0131 \u00f6lk\u0259y\u0259, x\u00fcsusil\u0259 d\u0259 qeyri-neft sektoruna yeni yerli v\u0259 xarici investisiyalar\u0131n c\u0259lb olunmas\u0131na z\u0259min yaradacaq. \u0130\u015f\u011faldan azad olunmu\u015f \u0259razil\u0259rin b\u0259rpas\u0131 v\u0259 inki\u015faf\u0131 il\u0259 ba\u011fl\u0131 kompleks yana\u015fman\u0131 t\u0259min etm\u0259k \u00fc\u00e7\u00fcn d\u00f6rd m\u0259rh\u0259l\u0259d\u0259 f\u0259aliyy\u0259tin h\u0259yata ke\u00e7irilm\u0259si n\u0259z\u0259rd\u0259 tutulur. \u0130lkin m\u0259rh\u0259l\u0259 idar\u0259etm\u0259 v\u0259 t\u0259hl\u00fck\u0259sizlik, infrastruktur m\u0259s\u0259l\u0259l\u0259rinin h\u0259llini, n\u00f6vb\u0259ti m\u0259rh\u0259l\u0259l\u0259r is\u0259 sosial xidm\u0259tl\u0259rin f\u0259aliyy\u0259tini, iqtisadiyyat\u0131n yenid\u0259n qurulmas\u0131 v\u0259 inki\u015faf\u0131 m\u0259s\u0259l\u0259l\u0259rini \u00f6z\u00fcnd\u0259 ehtiva edir. H\u0259r bir b\u00f6lg\u0259mizin t\u0259bii ehtiyatlar\u0131, \u0259n\u0259n\u0259vi iqtisadiyyat sah\u0259l\u0259ri, n\u0259qliyyat qov\u015faqlar\u0131na, o c\u00fcml\u0259d\u0259n yenid\u0259n b\u0259rpa olunan n\u0259qliyyat d\u0259hlizl\u0259rin\u0259 v\u0259 art\u0131q tikintisin\u0259 ba\u015flan\u0131lm\u0131\u015f avtomobil v\u0259 d\u0259mir yollar\u0131na yax\u0131nl\u0131\u011f\u0131 n\u0259z\u0259r\u0259 al\u0131naraq onlar\u0131n ixtisasla\u015fmas\u0131 n\u0259z\u0259rd\u0259 tutulub. Azad edilmi\u015f torpaqlarda \u0259sas f\u0259aliyy\u0259t sah\u0259l\u0259ri kimi aqrar sektor, k\u0259nd t\u0259s\u0259rr\u00fcfat\u0131 m\u0259hsullar\u0131n\u0131n emal\u0131 v\u0259 turizm sah\u0259l\u0259ri m\u00fc\u0259yy\u0259nl\u0259\u015fdirilib. M\u0259lumdur ki, Prezident \u0130lham \u018fliyevin 2020-ci il 24 noyabr tarixli S\u0259r\u0259ncam\u0131na \u0259sas\u0259n, i\u015f\u011faldan azad edilmi\u015f \u0259razil\u0259rd\u0259 m\u0259s\u0259l\u0259l\u0259rin m\u0259rk\u0259zl\u0259\u015fdirilmi\u015f qaydada h\u0259lli il\u0259 ba\u011fl\u0131 \u018flaq\u0259l\u0259ndirm\u0259 Q\u0259rargah\u0131 yarad\u0131l\u0131b. \u0130\u015fin t\u0259\u015fkilini t\u0259min etm\u0259k m\u0259qs\u0259dil\u0259 \u018flaq\u0259l\u0259ndirm\u0259 Q\u0259rargah\u0131 n\u0259zdind\u0259 idar\u0259l\u0259raras\u0131 m\u0259rk\u0259z, m\u0259rk\u0259zin n\u0259zdind\u0259 16 i\u015f\u00e7i qrupu formala\u015fd\u0131r\u0131l\u0131b. \u0130\u015f\u00e7i qruplar\u0131nda 55 d\u00f6vl\u0259t qurumunun n\u00fcmay\u0259nd\u0259si i\u015ftirak edir. B\u00fct\u00fcn i\u015fl\u0259r planl\u0131 v\u0259 kompleks yana\u015fma \u0259sas\u0131nda h\u0259yata ke\u00e7irilir.\u00bb<\/p>\n<p>Ba\u015f redaktor vur\u011fulay\u0131b ki, 30 il\u0259 yax\u0131n m\u00fcdd\u0259td\u0259 i\u015f\u011fal alt\u0131nda qalan bu torpaqlar\u0131m\u0131zda erm\u0259nil\u0259rin t\u00f6r\u0259tdikl\u0259ri v\u0259h\u015filiyin, vandalizm aktlar\u0131n\u0131n miqyas\u0131 \u00f6l\u00e7\u00fcy\u0259g\u0259lm\u0259zdir: \u00abYa\u015fay\u0131\u015f binalar\u0131, tarixi v\u0259 dini abid\u0259l\u0259rimiz da\u011f\u0131d\u0131lm\u0131\u015f, infrastruktur tamamil\u0259 yerl\u0259-yeksan edilmi\u015f, h\u0259tta 10 noyabr raz\u0131la\u015fmas\u0131na uy\u011fun olaraq K\u0259lb\u0259c\u0259r, La\u00e7\u0131n, A\u011fdam rayonlar\u0131 bo\u015fald\u0131lan zaman erm\u0259nil\u0259r evl\u0259ri, a\u011faclar\u0131 yand\u0131raraq ekoloji terror aktlar\u0131 t\u00f6r\u0259tmi\u015fl\u0259r. D\u00f6vl\u0259timizin ba\u015f\u00e7\u0131s\u0131 \u0130lham \u018fliyev bug\u00fcnl\u0259rd\u0259 T\u00fcrkdilli D\u00f6vl\u0259tl\u0259rin \u018fm\u0259kda\u015fl\u0131q \u015euras\u0131n\u0131n Ba\u015f katibi Ba\u011fdad Amreyevi videoformatda q\u0259bul ed\u0259rk\u0259n bir daha diqq\u0259ti erm\u0259nil\u0259rin i\u015f\u011fal edilmi\u015f \u0259razil\u0259rimizd\u0259 t\u00f6r\u0259tdikl\u0259ri v\u0259h\u015filikl\u0259r\u0259 y\u00f6n\u0259ld\u0259r\u0259k bildirmi\u015fdir ki, indi b\u00fct\u00fcn d\u00fcnya i\u015f\u011fal\u00e7\u0131lar\u0131n t\u00f6r\u0259tdiyi da\u011f\u0131nt\u0131lar\u0131 g\u00f6r\u00fcr. B\u0259\u015f\u0259r tarixind\u0259 d\u00fcnyada m\u00fcharib\u0259l\u0259r v\u0259 da\u011f\u0131nt\u0131lar \u00e7ox olub, lakin XX \u0259srd\u0259 bel\u0259 barbarl\u0131q, vandalizm v\u0259 da\u011f\u0131nt\u0131lar, \u015f\u0259h\u0259rl\u0259rin v\u0259 k\u0259ndl\u0259rin q\u0259sd\u0259n m\u0259hv edilm\u0259si g\u00f6r\u00fcnm\u0259yib. El\u0259 bil bu \u0259razil\u0259rd\u0259n v\u0259h\u015fi q\u0259bil\u0259 ke\u00e7ib. Bu, m\u0259d\u0259ni soyq\u0131r\u0131m\u0131d\u0131r v\u0259 buna he\u00e7 c\u00fcr haqq qazand\u0131rmaq olmaz. M\u00f6ht\u0259r\u0259m Prezidentimiz bu m\u00fch\u00fcm m\u0259qam\u0131 da qeyd etmi\u015fdir ki, azad edilmi\u015f \u0259razil\u0259rin qarda\u015f \u00f6lk\u0259l\u0259rl\u0259 birlikd\u0259 b\u0259rpa olunmas\u0131 d\u00f6vr\u00fcnd\u0259 f\u0259al qar\u015f\u0131l\u0131ql\u0131 \u0259laq\u0259l\u0259rimiz\u0259 \u00fcmid edirik. \u00dcmumiyy\u0259tl\u0259, yaln\u0131z dost \u00f6lk\u0259l\u0259rd\u0259n olan \u015firk\u0259tl\u0259r b\u0259rpa i\u015fl\u0259rin\u0259 c\u0259lb edil\u0259c\u0259k. D\u00fcnyada bel\u0259 \u00f6lk\u0259l\u0259r \u00e7oxdur, lakin onlar\u0131n aras\u0131nda m\u00fcharib\u0259 v\u0259 m\u00fcharib\u0259d\u0259n sonrak\u0131 d\u00f6vrd\u0259 Az\u0259rbaycan\u0131 f\u0259al d\u0259st\u0259kl\u0259y\u0259nl\u0259r vard\u0131r. Bu m\u00f6vzu T\u00fcrk \u015euras\u0131 \u00e7\u0259r\u00e7iv\u0259sind\u0259 m\u00fczakir\u0259 edil\u0259r\u0259k g\u0259l\u0259c\u0259k \u00fc\u00e7\u00fcn planlar haz\u0131rlanacaq. T\u00fcrkdilli D\u00f6vl\u0259tl\u0259rin \u018fm\u0259kda\u015fl\u0131q \u015euras\u0131n\u0131n Ba\u015f katibi\u00a0Ba\u011fdad Amreyev Az\u0259rbaycan torpaqlar\u0131n\u0131n azad edilm\u0259sinin, sad\u0259c\u0259, Az\u0259rbaycan\u0131n deyil, b\u00fct\u00fcn t\u00fcrk d\u00fcnyas\u0131n\u0131n b\u00f6y\u00fck z\u0259f\u0259ri oldu\u011funu \u00f6n\u0259 \u00e7\u0259k\u0259r\u0259k quruculuq v\u0259 b\u0259rpa i\u015fl\u0259rind\u0259 f\u0259al i\u015ftirak ed\u0259c\u0259kl\u0259rini b\u00f6y\u00fck q\u00fcrur hissi il\u0259 vur\u011fulam\u0131\u015fd\u0131r. Bu m\u0259qam x\u00fcsusi qeyd edilmi\u015fdir ki, bu torpaqlar he\u00e7 vaxt sahibsiz olmay\u0131b, bu torpaqlar\u0131n h\u0259qiqi sahibl\u0259ri var, onlar bu torpaqlar\u0131 \u00f6zl\u0259rin\u0259 qaytard\u0131lar. Tezlikl\u0259 bu torpaqlar b\u0259rpa edil\u0259c\u0259k, onlar\u0131n \u0259vv\u0259lki \u015f\u00f6hr\u0259ti, z\u0259ngin simas\u0131 \u00f6zl\u0259rin\u0259 qay\u0131dacaq.\u00bb<\/p>\n<p>Ba\u015f redaktor diqq\u0259ti d\u00f6vl\u0259timizin ba\u015f\u00e7\u0131s\u0131 \u0130lham \u018fliyevin 19 yanvar 2020-ci il tarixli \u201c\u0130\u015f\u011faldan azad edilmi\u015f \u0259razil\u0259rd\u0259 Az\u0259rbaycan Respublikas\u0131 Prezidentinin x\u00fcsusi n\u00fcmay\u0259nd\u0259l\u0259ri haqq\u0131nda\u201d F\u0259rman\u0131na y\u00f6n\u0259ld\u0259r\u0259k bildirib ki, s\u0259n\u0259din imzalanmas\u0131nda \u0259sas m\u0259qs\u0259d i\u015f\u011faldan azad edilmi\u015f \u0259razil\u0259rin dir\u00e7\u0259li\u015fi istiqam\u0259tind\u0259 quruculuq, b\u0259rpa v\u0259 yenid\u0259nqurma i\u015fl\u0259rinin s\u00fcr\u0259tl\u0259ndirilm\u0259si, bu h\u0259d\u0259f\u0259 nail olunmas\u0131nda d\u00f6vl\u0259t orqanlar\u0131n\u0131n v\u0259 dig\u0259r t\u0259\u015fkilatlar\u0131n \u0259laq\u0259l\u0259ndirilmi\u015f f\u0259aliyy\u0259tinin g\u00fccl\u0259ndirilm\u0259si, habel\u0259 idar\u0259etm\u0259d\u0259 \u00e7evikliyin v\u0259 s\u0259m\u0259r\u0259liliyin art\u0131r\u0131lmas\u0131d\u0131r: \u201cQeyd etdiyimiz kimi, \u015f\u0259h\u0259r v\u0259 rayonlar\u0131m\u0131z i\u015f\u011faldan azad edildiyi g\u00fcnd\u0259n b\u0259rpa i\u015fl\u0259rin\u0259 start verilib. H\u0259r bir b\u00f6lg\u0259nin inki\u015faf\u0131nda yol infrastrukturu \u0259h\u0259miyy\u0259tli rol oynad\u0131\u011f\u0131ndan ilk diqq\u0259t g\u00f6st\u0259ril\u0259n m\u0259s\u0259l\u0259 m\u0259hz budur. \u0130\u015f\u011faldan azad edilmi\u015f torpaqlarda \u00a0g\u00f6r\u00fcl\u0259n i\u015fl\u0259r, m\u00fcxt\u0259lif d\u00f6vl\u0259t qurumlar\u0131n\u0131n f\u0259aliyy\u0259t\u0259 ba\u015flamas\u0131 idar\u0259etm\u0259nin s\u0259m\u0259r\u0259liliyinin art\u0131r\u0131lmas\u0131n\u0131n Qay\u0131d\u0131\u015f proqram\u0131n\u0131n u\u011furlu icras\u0131nda v\u0259 n\u0259z\u0259rd\u0259 tutulan vaxtda ba\u015fa \u00e7atd\u0131r\u0131lmas\u0131nda m\u00fch\u00fcm \u0259h\u0259miyy\u0259t k\u0259sb etdiyini t\u0259sdiql\u0259yir. \u00d6lk\u0259mizd\u0259 son ill\u0259rd\u0259 h\u0259yata ke\u00e7iril\u0259n islahatlar\u0131n \u0259sas\u0131nda da m\u0259hz idar\u0259etm\u0259 sisteminin t\u0259kmill\u0259\u015fdirilm\u0259si fonunda q\u0131sa m\u00fcdd\u0259td\u0259 h\u0259d\u0259fl\u0259rin ger\u00e7\u0259kl\u0259\u015fm\u0259sin\u0259 nail olmaq dayan\u0131r. Az\u0259rbaycan xalq\u0131, x\u00fcsusil\u0259 do\u011fma yurd-yuvalar\u0131na qay\u0131tma\u011f\u0131 s\u0259birsizlikl\u0259 g\u00f6zl\u0259y\u0259n soyda\u015flar\u0131m\u0131z bu sevinci d\u0259 tezlikl\u0259 ya\u015fayacaqlar\u0131na \u0259mindirl\u0259r.\u00bb<\/p>\n","protected":false},"excerpt":{"rendered":"<p>\u201c44 g\u00fcn davam ed\u0259n, amma b\u00fct\u00fcn tarixboyu dan\u0131\u015f\u0131lacaq Z\u0259f\u0259rimizl\u0259 ba\u015fa \u00e7atan \u0130kinci Qaraba\u011f m\u00fcharib\u0259sind\u0259n sonra art\u0131q \u00f6lk\u0259mizin h\u0259yat\u0131nda yeni m\u0259rh\u0259l\u0259-quruculuq, inki\u015faf, i\u015f\u011faldan azad edilmi\u015f torpaqlar\u0131m\u0131z\u0131n b\u0259rpas\u0131 d\u00f6vr\u00fc ba\u015flay\u0131r. \u00a0M\u00f6ht\u0259r\u0259m Prezidentimiz, Ali Ba\u015f Komandan \u0130lham \u018fliyev ist\u0259r V\u0259t\u0259n m\u00fcharib\u0259si d\u00f6vr\u00fcnd\u0259 c\u0259bh\u0259d\u0259n g\u0259l\u0259n q\u0259l\u0259b\u0259 x\u0259b\u0259rl\u0259rini xalqa \u00e7atd\u0131rark\u0259n, ist\u0259r xarici m\u0259tbuata m\u00fcsahib\u0259l\u0259rind\u0259, ist\u0259r Az\u0259rbaycan\u0131n h\u0259rbi-siyasi Q\u0259l\u0259b\u0259sinin t\u0259sdiqi olan 10 noyabr \u00fc\u00e7t\u0259r\u0259fli raz\u0131la\u015fmas\u0131ndan sonra, ist\u0259rs\u0259 d\u0259 Z\u0259f\u0259r sevincini b\u00f6l\u00fc\u015fm\u0259k \u00fc\u00e7\u00fcn i\u015f\u011faldan azad edilmi\u015f \u015f\u0259h\u0259r v\u0259 k\u0259ndl\u0259rimiz\u0259 s\u0259f\u0259rl\u0259ri zaman\u0131 bu \u0259minliyi ifad\u0259 etmi\u015fdir ki, Qaraba\u011f b\u00f6lg\u0259sind\u0259 c\u0259nn\u0259t yaradaca\u011f\u0131q. Xalq\u0131m\u0131z buna layiqdir. B\u00f6y\u00fck qay\u0131d\u0131\u015f proqram\u0131 haz\u0131rlan\u0131r.&hellip;<\/p>\n","protected":false},"author":2,"featured_media":276563,"comment_status":"closed","ping_status":"closed","sticky":false,"template":"","format":"standard","meta":{"om_disable_all_campaigns":false,"_monsterinsights_skip_tracking":false,"_monsterinsights_sitenote_active":false,"_monsterinsights_sitenote_note":"","_monsterinsights_sitenote_category":0},"categories":[4],"tags":[],"aioseo_notices":[],"gutentor_comment":0,"rttpg_featured_image_url":{"full":["https:\/\/arantv.az\/wp-content\/uploads\/2021\/01\/0d2b2061161122722183839276010209703.jpg",975,540,false],"landscape":["https:\/\/arantv.az\/wp-content\/uploads\/2021\/01\/0d2b2061161122722183839276010209703.jpg",975,540,false],"portraits":["https:\/\/arantv.az\/wp-content\/uploads\/2021\/01\/0d2b2061161122722183839276010209703.jpg",975,540,false],"thumbnail":["https:\/\/arantv.az\/wp-content\/uploads\/2021\/01\/0d2b2061161122722183839276010209703-150x150.jpg",150,150,true],"medium":["https:\/\/arantv.az\/wp-content\/uploads\/2021\/01\/0d2b2061161122722183839276010209703-300x166.jpg",300,166,true],"large":["https:\/\/arantv.az\/wp-content\/uploads\/2021\/01\/0d2b2061161122722183839276010209703.jpg",640,354,false],"1536x1536":["https:\/\/arantv.az\/wp-content\/uploads\/2021\/01\/0d2b2061161122722183839276010209703.jpg",975,540,false],"2048x2048":["https:\/\/arantv.az\/wp-content\/uploads\/2021\/01\/0d2b2061161122722183839276010209703.jpg",975,540,false],"post-thumbnail":["https:\/\/arantv.az\/wp-content\/uploads\/2021\/01\/0d2b2061161122722183839276010209703-240x172.jpg",240,172,true],"advps-thumb-one":["https:\/\/arantv.az\/wp-content\/uploads\/2021\/01\/0d2b2061161122722183839276010209703.jpg",975,540,false]},"rttpg_author":{"display_name":"V\u00fcsal Rafiqo\u011flu","author_link":"https:\/\/arantv.az\/?author=2"},"rttpg_comment":0,"rttpg_category":"<a href=\"https:\/\/arantv.az\/?cat=4\" rel=\"category\">Siyas\u0259t<\/a>","rttpg_excerpt":"\u201c44 g\u00fcn davam ed\u0259n, amma b\u00fct\u00fcn tarixboyu dan\u0131\u015f\u0131lacaq Z\u0259f\u0259rimizl\u0259 ba\u015fa \u00e7atan \u0130kinci Qaraba\u011f m\u00fcharib\u0259sind\u0259n sonra art\u0131q \u00f6lk\u0259mizin h\u0259yat\u0131nda yeni m\u0259rh\u0259l\u0259-quruculuq, inki\u015faf, i\u015f\u011faldan azad edilmi\u015f torpaqlar\u0131m\u0131z\u0131n b\u0259rpas\u0131 d\u00f6vr\u00fc ba\u015flay\u0131r. \u00a0M\u00f6ht\u0259r\u0259m Prezidentimiz, Ali Ba\u015f Komandan \u0130lham \u018fliyev ist\u0259r V\u0259t\u0259n m\u00fcharib\u0259si d\u00f6vr\u00fcnd\u0259 c\u0259bh\u0259d\u0259n g\u0259l\u0259n q\u0259l\u0259b\u0259 x\u0259b\u0259rl\u0259rini xalqa \u00e7atd\u0131rark\u0259n, ist\u0259r xarici m\u0259tbuata m\u00fcsahib\u0259l\u0259rind\u0259, ist\u0259r Az\u0259rbaycan\u0131n h\u0259rbi-siyasi Q\u0259l\u0259b\u0259sinin t\u0259sdiqi olan&hellip;","_links":{"self":[{"href":"https:\/\/arantv.az\/index.php?rest_route=\/wp\/v2\/posts\/276562"}],"collection":[{"href":"https:\/\/arantv.az\/index.php?rest_route=\/wp\/v2\/posts"}],"about":[{"href":"https:\/\/arantv.az\/index.php?rest_route=\/wp\/v2\/types\/post"}],"author":[{"embeddable":true,"href":"https:\/\/arantv.az\/index.php?rest_route=\/wp\/v2\/users\/2"}],"replies":[{"embeddable":true,"href":"https:\/\/arantv.az\/index.php?rest_route=%2Fwp%2Fv2%2Fcomments&post=276562"}],"version-history":[{"count":0,"href":"https:\/\/arantv.az\/index.php?rest_route=\/wp\/v2\/posts\/276562\/revisions"}],"wp:featuredmedia":[{"embeddable":true,"href":"https:\/\/arantv.az\/index.php?rest_route=\/wp\/v2\/media\/276563"}],"wp:attachment":[{"href":"https:\/\/arantv.az\/index.php?rest_route=%2Fwp%2Fv2%2Fmedia&parent=276562"}],"wp:term":[{"taxonomy":"category","embeddable":true,"href":"https:\/\/arantv.az\/index.php?rest_route=%2Fwp%2Fv2%2Fcategories&post=276562"},{"taxonomy":"post_tag","embeddable":true,"href":"https:\/\/arantv.az\/index.php?rest_route=%2Fwp%2Fv2%2Ftags&post=276562"}],"curies":[{"name":"wp","href":"https:\/\/api.w.org\/{rel}","templated":true}]}}