{"id":276579,"date":"2021-01-21T14:44:37","date_gmt":"2021-01-21T11:44:37","guid":{"rendered":"http:\/\/arantv.az\/?p=276579"},"modified":"2021-01-21T14:44:37","modified_gmt":"2021-01-21T11:44:37","slug":"evi-icaz%c9%99siz-t%c9%99rk-ed%c9%99n-covid-19-x%c9%99st%c9%99l%c9%99rinin-sayi-aciqlandi-7","status":"publish","type":"post","link":"https:\/\/arantv.az\/?p=276579","title":{"rendered":"Evi icaz\u0259siz t\u0259rk ed\u0259n COVID-19 x\u0259st\u0259l\u0259rinin say\u0131 a\u00e7\u0131qland\u0131"},"content":{"rendered":"<p>Ya\u015fad\u0131\u011f\u0131 evi icaz\u0259siz t\u0259rk ed\u0259n koronavirus (COVID-19) x\u0259st\u0259l\u0259rinin say\u0131 a\u00e7\u0131qlan\u0131b.<\/p>\n<p>Bu bar\u0259d\u0259 Daxili \u0130\u015fl\u0259r Nazirliyinin M\u0259tbuat xidm\u0259tind\u0259n m\u0259lumat verilib.<\/p>\n<div id=\"AdviadNativeVideo0\" class=\"AdviadNativeVideo\"><\/div>\n<p>Bildirilib ki, ev \u015f\u0259raitind\u0259 m\u00fcalic\u0259 t\u0259yin edil\u0259n iki n\u0259f\u0259r aktiv COVID-19 x\u0259st\u0259si ictimai yerl\u0259rd\u0259 m\u00fc\u0259yy\u0259n olunaraq ev\u0259 qaytar\u0131l\u0131b v\u0259 bar\u0259l\u0259rind\u0259 cinay\u0259t i\u015fi ba\u015flan\u0131l\u0131b.<\/p>\n<p>Qeyd edilib ki, bu istiqam\u0259td\u0259 h\u0259yata ke\u00e7iril\u0259n b\u00fct\u00fcn t\u0259dbirl\u0259r \u0259halinin t\u0259hl\u00fck\u0259sizliyinin t\u0259min edilm\u0259si v\u0259 onlar\u0131n sa\u011flaml\u0131\u011f\u0131n\u0131n qorunmas\u0131na xidm\u0259t edir.<\/p>\n","protected":false},"excerpt":{"rendered":"<p>Ya\u015fad\u0131\u011f\u0131 evi icaz\u0259siz t\u0259rk ed\u0259n koronavirus (COVID-19) x\u0259st\u0259l\u0259rinin say\u0131 a\u00e7\u0131qlan\u0131b. Bu bar\u0259d\u0259 Daxili \u0130\u015fl\u0259r Nazirliyinin M\u0259tbuat xidm\u0259tind\u0259n m\u0259lumat verilib. Bildirilib ki, ev \u015f\u0259raitind\u0259 m\u00fcalic\u0259 t\u0259yin edil\u0259n iki n\u0259f\u0259r aktiv COVID-19 x\u0259st\u0259si ictimai yerl\u0259rd\u0259 m\u00fc\u0259yy\u0259n olunaraq ev\u0259 qaytar\u0131l\u0131b v\u0259 bar\u0259l\u0259rind\u0259 cinay\u0259t i\u015fi ba\u015flan\u0131l\u0131b. Qeyd edilib ki, bu istiqam\u0259td\u0259 h\u0259yata ke\u00e7iril\u0259n b\u00fct\u00fcn t\u0259dbirl\u0259r \u0259halinin t\u0259hl\u00fck\u0259sizliyinin t\u0259min edilm\u0259si v\u0259 onlar\u0131n sa\u011flaml\u0131\u011f\u0131n\u0131n qorunmas\u0131na xidm\u0259t edir.<\/p>\n","protected":false},"author":2,"featured_media":276580,"comment_status":"closed","ping_status":"closed","sticky":false,"template":"","format":"standard","meta":{"om_disable_all_campaigns":false,"_monsterinsights_skip_tracking":false,"_monsterinsights_sitenote_active":false,"_monsterinsights_sitenote_note":"","_monsterinsights_sitenote_category":0},"categories":[26],"tags":[],"aioseo_notices":[],"gutentor_comment":0,"rttpg_featured_image_url":{"full":["https:\/\/arantv.az\/wp-content\/uploads\/2021\/01\/kovid.jpg",620,349,false],"landscape":["https:\/\/arantv.az\/wp-content\/uploads\/2021\/01\/kovid.jpg",620,349,false],"portraits":["https:\/\/arantv.az\/wp-content\/uploads\/2021\/01\/kovid.jpg",620,349,false],"thumbnail":["https:\/\/arantv.az\/wp-content\/uploads\/2021\/01\/kovid-150x150.jpg",150,150,true],"medium":["https:\/\/arantv.az\/wp-content\/uploads\/2021\/01\/kovid-300x169.jpg",300,169,true],"large":["https:\/\/arantv.az\/wp-content\/uploads\/2021\/01\/kovid.jpg",620,349,false],"1536x1536":["https:\/\/arantv.az\/wp-content\/uploads\/2021\/01\/kovid.jpg",620,349,false],"2048x2048":["https:\/\/arantv.az\/wp-content\/uploads\/2021\/01\/kovid.jpg",620,349,false],"post-thumbnail":["https:\/\/arantv.az\/wp-content\/uploads\/2021\/01\/kovid-240x172.jpg",240,172,true],"advps-thumb-one":["https:\/\/arantv.az\/wp-content\/uploads\/2021\/01\/kovid.jpg",620,349,false]},"rttpg_author":{"display_name":"V\u00fcsal Rafiqo\u011flu","author_link":"https:\/\/arantv.az\/?author=2"},"rttpg_comment":0,"rttpg_category":"<a href=\"https:\/\/arantv.az\/?cat=26\" rel=\"category\">Sosial<\/a>","rttpg_excerpt":"Ya\u015fad\u0131\u011f\u0131 evi icaz\u0259siz t\u0259rk ed\u0259n koronavirus (COVID-19) x\u0259st\u0259l\u0259rinin say\u0131 a\u00e7\u0131qlan\u0131b. Bu bar\u0259d\u0259 Daxili \u0130\u015fl\u0259r Nazirliyinin M\u0259tbuat xidm\u0259tind\u0259n m\u0259lumat verilib. Bildirilib ki, ev \u015f\u0259raitind\u0259 m\u00fcalic\u0259 t\u0259yin edil\u0259n iki n\u0259f\u0259r aktiv COVID-19 x\u0259st\u0259si ictimai yerl\u0259rd\u0259 m\u00fc\u0259yy\u0259n olunaraq ev\u0259 qaytar\u0131l\u0131b v\u0259 bar\u0259l\u0259rind\u0259 cinay\u0259t i\u015fi ba\u015flan\u0131l\u0131b. Qeyd edilib ki, bu istiqam\u0259td\u0259 h\u0259yata ke\u00e7iril\u0259n b\u00fct\u00fcn t\u0259dbirl\u0259r \u0259halinin t\u0259hl\u00fck\u0259sizliyinin t\u0259min edilm\u0259si&hellip;","_links":{"self":[{"href":"https:\/\/arantv.az\/index.php?rest_route=\/wp\/v2\/posts\/276579"}],"collection":[{"href":"https:\/\/arantv.az\/index.php?rest_route=\/wp\/v2\/posts"}],"about":[{"href":"https:\/\/arantv.az\/index.php?rest_route=\/wp\/v2\/types\/post"}],"author":[{"embeddable":true,"href":"https:\/\/arantv.az\/index.php?rest_route=\/wp\/v2\/users\/2"}],"replies":[{"embeddable":true,"href":"https:\/\/arantv.az\/index.php?rest_route=%2Fwp%2Fv2%2Fcomments&post=276579"}],"version-history":[{"count":0,"href":"https:\/\/arantv.az\/index.php?rest_route=\/wp\/v2\/posts\/276579\/revisions"}],"wp:featuredmedia":[{"embeddable":true,"href":"https:\/\/arantv.az\/index.php?rest_route=\/wp\/v2\/media\/276580"}],"wp:attachment":[{"href":"https:\/\/arantv.az\/index.php?rest_route=%2Fwp%2Fv2%2Fmedia&parent=276579"}],"wp:term":[{"taxonomy":"category","embeddable":true,"href":"https:\/\/arantv.az\/index.php?rest_route=%2Fwp%2Fv2%2Fcategories&post=276579"},{"taxonomy":"post_tag","embeddable":true,"href":"https:\/\/arantv.az\/index.php?rest_route=%2Fwp%2Fv2%2Ftags&post=276579"}],"curies":[{"name":"wp","href":"https:\/\/api.w.org\/{rel}","templated":true}]}}