{"id":27659,"date":"2018-12-15T08:45:27","date_gmt":"2018-12-15T05:45:27","guid":{"rendered":"http:\/\/arantv.az\/?p=27659"},"modified":"2018-12-15T08:45:27","modified_gmt":"2018-12-15T05:45:27","slug":"politoloq-az%c9%99rbaycan-qlobal-%c9%99m%c9%99kdasliq-t%c9%99dbirl%c9%99rinin-kecirildiyi-t%c9%99hluk%c9%99siz-olk%c9%99-statusunu-getdikc%c9%99-gucl%c9%99ndirir","status":"publish","type":"post","link":"https:\/\/arantv.az\/?p=27659","title":{"rendered":"Politoloq: &#8220;Az\u0259rbaycan qlobal \u0259m\u0259kda\u015fl\u0131q t\u0259dbirl\u0259rinin ke\u00e7irildiyi t\u0259hl\u00fck\u0259siz \u00f6lk\u0259 statusunu getdikc\u0259 g\u00fccl\u0259ndirir&#8221;"},"content":{"rendered":"<blockquote><p><em><strong>Az\u0259rbaycan\u0131n d\u00fcnyada etibar qazanmas\u0131 n\u0259tic\u0259sind\u0259 \u00f6lk\u0259miz bir s\u0131ra qlobal \u0259h\u0259miyy\u0259tli siyasi, iqtisadi, h\u0259rbi, enerji, n\u0259qliyyat-kommunikasiya, idman v\u0259 m\u0259d\u0259niyy\u0259t t\u0259dbirl\u0259rinin ke\u00e7irildiyi m\u0259kana \u00e7evrilib.<\/strong><\/em><\/p><\/blockquote>\n<p><strong>ARANTV.AZ<\/strong> x\u0259b\u0259r verir ki, bunu trend-\u0259 politoloq N\u0259zak\u0259t M\u0259mm\u0259dova deyib.<\/p>\n<p>Onun s\u00f6zl\u0259rin\u0259 g\u00f6r\u0259, bunlardan biri d\u0259 NATO M\u00fctt\u0259fiq Q\u00fcvv\u0259l\u0259rinin Avropadak\u0131 Ba\u015f komandan\u0131 K\u00f6rtis Skaparrotti il\u0259 Rusiya Silahl\u0131 Q\u00fcvv\u0259l\u0259rinin Ba\u015f Q\u0259rargah r\u0259isi Valeri Gerasimovun dekabr\u0131n 12-d\u0259 Bak\u0131da ke\u00e7iril\u0259n g\u00f6r\u00fc\u015f\u00fcd\u00fcr.<\/p>\n<p>Politoloq qeyd edib ki, Az\u0259rbaycan paytaxt\u0131 art\u0131q d\u00fcnya miqyas\u0131nda strateji \u015f\u0259h\u0259r statusu qazan\u0131b.<\/p>\n<p><img src=\"https:\/\/cdn.trend.az\/media\/pictures\/2018\/12\/14\/nazakat_mammadova_141218_02.jpg\" alt=\"\" \/>N.M\u0259mm\u0259dova \u0259lav\u0259 edib ki, bir ne\u00e7\u0259 il \u0259vv\u0259l Belarus paytaxt\u0131 ad\u0259t\u0259n bu c\u00fcr g\u00f6r\u00fc\u015fl\u0259r \u00fc\u00e7\u00fcn \u0259lveri\u015fli m\u0259kan kimi se\u00e7ilirdis\u0259, son bir ne\u00e7\u0259 ild\u0259 bu status art\u0131q Bak\u0131ya ke\u00e7ib.<\/p>\n<p>Onun fikrinc\u0259, Az\u0259rbaycan\u0131n balansl\u0131 xarici siyas\u0259t kursu yerid\u0259n \u00f6lk\u0259 olmas\u0131, NATO \u00f6lk\u0259l\u0259ri il\u0259 normal m\u00fcnasib\u0259tl\u0259ri, h\u0259m\u00e7inin Rusiya il\u0259 strateji t\u0259r\u0259fda\u015fl\u0131\u011f\u0131 t\u0259r\u0259fl\u0259ri bu c\u00fcr m\u00f6t\u0259b\u0259r, d\u00fcnyan\u0131n diqq\u0259t m\u0259rk\u0259zind\u0259 olan t\u0259dbiri \u00f6lk\u0259mizd\u0259 ke\u00e7irm\u0259y\u0259 t\u0259\u015fviq edir:<\/p>\n<p>&#8220;Rusiya Ba\u015f Q\u0259rargah r\u0259isi il\u0259 NATO-nun Avropadak\u0131 Ba\u015f komandan\u0131n\u0131n 2018-ci ilin sonunda g\u00f6r\u00fc\u015f ke\u00e7irm\u0259si diqq\u0259t \u00e7\u0259kir. G\u00f6r\u00fc\u015f bar\u0259d\u0259 m\u0259lumat verilm\u0259s\u0259 d\u0259, t\u0259xmin etm\u0259k \u00e7\u0259tin olmaz ki, t\u0259r\u0259fl\u0259r 2018-ci ilin yekunlar\u0131 v\u0259 n\u00f6vb\u0259ti il \u00fc\u00e7\u00fcn qar\u015f\u0131l\u0131ql\u0131 maraq do\u011furan m\u0259s\u0259l\u0259l\u0259ri, o c\u00fcml\u0259d\u0259n bilavasit\u0259 bir-biril\u0259rinin maraqlar\u0131na aidiyy\u0259ti olan t\u0259dbirl\u0259r bar\u0259d\u0259 m\u0259lumat m\u00fcbadil\u0259si apar\u0131blar, habel\u0259 g\u0259l\u0259c\u0259kd\u0259 t\u0259maslar\u0131 davam etdirm\u0259k m\u0259s\u0259l\u0259sind\u0259 raz\u0131l\u0131\u011fa g\u0259l\u0259 bil\u0259rl\u0259r. Generallar Gerasimov v\u0259 Skaparrotti aras\u0131nda g\u00f6r\u00fc\u015f olduqca ziddiyy\u0259tli d\u00f6vr\u0259, NATO-nun bilavasit\u0259 Rusiya s\u0259rh\u0259dl\u0259rind\u0259 m\u00f6hk\u0259ml\u0259ndiyi vaxta t\u0259sad\u00fcf edir. Baltik v\u0259 Qara d\u0259nizl\u0259rd\u0259 NATO-nun m\u00f6hk\u0259ml\u0259nm\u0259si, Pol\u015fada Alyans\u0131n himay\u0259si alt\u0131nda h\u0259rbi bazan\u0131n quruldu\u011fu bir vaxtda qar\u015f\u0131-qar\u015f\u0131ya dayanan iki h\u0259rbi-siyasi blokun generallar\u0131n\u0131n g\u00f6r\u00fc\u015f\u00fcn\u00fcn nisb\u0259t\u0259n g\u0259rgin atmosferd\u0259 ke\u00e7m\u0259sini ehtimal etm\u0259k olar. Lakin y\u00fcks\u0259k s\u0259viyy\u0259d\u0259 t\u0259maslar\u0131n olmas\u0131 fakt\u0131 \u00f6z-\u00f6zl\u00fcy\u00fcnd\u0259 probleml\u0259rin s\u00fclh yolu h\u0259llin\u0259 m\u00fc\u0259yy\u0259n q\u0259d\u0259r \u00fcmid yarad\u0131r&#8221;.<\/p>\n<p>N.M\u0259mm\u0259dova bildirib ki, Q\u0259rbi v\u0259 \u015e\u0259rqi Avropa, Yax\u0131n \u015e\u0259rq, C\u0259nubi Qafqaz regionlar\u0131nda qar\u015f\u0131durmalar\u0131n qlobal sabitliy\u0259 t\u0259hdid olacaq bir s\u0259viyy\u0259y\u0259d\u0259k g\u0259rginl\u0259\u015fm\u0259si fonunda Az\u0259rbaycan sabitlik, \u0259min-amanl\u0131q m\u0259kan\u0131, qlobal \u0259m\u0259kda\u015fl\u0131q t\u0259dbirl\u0259rinin ke\u00e7irildiyi t\u0259hl\u00fck\u0259siz \u00f6lk\u0259 statusunu getdikc\u0259 g\u00fccl\u0259ndirir.<\/p>\n<p>O, haz\u0131rk\u0131 d\u00fcnyada buna nail olma\u011f\u0131n \u00e7ox \u00e7\u0259tin oldu\u011funu da s\u00f6yl\u0259yib: &#8220;Biz g\u00f6r\u00fcr\u00fck ki, b\u00f6y\u00fck \u0259razisi v\u0259 \u0259halisi olan, b\u00f6y\u00fck c\u0259bb\u0259xanas\u0131, h\u0259tta n\u00fcv\u0259 silah\u0131 olan d\u00f6vl\u0259tl\u0259r v\u0259t\u0259nda\u015f qar\u015f\u0131durmas\u0131, aras\u0131k\u0259silm\u0259z terror aktlar\u0131 il\u0259 \u00fczl\u0259\u015fir, s\u0259rh\u0259dl\u0259rind\u0259 yaranan regional v\u0259 beyn\u0259lxalq t\u0259hdidl\u0259ri aradan qald\u0131ra bilmir, davaml\u0131 sabitliy\u0259 nail ola bilmirl\u0259r. Az\u0259rbaycan is\u0259 Qaraba\u011f m\u00fcnaqi\u015f\u0259si timsal\u0131nda i\u015f\u011fala m\u0259ruz qalmas\u0131na, m\u00fcnaqi\u015f\u0259y\u0259 c\u0259lb olunmas\u0131na baxmayaraq, \u0259n son imkanlar t\u00fck\u0259n\u0259n\u0259 q\u0259d\u0259r m\u0259s\u0259l\u0259nin s\u00fclh yolu il\u0259 h\u0259llin\u0259 \u00e7al\u0131\u015f\u0131r, bununla b\u0259rab\u0259r, davaml\u0131 inki\u015faf yolunda inamla ir\u0259lil\u0259yir&#8221;.<\/p>\n","protected":false},"excerpt":{"rendered":"<p>Az\u0259rbaycan\u0131n d\u00fcnyada etibar qazanmas\u0131 n\u0259tic\u0259sind\u0259 \u00f6lk\u0259miz bir s\u0131ra qlobal \u0259h\u0259miyy\u0259tli siyasi, iqtisadi, h\u0259rbi, enerji, n\u0259qliyyat-kommunikasiya, idman v\u0259 m\u0259d\u0259niyy\u0259t t\u0259dbirl\u0259rinin ke\u00e7irildiyi m\u0259kana \u00e7evrilib. ARANTV.AZ x\u0259b\u0259r verir ki, bunu trend-\u0259 politoloq N\u0259zak\u0259t M\u0259mm\u0259dova deyib. Onun s\u00f6zl\u0259rin\u0259 g\u00f6r\u0259, bunlardan biri d\u0259 NATO M\u00fctt\u0259fiq Q\u00fcvv\u0259l\u0259rinin Avropadak\u0131 Ba\u015f komandan\u0131 K\u00f6rtis Skaparrotti il\u0259 Rusiya Silahl\u0131 Q\u00fcvv\u0259l\u0259rinin Ba\u015f Q\u0259rargah r\u0259isi Valeri Gerasimovun dekabr\u0131n 12-d\u0259 Bak\u0131da ke\u00e7iril\u0259n g\u00f6r\u00fc\u015f\u00fcd\u00fcr. Politoloq qeyd edib ki, Az\u0259rbaycan paytaxt\u0131 art\u0131q d\u00fcnya miqyas\u0131nda strateji \u015f\u0259h\u0259r statusu qazan\u0131b. N.M\u0259mm\u0259dova \u0259lav\u0259 edib ki, bir ne\u00e7\u0259 il \u0259vv\u0259l Belarus paytaxt\u0131 ad\u0259t\u0259n bu c\u00fcr g\u00f6r\u00fc\u015fl\u0259r \u00fc\u00e7\u00fcn \u0259lveri\u015fli m\u0259kan&hellip;<\/p>\n","protected":false},"author":2,"featured_media":27660,"comment_status":"closed","ping_status":"closed","sticky":false,"template":"","format":"standard","meta":{"om_disable_all_campaigns":false,"_monsterinsights_skip_tracking":false,"_monsterinsights_sitenote_active":false,"_monsterinsights_sitenote_note":"","_monsterinsights_sitenote_category":0},"categories":[4],"tags":[],"aioseo_notices":[],"gutentor_comment":0,"rttpg_featured_image_url":{"full":["https:\/\/arantv.az\/wp-content\/uploads\/2018\/12\/712707.jpg",1200,790,false],"landscape":["https:\/\/arantv.az\/wp-content\/uploads\/2018\/12\/712707.jpg",1200,790,false],"portraits":["https:\/\/arantv.az\/wp-content\/uploads\/2018\/12\/712707.jpg",1200,790,false],"thumbnail":["https:\/\/arantv.az\/wp-content\/uploads\/2018\/12\/712707-150x150.jpg",150,150,true],"medium":["https:\/\/arantv.az\/wp-content\/uploads\/2018\/12\/712707-300x198.jpg",300,198,true],"large":["https:\/\/arantv.az\/wp-content\/uploads\/2018\/12\/712707-1024x674.jpg",640,421,true],"1536x1536":["https:\/\/arantv.az\/wp-content\/uploads\/2018\/12\/712707.jpg",1200,790,false],"2048x2048":["https:\/\/arantv.az\/wp-content\/uploads\/2018\/12\/712707.jpg",1200,790,false],"post-thumbnail":["https:\/\/arantv.az\/wp-content\/uploads\/2018\/12\/712707-240x172.jpg",240,172,true],"advps-thumb-one":["https:\/\/arantv.az\/wp-content\/uploads\/2018\/12\/712707-1200x620.jpg",1200,620,true]},"rttpg_author":{"display_name":"V\u00fcsal Rafiqo\u011flu","author_link":"https:\/\/arantv.az\/?author=2"},"rttpg_comment":0,"rttpg_category":"<a href=\"https:\/\/arantv.az\/?cat=4\" rel=\"category\">Siyas\u0259t<\/a>","rttpg_excerpt":"Az\u0259rbaycan\u0131n d\u00fcnyada etibar qazanmas\u0131 n\u0259tic\u0259sind\u0259 \u00f6lk\u0259miz bir s\u0131ra qlobal \u0259h\u0259miyy\u0259tli siyasi, iqtisadi, h\u0259rbi, enerji, n\u0259qliyyat-kommunikasiya, idman v\u0259 m\u0259d\u0259niyy\u0259t t\u0259dbirl\u0259rinin ke\u00e7irildiyi m\u0259kana \u00e7evrilib. ARANTV.AZ x\u0259b\u0259r verir ki, bunu trend-\u0259 politoloq N\u0259zak\u0259t M\u0259mm\u0259dova deyib. Onun s\u00f6zl\u0259rin\u0259 g\u00f6r\u0259, bunlardan biri d\u0259 NATO M\u00fctt\u0259fiq Q\u00fcvv\u0259l\u0259rinin Avropadak\u0131 Ba\u015f komandan\u0131 K\u00f6rtis Skaparrotti il\u0259 Rusiya Silahl\u0131 Q\u00fcvv\u0259l\u0259rinin Ba\u015f Q\u0259rargah r\u0259isi Valeri Gerasimovun&hellip;","_links":{"self":[{"href":"https:\/\/arantv.az\/index.php?rest_route=\/wp\/v2\/posts\/27659"}],"collection":[{"href":"https:\/\/arantv.az\/index.php?rest_route=\/wp\/v2\/posts"}],"about":[{"href":"https:\/\/arantv.az\/index.php?rest_route=\/wp\/v2\/types\/post"}],"author":[{"embeddable":true,"href":"https:\/\/arantv.az\/index.php?rest_route=\/wp\/v2\/users\/2"}],"replies":[{"embeddable":true,"href":"https:\/\/arantv.az\/index.php?rest_route=%2Fwp%2Fv2%2Fcomments&post=27659"}],"version-history":[{"count":0,"href":"https:\/\/arantv.az\/index.php?rest_route=\/wp\/v2\/posts\/27659\/revisions"}],"wp:featuredmedia":[{"embeddable":true,"href":"https:\/\/arantv.az\/index.php?rest_route=\/wp\/v2\/media\/27660"}],"wp:attachment":[{"href":"https:\/\/arantv.az\/index.php?rest_route=%2Fwp%2Fv2%2Fmedia&parent=27659"}],"wp:term":[{"taxonomy":"category","embeddable":true,"href":"https:\/\/arantv.az\/index.php?rest_route=%2Fwp%2Fv2%2Fcategories&post=27659"},{"taxonomy":"post_tag","embeddable":true,"href":"https:\/\/arantv.az\/index.php?rest_route=%2Fwp%2Fv2%2Ftags&post=27659"}],"curies":[{"name":"wp","href":"https:\/\/api.w.org\/{rel}","templated":true}]}}