{"id":276636,"date":"2021-01-21T15:39:10","date_gmt":"2021-01-21T12:39:10","guid":{"rendered":"http:\/\/arantv.az\/?p=276636"},"modified":"2021-01-21T15:46:26","modified_gmt":"2021-01-21T12:46:26","slug":"sagirdl%c9%99rin-qis-t%c9%99tilinin-vaxti-aciqlandi","status":"publish","type":"post","link":"https:\/\/arantv.az\/?p=276636","title":{"rendered":"\u015eagirdl\u0259rin q\u0131\u015f t\u0259tilinin vaxt\u0131 a\u00e7\u0131qland\u0131"},"content":{"rendered":"<p>Yanvar\u0131n 27-d\u0259 \u015fagirdl\u0259rin q\u0131\u015f t\u0259tili ba\u015flayacaq.<\/p>\n<p><strong>ARANTV.AZ<\/strong>\u00a0<a href=\"https:\/\/az.trend.az\/\" target=\"_blank\" rel=\"noopener\">Trend<\/a>-\u0259 istinad\u0259n bildirir ki,\u00a0bunu x\u00fcsusi karantin rejimi d\u00f6vr\u00fcnd\u0259 m\u0259kt\u0259bdaxili qiym\u0259tl\u0259ndirm\u0259nin m\u00fcv\u0259qq\u0259ti qaydalar\u0131 bar\u0259d\u0259 dan\u0131\u015fan T\u0259hsil Nazirliyinin \u00dcmumi t\u0259hsild\u0259 m\u0259zmun, t\u0259dris v\u0259 qiym\u0259tl\u0259ndirm\u0259 \u015f\u00f6b\u0259sinin m\u00fcdiri V\u0259fa Yaqublu deyib.<\/p>\n<p>Onun s\u00f6zl\u0259rin\u0259 g\u00f6r\u0259, q\u0131\u015f t\u0259tili fevral\u0131n 1-d\u0259k davam ed\u0259c\u0259k. H\u0259min g\u00fcn t\u0259dris ilinin ikinci yar\u0131m ili ba\u015flayacaq.<\/p>\n","protected":false},"excerpt":{"rendered":"<p>Yanvar\u0131n 27-d\u0259 \u015fagirdl\u0259rin q\u0131\u015f t\u0259tili ba\u015flayacaq. ARANTV.AZ\u00a0Trend-\u0259 istinad\u0259n bildirir ki,\u00a0bunu x\u00fcsusi karantin rejimi d\u00f6vr\u00fcnd\u0259 m\u0259kt\u0259bdaxili qiym\u0259tl\u0259ndirm\u0259nin m\u00fcv\u0259qq\u0259ti qaydalar\u0131 bar\u0259d\u0259 dan\u0131\u015fan T\u0259hsil Nazirliyinin \u00dcmumi t\u0259hsild\u0259 m\u0259zmun, t\u0259dris v\u0259 qiym\u0259tl\u0259ndirm\u0259 \u015f\u00f6b\u0259sinin m\u00fcdiri V\u0259fa Yaqublu deyib. Onun s\u00f6zl\u0259rin\u0259 g\u00f6r\u0259, q\u0131\u015f t\u0259tili fevral\u0131n 1-d\u0259k davam ed\u0259c\u0259k. H\u0259min g\u00fcn t\u0259dris ilinin ikinci yar\u0131m ili ba\u015flayacaq.<\/p>\n","protected":false},"author":2,"featured_media":276669,"comment_status":"closed","ping_status":"closed","sticky":false,"template":"","format":"standard","meta":{"om_disable_all_campaigns":false,"_monsterinsights_skip_tracking":false,"_monsterinsights_sitenote_active":false,"_monsterinsights_sitenote_note":"","_monsterinsights_sitenote_category":0},"categories":[23],"tags":[],"aioseo_notices":[],"gutentor_comment":0,"rttpg_featured_image_url":{"full":["https:\/\/arantv.az\/wp-content\/uploads\/2021\/01\/qis.jpg",620,349,false],"landscape":["https:\/\/arantv.az\/wp-content\/uploads\/2021\/01\/qis.jpg",620,349,false],"portraits":["https:\/\/arantv.az\/wp-content\/uploads\/2021\/01\/qis.jpg",620,349,false],"thumbnail":["https:\/\/arantv.az\/wp-content\/uploads\/2021\/01\/qis-150x150.jpg",150,150,true],"medium":["https:\/\/arantv.az\/wp-content\/uploads\/2021\/01\/qis-300x169.jpg",300,169,true],"large":["https:\/\/arantv.az\/wp-content\/uploads\/2021\/01\/qis.jpg",620,349,false],"1536x1536":["https:\/\/arantv.az\/wp-content\/uploads\/2021\/01\/qis.jpg",620,349,false],"2048x2048":["https:\/\/arantv.az\/wp-content\/uploads\/2021\/01\/qis.jpg",620,349,false],"post-thumbnail":["https:\/\/arantv.az\/wp-content\/uploads\/2021\/01\/qis-240x172.jpg",240,172,true],"advps-thumb-one":["https:\/\/arantv.az\/wp-content\/uploads\/2021\/01\/qis.jpg",620,349,false]},"rttpg_author":{"display_name":"V\u00fcsal Rafiqo\u011flu","author_link":"https:\/\/arantv.az\/?author=2"},"rttpg_comment":0,"rttpg_category":"<a href=\"https:\/\/arantv.az\/?cat=23\" rel=\"category\">T\u0259hsil<\/a>","rttpg_excerpt":"Yanvar\u0131n 27-d\u0259 \u015fagirdl\u0259rin q\u0131\u015f t\u0259tili ba\u015flayacaq. ARANTV.AZ\u00a0Trend-\u0259 istinad\u0259n bildirir ki,\u00a0bunu x\u00fcsusi karantin rejimi d\u00f6vr\u00fcnd\u0259 m\u0259kt\u0259bdaxili qiym\u0259tl\u0259ndirm\u0259nin m\u00fcv\u0259qq\u0259ti qaydalar\u0131 bar\u0259d\u0259 dan\u0131\u015fan T\u0259hsil Nazirliyinin \u00dcmumi t\u0259hsild\u0259 m\u0259zmun, t\u0259dris v\u0259 qiym\u0259tl\u0259ndirm\u0259 \u015f\u00f6b\u0259sinin m\u00fcdiri V\u0259fa Yaqublu deyib. Onun s\u00f6zl\u0259rin\u0259 g\u00f6r\u0259, q\u0131\u015f t\u0259tili fevral\u0131n 1-d\u0259k davam ed\u0259c\u0259k. H\u0259min g\u00fcn t\u0259dris ilinin ikinci yar\u0131m ili ba\u015flayacaq.","_links":{"self":[{"href":"https:\/\/arantv.az\/index.php?rest_route=\/wp\/v2\/posts\/276636"}],"collection":[{"href":"https:\/\/arantv.az\/index.php?rest_route=\/wp\/v2\/posts"}],"about":[{"href":"https:\/\/arantv.az\/index.php?rest_route=\/wp\/v2\/types\/post"}],"author":[{"embeddable":true,"href":"https:\/\/arantv.az\/index.php?rest_route=\/wp\/v2\/users\/2"}],"replies":[{"embeddable":true,"href":"https:\/\/arantv.az\/index.php?rest_route=%2Fwp%2Fv2%2Fcomments&post=276636"}],"version-history":[{"count":0,"href":"https:\/\/arantv.az\/index.php?rest_route=\/wp\/v2\/posts\/276636\/revisions"}],"wp:featuredmedia":[{"embeddable":true,"href":"https:\/\/arantv.az\/index.php?rest_route=\/wp\/v2\/media\/276669"}],"wp:attachment":[{"href":"https:\/\/arantv.az\/index.php?rest_route=%2Fwp%2Fv2%2Fmedia&parent=276636"}],"wp:term":[{"taxonomy":"category","embeddable":true,"href":"https:\/\/arantv.az\/index.php?rest_route=%2Fwp%2Fv2%2Fcategories&post=276636"},{"taxonomy":"post_tag","embeddable":true,"href":"https:\/\/arantv.az\/index.php?rest_route=%2Fwp%2Fv2%2Ftags&post=276636"}],"curies":[{"name":"wp","href":"https:\/\/api.w.org\/{rel}","templated":true}]}}