{"id":276640,"date":"2021-01-21T15:39:50","date_gmt":"2021-01-21T12:39:50","guid":{"rendered":"http:\/\/arantv.az\/?p=276640"},"modified":"2021-01-21T15:39:50","modified_gmt":"2021-01-21T12:39:50","slug":"prezident-ilham-%c9%99liyev-anlasma-memorandumunun-imzalanmasi-coxillik-g%c9%99rgin-f%c9%99aliyy%c9%99tinin-n%c9%99tic%c9%99sidir","status":"publish","type":"post","link":"https:\/\/arantv.az\/?p=276640","title":{"rendered":"Prezident \u0130lham \u018fliyev: Anla\u015fma Memorandumunun imzalanmas\u0131 \u00e7oxillik g\u0259rgin f\u0259aliyy\u0259tinin n\u0259tic\u0259sidir"},"content":{"rendered":"<p><strong>Anla\u015fma Memorandumunun imzalanmas\u0131 \u00e7oxillik g\u0259rgin f\u0259aliyy\u0259tinin n\u0259tic\u0259sidir.<\/strong><\/p>\n<p><strong>ARANTV.AZ\u00a0\u00a0<\/strong><a href=\"http:\/\/azertag.az\/\" target=\"_blank\" rel=\"noopener\">AZ\u018fRTAC<\/a>-a istinad\u0259n bildirir ki,\u00a0bunu Prezident \u0130lham \u018fliyev yanvar\u0131n 21-d\u0259 &#8220;Dostluq&#8221; yata\u011f\u0131n\u0131n karbohidrogen resurslar\u0131n\u0131n birg\u0259 k\u0259\u015ffiyyat\u0131, i\u015fl\u0259nilm\u0259si v\u0259 m\u0259nims\u0259nilm\u0259si haqq\u0131nda Anla\u015fma Memorandumunun imzalanmas\u0131 il\u0259 ba\u011fl\u0131 T\u00fcrkm\u0259nistan Prezidenti Qurbanqulu Berdim\u0259h\u0259mm\u0259dovla ke\u00e7iril\u0259n videokonfrans format\u0131nda g\u00f6r\u00fc\u015fd\u0259 \u00e7\u0131x\u0131\u015f\u0131 zaman\u0131 deyib.<\/p>\n<p>D\u00f6vl\u0259t ba\u015f\u00e7\u0131s\u0131 bildirib:<\/p>\n<p>&#8220;Bu g\u00fcn onu da qeyd etm\u0259k ist\u0259rdim ki, bug\u00fcnk\u00fc m\u0259rasim \u00f6lk\u0259l\u0259rimizin m\u00fcst\u0259qilliyinin, suverenliyinin, iqtisadi potensial\u0131n\u0131n m\u00f6hk\u0259ml\u0259ndirilm\u0259si \u00fczr\u0259 \u00e7oxillik g\u0259rgin f\u0259aliyy\u0259tinin n\u0259tic\u0259sidir. Bu g\u00fcn T\u00fcrkm\u0259nistan v\u0259 Az\u0259rbaycan beyn\u0259lxalq arenada tam \u0259sasla m\u00fcst\u0259qil xarici v\u0259 daxili siyas\u0259t bar\u0259d\u0259 dan\u0131\u015fa bil\u0259n \u00f6lk\u0259l\u0259rdir. T\u0259\u0259ss\u00fcf ki, art\u0131q bu g\u00fcn d\u00fcnyada bel\u0259 hallara az-az rast g\u0259lirik. Bizim \u00f6lk\u0259l\u0259rimiz \u00f6zl\u0259rini tamamil\u0259 t\u0259min ed\u0259n \u00f6lk\u0259l\u0259rdir. Onlar ist\u0259r beyn\u0259lxalq kreditl\u0259rd\u0259n, ist\u0259r xarici k\u00f6m\u0259kd\u0259n, ist\u0259rs\u0259 d\u0259 xarici t\u0259sirin h\u0259r hans\u0131 ba\u015fqa formalar\u0131ndan v\u0259 n\u00f6vl\u0259rind\u0259n as\u0131l\u0131 deyil. Bu \u00f6lk\u0259l\u0259r \u00f6z milli, m\u0259n\u0259vi, \u0259xlaqi \u0259n\u0259n\u0259l\u0259rin\u0259 m\u00f6hk\u0259m sadiqdirl\u0259r. Bu, bizi ir\u0259liy\u0259 aparan \u0259sasd\u0131r.<\/p>\n<p>Bu g\u00fcn T\u00fcrkm\u0259nistan v\u0259 Az\u0259rbaycan nisb\u0259t\u0259n g\u0259nc m\u00fcst\u0259qil d\u00f6vl\u0259tl\u0259rdir. Bizim m\u00fcst\u0259qil d\u00f6vl\u0259tl\u0259r\u0259 \u00e7evrilm\u0259yimizd\u0259n h\u0259l\u0259 30 il ke\u00e7m\u0259yib, lakin bu ill\u0259r \u0259rzind\u0259 \u00e7ox b\u00f6y\u00fck u\u011furlar qazana bilmi\u015fik. M\u0259s\u0259l\u0259n, bu g\u00fcn inamla ir\u0259lil\u0259yirik, sosial rifah, iqtisadi inki\u015faf, qlobal transmilli layih\u0259l\u0259r sah\u0259sind\u0259 \u00e7ox m\u00fch\u00fcm m\u0259s\u0259l\u0259l\u0259ri h\u0259ll edirik. \u00d6lk\u0259l\u0259rimiz investisiyalar \u00fc\u00e7\u00fcn a\u00e7\u0131qd\u0131r. Xarici \u015firk\u0259tl\u0259r h\u0259m T\u00fcrkm\u0259nistana, h\u0259m d\u0259 Az\u0259rbaycana inamla b\u00f6y\u00fck v\u0259sait yat\u0131r\u0131rlar. Ona g\u00f6r\u0259 ki, \u0259mindirl\u0259r, onlar\u0131n v\u0259saitl\u0259ri qorunacaq, bizim \u00f6lk\u0259l\u0259rd\u0259 siyasi sabitliy\u0259 \u0259mindirl\u0259r, o da bu g\u00fcn \u0259n m\u00fch\u00fcm inki\u015faf amilidir. Sabitlik olmadan inki\u015faf m\u00fcmk\u00fcn deyil. Sabitlik t\u0259r\u0259qqiy\u0259, rifaha, investisiyalara, \u0259n iri beyn\u0259lxalq \u015firk\u0259tl\u0259rin diqq\u0259tin\u0259 v\u0259 bununla da \u00f6lk\u0259l\u0259rin beyn\u0259lxalq al\u0259md\u0259 rolunun, onlar\u0131n t\u0259sirinin m\u00f6hk\u0259ml\u0259nm\u0259sin\u0259 g\u0259tirib \u00e7\u0131xar\u0131r. Bu g\u00fcn \u00f6lk\u0259l\u0259rimizin h\u0259m tarixi, h\u0259m d\u0259 m\u0259d\u0259ni bax\u0131mdan ox\u015farl\u0131\u011f\u0131, ortaq k\u00f6kl\u0259rimiz, ortaq dilimiz, ortaq dinimiz bar\u0259d\u0259 dan\u0131\u015fark\u0259n, biz, \u0259lb\u0259tt\u0259, b\u00fct\u00fcn bu m\u00fcsb\u0259t c\u0259h\u0259tl\u0259ri bel\u0259 s\u0259m\u0259r\u0259li \u0259m\u0259kda\u015fl\u0131\u011fa transformasiya etmi\u015fik. Bel\u0259likl\u0259, bu g\u00fcn biz, sad\u0259c\u0259, X\u0259z\u0259rd\u0259 bir yataq haqq\u0131nda Memorandum imzalam\u0131r\u0131q, bu g\u00fcn biz m\u00fcnasib\u0259tl\u0259rimizin g\u0259l\u0259c\u0259k u\u011furlu inki\u015faf\u0131nda \u00e7ox m\u00fch\u00fcm add\u0131m at\u0131r\u0131q&#8221;.<\/p>\n","protected":false},"excerpt":{"rendered":"<p>Anla\u015fma Memorandumunun imzalanmas\u0131 \u00e7oxillik g\u0259rgin f\u0259aliyy\u0259tinin n\u0259tic\u0259sidir. ARANTV.AZ\u00a0\u00a0AZ\u018fRTAC-a istinad\u0259n bildirir ki,\u00a0bunu Prezident \u0130lham \u018fliyev yanvar\u0131n 21-d\u0259 &#8220;Dostluq&#8221; yata\u011f\u0131n\u0131n karbohidrogen resurslar\u0131n\u0131n birg\u0259 k\u0259\u015ffiyyat\u0131, i\u015fl\u0259nilm\u0259si v\u0259 m\u0259nims\u0259nilm\u0259si haqq\u0131nda Anla\u015fma Memorandumunun imzalanmas\u0131 il\u0259 ba\u011fl\u0131 T\u00fcrkm\u0259nistan Prezidenti Qurbanqulu Berdim\u0259h\u0259mm\u0259dovla ke\u00e7iril\u0259n videokonfrans format\u0131nda g\u00f6r\u00fc\u015fd\u0259 \u00e7\u0131x\u0131\u015f\u0131 zaman\u0131 deyib. D\u00f6vl\u0259t ba\u015f\u00e7\u0131s\u0131 bildirib: &#8220;Bu g\u00fcn onu da qeyd etm\u0259k ist\u0259rdim ki, bug\u00fcnk\u00fc m\u0259rasim \u00f6lk\u0259l\u0259rimizin m\u00fcst\u0259qilliyinin, suverenliyinin, iqtisadi potensial\u0131n\u0131n m\u00f6hk\u0259ml\u0259ndirilm\u0259si \u00fczr\u0259 \u00e7oxillik g\u0259rgin f\u0259aliyy\u0259tinin n\u0259tic\u0259sidir. Bu g\u00fcn T\u00fcrkm\u0259nistan v\u0259 Az\u0259rbaycan beyn\u0259lxalq arenada tam \u0259sasla m\u00fcst\u0259qil xarici v\u0259 daxili siyas\u0259t bar\u0259d\u0259 dan\u0131\u015fa bil\u0259n \u00f6lk\u0259l\u0259rdir. T\u0259\u0259ss\u00fcf ki, art\u0131q bu g\u00fcn d\u00fcnyada&hellip;<\/p>\n","protected":false},"author":2,"featured_media":276641,"comment_status":"closed","ping_status":"closed","sticky":false,"template":"","format":"standard","meta":{"om_disable_all_campaigns":false,"_monsterinsights_skip_tracking":false,"_monsterinsights_sitenote_active":false,"_monsterinsights_sitenote_note":"","_monsterinsights_sitenote_category":0},"categories":[4],"tags":[],"aioseo_notices":[],"gutentor_comment":0,"rttpg_featured_image_url":{"full":["https:\/\/arantv.az\/wp-content\/uploads\/2021\/01\/915482_00.jpg",800,600,false],"landscape":["https:\/\/arantv.az\/wp-content\/uploads\/2021\/01\/915482_00.jpg",800,600,false],"portraits":["https:\/\/arantv.az\/wp-content\/uploads\/2021\/01\/915482_00.jpg",800,600,false],"thumbnail":["https:\/\/arantv.az\/wp-content\/uploads\/2021\/01\/915482_00-150x150.jpg",150,150,true],"medium":["https:\/\/arantv.az\/wp-content\/uploads\/2021\/01\/915482_00-300x225.jpg",300,225,true],"large":["https:\/\/arantv.az\/wp-content\/uploads\/2021\/01\/915482_00.jpg",640,480,false],"1536x1536":["https:\/\/arantv.az\/wp-content\/uploads\/2021\/01\/915482_00.jpg",800,600,false],"2048x2048":["https:\/\/arantv.az\/wp-content\/uploads\/2021\/01\/915482_00.jpg",800,600,false],"post-thumbnail":["https:\/\/arantv.az\/wp-content\/uploads\/2021\/01\/915482_00-240x172.jpg",240,172,true],"advps-thumb-one":["https:\/\/arantv.az\/wp-content\/uploads\/2021\/01\/915482_00.jpg",800,600,false]},"rttpg_author":{"display_name":"V\u00fcsal Rafiqo\u011flu","author_link":"https:\/\/arantv.az\/?author=2"},"rttpg_comment":0,"rttpg_category":"<a href=\"https:\/\/arantv.az\/?cat=4\" rel=\"category\">Siyas\u0259t<\/a>","rttpg_excerpt":"Anla\u015fma Memorandumunun imzalanmas\u0131 \u00e7oxillik g\u0259rgin f\u0259aliyy\u0259tinin n\u0259tic\u0259sidir. ARANTV.AZ\u00a0\u00a0AZ\u018fRTAC-a istinad\u0259n bildirir ki,\u00a0bunu Prezident \u0130lham \u018fliyev yanvar\u0131n 21-d\u0259 &#8220;Dostluq&#8221; yata\u011f\u0131n\u0131n karbohidrogen resurslar\u0131n\u0131n birg\u0259 k\u0259\u015ffiyyat\u0131, i\u015fl\u0259nilm\u0259si v\u0259 m\u0259nims\u0259nilm\u0259si haqq\u0131nda Anla\u015fma Memorandumunun imzalanmas\u0131 il\u0259 ba\u011fl\u0131 T\u00fcrkm\u0259nistan Prezidenti Qurbanqulu Berdim\u0259h\u0259mm\u0259dovla ke\u00e7iril\u0259n videokonfrans format\u0131nda g\u00f6r\u00fc\u015fd\u0259 \u00e7\u0131x\u0131\u015f\u0131 zaman\u0131 deyib. D\u00f6vl\u0259t ba\u015f\u00e7\u0131s\u0131 bildirib: &#8220;Bu g\u00fcn onu da qeyd etm\u0259k ist\u0259rdim ki, bug\u00fcnk\u00fc m\u0259rasim&hellip;","_links":{"self":[{"href":"https:\/\/arantv.az\/index.php?rest_route=\/wp\/v2\/posts\/276640"}],"collection":[{"href":"https:\/\/arantv.az\/index.php?rest_route=\/wp\/v2\/posts"}],"about":[{"href":"https:\/\/arantv.az\/index.php?rest_route=\/wp\/v2\/types\/post"}],"author":[{"embeddable":true,"href":"https:\/\/arantv.az\/index.php?rest_route=\/wp\/v2\/users\/2"}],"replies":[{"embeddable":true,"href":"https:\/\/arantv.az\/index.php?rest_route=%2Fwp%2Fv2%2Fcomments&post=276640"}],"version-history":[{"count":0,"href":"https:\/\/arantv.az\/index.php?rest_route=\/wp\/v2\/posts\/276640\/revisions"}],"wp:featuredmedia":[{"embeddable":true,"href":"https:\/\/arantv.az\/index.php?rest_route=\/wp\/v2\/media\/276641"}],"wp:attachment":[{"href":"https:\/\/arantv.az\/index.php?rest_route=%2Fwp%2Fv2%2Fmedia&parent=276640"}],"wp:term":[{"taxonomy":"category","embeddable":true,"href":"https:\/\/arantv.az\/index.php?rest_route=%2Fwp%2Fv2%2Fcategories&post=276640"},{"taxonomy":"post_tag","embeddable":true,"href":"https:\/\/arantv.az\/index.php?rest_route=%2Fwp%2Fv2%2Ftags&post=276640"}],"curies":[{"name":"wp","href":"https:\/\/api.w.org\/{rel}","templated":true}]}}