{"id":276644,"date":"2021-01-21T15:40:35","date_gmt":"2021-01-21T12:40:35","guid":{"rendered":"http:\/\/arantv.az\/?p=276644"},"modified":"2021-01-21T15:40:35","modified_gmt":"2021-01-21T12:40:35","slug":"prezident-ilham-%c9%99liyev-x%c9%99z%c9%99rin-qorunmasi-uzr%c9%99-birg%c9%99-f%c9%99aliyy%c9%99t-ucun-olk%c9%99l%c9%99r%c9%99-yeni-imkanlar-acan-konvensiya-razilasdirilib","status":"publish","type":"post","link":"https:\/\/arantv.az\/?p=276644","title":{"rendered":"Prezident \u0130lham \u018fliyev: X\u0259z\u0259rin qorunmas\u0131 \u00fczr\u0259 birg\u0259 f\u0259aliyy\u0259t \u00fc\u00e7\u00fcn \u00f6lk\u0259l\u0259r\u0259 yeni imkanlar a\u00e7an Konvensiya raz\u0131la\u015fd\u0131r\u0131l\u0131b"},"content":{"rendered":"<p><strong>X\u0259z\u0259rin qorunmas\u0131 \u00fczr\u0259 birg\u0259 f\u0259aliyy\u0259t \u00fc\u00e7\u00fcn \u00f6lk\u0259l\u0259r\u0259 yeni imkanlar a\u00e7an Konvensiya raz\u0131la\u015fd\u0131r\u0131l\u0131b.<\/strong><\/p>\n<p><strong>ARANTV.AZ\u00a0\u00a0<\/strong><a href=\"http:\/\/azertag.az\/\" target=\"_blank\" rel=\"noopener\">AZ\u018fRTAC<\/a>-a istinad\u0259n bildirir ki,\u00a0bunu Prezident \u0130lham \u018fliyev yanvar\u0131n 21-d\u0259 &#8220;Dostluq&#8221; yata\u011f\u0131n\u0131n karbohidrogen resurslar\u0131n\u0131n birg\u0259 k\u0259\u015ffiyyat\u0131, i\u015fl\u0259nilm\u0259si v\u0259 m\u0259nims\u0259nilm\u0259si haqq\u0131nda Anla\u015fma Memorandumunun imzalanmas\u0131 il\u0259 ba\u011fl\u0131 T\u00fcrkm\u0259nistan Prezidenti Qurbanqulu Berdim\u0259h\u0259mm\u0259dovla ke\u00e7iril\u0259n videokonfrans format\u0131nda g\u00f6r\u00fc\u015fd\u0259 \u00e7\u0131x\u0131\u015f\u0131 zaman\u0131 deyib.<\/p>\n<p>D\u00f6vl\u0259t ba\u015f\u00e7\u0131s\u0131 bildirib:<\/p>\n<p>&#8220;Bu g\u00fcn bizim m\u00fcnasib\u0259tl\u0259rimizd\u0259 tarixi g\u00fcnd\u00fcr. \u018fmin\u0259m ki, bug\u00fcnk\u00fc imzalanma m\u0259rasimi regional \u0259m\u0259kda\u015fl\u0131\u011f\u0131n inki\u015faf\u0131 \u00fc\u00e7\u00fcn \u00e7ox m\u00fcsb\u0259t s\u0259m\u0259r\u0259y\u0259 malik olacaq. Siz art\u0131q qeyd etdiniz ki, X\u0259z\u0259ryan\u0131 \u00f6lk\u0259l\u0259rin \u0259m\u0259kda\u015fl\u0131\u011f\u0131 da \u00e7ox dinamik, qar\u015f\u0131l\u0131ql\u0131 anla\u015fma v\u0259 qar\u015f\u0131l\u0131ql\u0131 d\u0259st\u0259k ruhunda inki\u015faf edir, bunun n\u0259tic\u0259sind\u0259 X\u0259z\u0259r d\u0259nizinin h\u00fcquqi statusu haqq\u0131nda Konvensiya imzalan\u0131b. X\u0259z\u0259ryan\u0131 \u00f6lk\u0259l\u0259r xo\u015f m\u0259ram, siyasi irad\u0259 n\u00fcmayi\u015f etdiribl\u0259r. \u00c7oxillik uzun diskussiyalardan sonra enerji resurslar\u0131n\u0131n m\u0259nims\u0259nilm\u0259si, habel\u0259 X\u0259z\u0259rin qorunmas\u0131 \u00fczr\u0259 birg\u0259 f\u0259aliyy\u0259t \u00fc\u00e7\u00fcn \u00f6lk\u0259l\u0259r\u0259 yeni imkanlar a\u00e7an Konvensiya raz\u0131la\u015fd\u0131r\u0131l\u0131b. Biz birg\u0259 s\u0259yl\u0259rimizl\u0259 bundan sonra da xalqlar\u0131m\u0131za bu q\u0259d\u0259r nem\u0259tl\u0259r b\u0259x\u015f ed\u0259n bu nadir su h\u00f6vz\u0259sini qorumaq \u00fc\u00e7\u00fcn n\u0259 laz\u0131md\u0131rsa etm\u0259liyik. Bu g\u00fcn imzalanma prosesini m\u00fc\u015fahid\u0259 ed\u0259r\u0259k d\u00fc\u015f\u00fcnd\u00fcm ki, \u0259cdadlar\u0131m\u0131z bug\u00fcnk\u00fc m\u0259rasimi g\u00f6rs\u0259ydil\u0259r, y\u0259qin ki, \u015fad olard\u0131lar. Nec\u0259 dey\u0259rl\u0259r, onlar\u0131n ruhu \u015fadd\u0131r. Onlar biz\u0259 g\u00f6r\u0259, iki qarda\u015f xalq\u0131n \u0259l-\u0259l\u0259, \u00e7iyin-\u00e7iyin\u0259 birlikd\u0259 inamla ir\u0259lil\u0259m\u0259sin\u0259, bir-birini d\u0259st\u0259kl\u0259m\u0259sin\u0259, \u00f6z xalqlar\u0131n\u0131n g\u0259l\u0259c\u0259yi namin\u0259 \u0259m\u0259kda\u015fl\u0131q etm\u0259sin\u0259, bununla da \u00f6lk\u0259l\u0259rimizin h\u0259l\u0259 ill\u0259r boyu, onillikl\u0259r boyu davaml\u0131 inki\u015faf\u0131n\u0131 t\u0259min etm\u0259l\u0259rin\u0259 g\u00f6r\u0259 q\u00fcrur duyard\u0131lar&#8221;.<\/p>\n","protected":false},"excerpt":{"rendered":"<p>X\u0259z\u0259rin qorunmas\u0131 \u00fczr\u0259 birg\u0259 f\u0259aliyy\u0259t \u00fc\u00e7\u00fcn \u00f6lk\u0259l\u0259r\u0259 yeni imkanlar a\u00e7an Konvensiya raz\u0131la\u015fd\u0131r\u0131l\u0131b. ARANTV.AZ\u00a0\u00a0AZ\u018fRTAC-a istinad\u0259n bildirir ki,\u00a0bunu Prezident \u0130lham \u018fliyev yanvar\u0131n 21-d\u0259 &#8220;Dostluq&#8221; yata\u011f\u0131n\u0131n karbohidrogen resurslar\u0131n\u0131n birg\u0259 k\u0259\u015ffiyyat\u0131, i\u015fl\u0259nilm\u0259si v\u0259 m\u0259nims\u0259nilm\u0259si haqq\u0131nda Anla\u015fma Memorandumunun imzalanmas\u0131 il\u0259 ba\u011fl\u0131 T\u00fcrkm\u0259nistan Prezidenti Qurbanqulu Berdim\u0259h\u0259mm\u0259dovla ke\u00e7iril\u0259n videokonfrans format\u0131nda g\u00f6r\u00fc\u015fd\u0259 \u00e7\u0131x\u0131\u015f\u0131 zaman\u0131 deyib. D\u00f6vl\u0259t ba\u015f\u00e7\u0131s\u0131 bildirib: &#8220;Bu g\u00fcn bizim m\u00fcnasib\u0259tl\u0259rimizd\u0259 tarixi g\u00fcnd\u00fcr. \u018fmin\u0259m ki, bug\u00fcnk\u00fc imzalanma m\u0259rasimi regional \u0259m\u0259kda\u015fl\u0131\u011f\u0131n inki\u015faf\u0131 \u00fc\u00e7\u00fcn \u00e7ox m\u00fcsb\u0259t s\u0259m\u0259r\u0259y\u0259 malik olacaq. Siz art\u0131q qeyd etdiniz ki, X\u0259z\u0259ryan\u0131 \u00f6lk\u0259l\u0259rin \u0259m\u0259kda\u015fl\u0131\u011f\u0131 da \u00e7ox dinamik, qar\u015f\u0131l\u0131ql\u0131 anla\u015fma v\u0259 qar\u015f\u0131l\u0131ql\u0131 d\u0259st\u0259k ruhunda inki\u015faf edir, bunun&hellip;<\/p>\n","protected":false},"author":2,"featured_media":276645,"comment_status":"closed","ping_status":"closed","sticky":false,"template":"","format":"standard","meta":{"om_disable_all_campaigns":false,"_monsterinsights_skip_tracking":false,"_monsterinsights_sitenote_active":false,"_monsterinsights_sitenote_note":"","_monsterinsights_sitenote_category":0},"categories":[4],"tags":[],"aioseo_notices":[],"gutentor_comment":0,"rttpg_featured_image_url":{"full":["https:\/\/arantv.az\/wp-content\/uploads\/2021\/01\/915562.jpg",800,600,false],"landscape":["https:\/\/arantv.az\/wp-content\/uploads\/2021\/01\/915562.jpg",800,600,false],"portraits":["https:\/\/arantv.az\/wp-content\/uploads\/2021\/01\/915562.jpg",800,600,false],"thumbnail":["https:\/\/arantv.az\/wp-content\/uploads\/2021\/01\/915562-150x150.jpg",150,150,true],"medium":["https:\/\/arantv.az\/wp-content\/uploads\/2021\/01\/915562-300x225.jpg",300,225,true],"large":["https:\/\/arantv.az\/wp-content\/uploads\/2021\/01\/915562.jpg",640,480,false],"1536x1536":["https:\/\/arantv.az\/wp-content\/uploads\/2021\/01\/915562.jpg",800,600,false],"2048x2048":["https:\/\/arantv.az\/wp-content\/uploads\/2021\/01\/915562.jpg",800,600,false],"post-thumbnail":["https:\/\/arantv.az\/wp-content\/uploads\/2021\/01\/915562-240x172.jpg",240,172,true],"advps-thumb-one":["https:\/\/arantv.az\/wp-content\/uploads\/2021\/01\/915562.jpg",800,600,false]},"rttpg_author":{"display_name":"V\u00fcsal Rafiqo\u011flu","author_link":"https:\/\/arantv.az\/?author=2"},"rttpg_comment":0,"rttpg_category":"<a href=\"https:\/\/arantv.az\/?cat=4\" rel=\"category\">Siyas\u0259t<\/a>","rttpg_excerpt":"X\u0259z\u0259rin qorunmas\u0131 \u00fczr\u0259 birg\u0259 f\u0259aliyy\u0259t \u00fc\u00e7\u00fcn \u00f6lk\u0259l\u0259r\u0259 yeni imkanlar a\u00e7an Konvensiya raz\u0131la\u015fd\u0131r\u0131l\u0131b. ARANTV.AZ\u00a0\u00a0AZ\u018fRTAC-a istinad\u0259n bildirir ki,\u00a0bunu Prezident \u0130lham \u018fliyev yanvar\u0131n 21-d\u0259 &#8220;Dostluq&#8221; yata\u011f\u0131n\u0131n karbohidrogen resurslar\u0131n\u0131n birg\u0259 k\u0259\u015ffiyyat\u0131, i\u015fl\u0259nilm\u0259si v\u0259 m\u0259nims\u0259nilm\u0259si haqq\u0131nda Anla\u015fma Memorandumunun imzalanmas\u0131 il\u0259 ba\u011fl\u0131 T\u00fcrkm\u0259nistan Prezidenti Qurbanqulu Berdim\u0259h\u0259mm\u0259dovla ke\u00e7iril\u0259n videokonfrans format\u0131nda g\u00f6r\u00fc\u015fd\u0259 \u00e7\u0131x\u0131\u015f\u0131 zaman\u0131 deyib. D\u00f6vl\u0259t ba\u015f\u00e7\u0131s\u0131 bildirib: &#8220;Bu g\u00fcn bizim m\u00fcnasib\u0259tl\u0259rimizd\u0259 tarixi&hellip;","_links":{"self":[{"href":"https:\/\/arantv.az\/index.php?rest_route=\/wp\/v2\/posts\/276644"}],"collection":[{"href":"https:\/\/arantv.az\/index.php?rest_route=\/wp\/v2\/posts"}],"about":[{"href":"https:\/\/arantv.az\/index.php?rest_route=\/wp\/v2\/types\/post"}],"author":[{"embeddable":true,"href":"https:\/\/arantv.az\/index.php?rest_route=\/wp\/v2\/users\/2"}],"replies":[{"embeddable":true,"href":"https:\/\/arantv.az\/index.php?rest_route=%2Fwp%2Fv2%2Fcomments&post=276644"}],"version-history":[{"count":0,"href":"https:\/\/arantv.az\/index.php?rest_route=\/wp\/v2\/posts\/276644\/revisions"}],"wp:featuredmedia":[{"embeddable":true,"href":"https:\/\/arantv.az\/index.php?rest_route=\/wp\/v2\/media\/276645"}],"wp:attachment":[{"href":"https:\/\/arantv.az\/index.php?rest_route=%2Fwp%2Fv2%2Fmedia&parent=276644"}],"wp:term":[{"taxonomy":"category","embeddable":true,"href":"https:\/\/arantv.az\/index.php?rest_route=%2Fwp%2Fv2%2Fcategories&post=276644"},{"taxonomy":"post_tag","embeddable":true,"href":"https:\/\/arantv.az\/index.php?rest_route=%2Fwp%2Fv2%2Ftags&post=276644"}],"curies":[{"name":"wp","href":"https:\/\/api.w.org\/{rel}","templated":true}]}}