{"id":276656,"date":"2021-01-21T15:42:57","date_gmt":"2021-01-21T12:42:57","guid":{"rendered":"http:\/\/arantv.az\/?p=276656"},"modified":"2021-01-21T15:42:57","modified_gmt":"2021-01-21T12:42:57","slug":"prezident-ilham-%c9%99liyev-bu-memorandumu-imzalamagimiz-%c9%99lam%c9%99tdar-hadis%c9%99dir-onun-musb%c9%99t-n%c9%99tic%c9%99l%c9%99ri-olacaq","status":"publish","type":"post","link":"https:\/\/arantv.az\/?p=276656","title":{"rendered":"Prezident \u0130lham \u018fliyev: Bu Memorandumu imzalama\u011f\u0131m\u0131z \u0259lam\u0259tdar hadis\u0259dir, onun m\u00fcsb\u0259t n\u0259tic\u0259l\u0259ri olacaq"},"content":{"rendered":"<p><strong>Bu Memorandumu imzalama\u011f\u0131m\u0131z \u0259lam\u0259tdar hadis\u0259dir, onun m\u00fcsb\u0259t n\u0259tic\u0259l\u0259ri olacaq.<\/strong><\/p>\n<p><strong>ARANTV.AZ\u00a0\u00a0<\/strong><a href=\"http:\/\/azertag.az\/\" target=\"_blank\" rel=\"noopener\">AZ\u018fRTAC<\/a>-a istinad\u0259n bildirir ki,\u00a0bunu Prezident \u0130lham \u018fliyev yanvar\u0131n 21-d\u0259 &#8220;Dostluq&#8221; yata\u011f\u0131n\u0131n karbohidrogen resurslar\u0131n\u0131n birg\u0259 k\u0259\u015ffiyyat\u0131, i\u015fl\u0259nilm\u0259si v\u0259 m\u0259nims\u0259nilm\u0259si haqq\u0131nda Anla\u015fma Memorandumunun imzalanmas\u0131 il\u0259 ba\u011fl\u0131 T\u00fcrkm\u0259nistan Prezidenti Qurbanqulu Berdim\u0259h\u0259mm\u0259dovla ke\u00e7iril\u0259n videokonfrans format\u0131nda g\u00f6r\u00fc\u015fd\u0259 \u00e7\u0131x\u0131\u015f\u0131 zaman\u0131 deyib.<\/p>\n<p>D\u00f6vl\u0259t ba\u015f\u00e7\u0131s\u0131 bildirib:<\/p>\n<p>&#8220;T\u00fcrkm\u0259nistan\u0131n n\u0259qliyyat-logistika potensial\u0131n\u0131n m\u00f6hk\u0259ml\u0259nm\u0259si i\u015find\u0259 Sizin \u015f\u0259xsi xidm\u0259tl\u0259rinizi x\u00fcsusi qeyd etm\u0259k ist\u0259rdim. Ona g\u00f6r\u0259 ki, tranzitl\u0259 ba\u011fl\u0131 m\u0259s\u0259l\u0259l\u0259rd\u0259 qon\u015fu \u00f6lk\u0259l\u0259rl\u0259 qar\u015f\u0131l\u0131ql\u0131 f\u0259aliyy\u0259t olmasa, n\u0259tic\u0259 \u0259ld\u0259 etm\u0259k m\u00fcmk\u00fcn deyil. Bu g\u00fcn bizim n\u0259qliyyat-logistika infrastrukturunun y\u00fcks\u0259k s\u0259viyy\u0259sini qeyd etm\u0259yimiz T\u00fcrkm\u0259nistan\u0131n v\u0259 Az\u0259rbaycan\u0131n bu sah\u0259d\u0259 m\u0259qs\u0259dy\u00f6nl\u00fc f\u0259aliyy\u0259tin\u0259 d\u0259lal\u0259t edir. Bu, bizim regionda v\u0259 h\u0259tta bu regiondan uzaqda &#8211; Avrasiya m\u0259kan\u0131nda yerl\u0259\u015f\u0259n b\u00fct\u00fcn \u00f6lk\u0259l\u0259r \u00fc\u00e7\u00fcn \u00e7ox b\u00f6y\u00fck imkanlar yarad\u0131r. Ona g\u00f6r\u0259 ki, n\u0259qliyyat sferas\u0131 da enerji sferas\u0131 kimi, \u00f6lk\u0259l\u0259ri birl\u0259\u015fdirir. Bir daha dem\u0259k ist\u0259yir\u0259m, bu g\u00fcn bizim bu Memorandumu imzalama\u011f\u0131m\u0131z \u0259lam\u0259tdar hadis\u0259dir, onun m\u00fcsb\u0259t n\u0259tic\u0259l\u0259ri olacaq.<\/p>\n<p>Sizin dediyiniz regional \u0259m\u0259kda\u015fl\u0131q m\u0259s\u0259l\u0259sin\u0259 d\u0259 toxunmaq ist\u0259rdim. Az\u0259rbaycan, T\u00fcrkm\u0259nistan v\u0259 T\u00fcrkiy\u0259 aras\u0131nda, h\u0259m\u00e7inin Az\u0259rbaycan, \u018ffqan\u0131stan v\u0259 T\u00fcrkm\u0259nistan aras\u0131nda \u00fc\u00e7t\u0259r\u0259fli \u0259m\u0259kda\u015fl\u0131q format\u0131 art\u0131q m\u00f6vcuddur. Bu \u0259m\u0259kda\u015fl\u0131q konkret n\u0259tic\u0259y\u0259, biznes f\u0259aliyy\u0259ti, iri infrastruktur layih\u0259l\u0259rinin realla\u015fd\u0131r\u0131lmas\u0131 \u00fc\u00e7\u00fcn daha \u0259lveri\u015fli \u015f\u0259rait yarad\u0131lmas\u0131na y\u00f6n\u0259lib&#8221;.<\/p>\n","protected":false},"excerpt":{"rendered":"<p>Bu Memorandumu imzalama\u011f\u0131m\u0131z \u0259lam\u0259tdar hadis\u0259dir, onun m\u00fcsb\u0259t n\u0259tic\u0259l\u0259ri olacaq. ARANTV.AZ\u00a0\u00a0AZ\u018fRTAC-a istinad\u0259n bildirir ki,\u00a0bunu Prezident \u0130lham \u018fliyev yanvar\u0131n 21-d\u0259 &#8220;Dostluq&#8221; yata\u011f\u0131n\u0131n karbohidrogen resurslar\u0131n\u0131n birg\u0259 k\u0259\u015ffiyyat\u0131, i\u015fl\u0259nilm\u0259si v\u0259 m\u0259nims\u0259nilm\u0259si haqq\u0131nda Anla\u015fma Memorandumunun imzalanmas\u0131 il\u0259 ba\u011fl\u0131 T\u00fcrkm\u0259nistan Prezidenti Qurbanqulu Berdim\u0259h\u0259mm\u0259dovla ke\u00e7iril\u0259n videokonfrans format\u0131nda g\u00f6r\u00fc\u015fd\u0259 \u00e7\u0131x\u0131\u015f\u0131 zaman\u0131 deyib. D\u00f6vl\u0259t ba\u015f\u00e7\u0131s\u0131 bildirib: &#8220;T\u00fcrkm\u0259nistan\u0131n n\u0259qliyyat-logistika potensial\u0131n\u0131n m\u00f6hk\u0259ml\u0259nm\u0259si i\u015find\u0259 Sizin \u015f\u0259xsi xidm\u0259tl\u0259rinizi x\u00fcsusi qeyd etm\u0259k ist\u0259rdim. Ona g\u00f6r\u0259 ki, tranzitl\u0259 ba\u011fl\u0131 m\u0259s\u0259l\u0259l\u0259rd\u0259 qon\u015fu \u00f6lk\u0259l\u0259rl\u0259 qar\u015f\u0131l\u0131ql\u0131 f\u0259aliyy\u0259t olmasa, n\u0259tic\u0259 \u0259ld\u0259 etm\u0259k m\u00fcmk\u00fcn deyil. Bu g\u00fcn bizim n\u0259qliyyat-logistika infrastrukturunun y\u00fcks\u0259k s\u0259viyy\u0259sini qeyd etm\u0259yimiz T\u00fcrkm\u0259nistan\u0131n v\u0259 Az\u0259rbaycan\u0131n bu sah\u0259d\u0259 m\u0259qs\u0259dy\u00f6nl\u00fc&hellip;<\/p>\n","protected":false},"author":2,"featured_media":276657,"comment_status":"closed","ping_status":"closed","sticky":false,"template":"","format":"standard","meta":{"om_disable_all_campaigns":false,"_monsterinsights_skip_tracking":false,"_monsterinsights_sitenote_active":false,"_monsterinsights_sitenote_note":"","_monsterinsights_sitenote_category":0},"categories":[4],"tags":[],"aioseo_notices":[],"gutentor_comment":0,"rttpg_featured_image_url":{"full":["https:\/\/arantv.az\/wp-content\/uploads\/2021\/01\/915482_05.jpg",916,669,false],"landscape":["https:\/\/arantv.az\/wp-content\/uploads\/2021\/01\/915482_05.jpg",916,669,false],"portraits":["https:\/\/arantv.az\/wp-content\/uploads\/2021\/01\/915482_05.jpg",916,669,false],"thumbnail":["https:\/\/arantv.az\/wp-content\/uploads\/2021\/01\/915482_05-150x150.jpg",150,150,true],"medium":["https:\/\/arantv.az\/wp-content\/uploads\/2021\/01\/915482_05-300x219.jpg",300,219,true],"large":["https:\/\/arantv.az\/wp-content\/uploads\/2021\/01\/915482_05.jpg",640,467,false],"1536x1536":["https:\/\/arantv.az\/wp-content\/uploads\/2021\/01\/915482_05.jpg",916,669,false],"2048x2048":["https:\/\/arantv.az\/wp-content\/uploads\/2021\/01\/915482_05.jpg",916,669,false],"post-thumbnail":["https:\/\/arantv.az\/wp-content\/uploads\/2021\/01\/915482_05-240x172.jpg",240,172,true],"advps-thumb-one":["https:\/\/arantv.az\/wp-content\/uploads\/2021\/01\/915482_05-916x620.jpg",916,620,true]},"rttpg_author":{"display_name":"V\u00fcsal Rafiqo\u011flu","author_link":"https:\/\/arantv.az\/?author=2"},"rttpg_comment":0,"rttpg_category":"<a href=\"https:\/\/arantv.az\/?cat=4\" rel=\"category\">Siyas\u0259t<\/a>","rttpg_excerpt":"Bu Memorandumu imzalama\u011f\u0131m\u0131z \u0259lam\u0259tdar hadis\u0259dir, onun m\u00fcsb\u0259t n\u0259tic\u0259l\u0259ri olacaq. ARANTV.AZ\u00a0\u00a0AZ\u018fRTAC-a istinad\u0259n bildirir ki,\u00a0bunu Prezident \u0130lham \u018fliyev yanvar\u0131n 21-d\u0259 &#8220;Dostluq&#8221; yata\u011f\u0131n\u0131n karbohidrogen resurslar\u0131n\u0131n birg\u0259 k\u0259\u015ffiyyat\u0131, i\u015fl\u0259nilm\u0259si v\u0259 m\u0259nims\u0259nilm\u0259si haqq\u0131nda Anla\u015fma Memorandumunun imzalanmas\u0131 il\u0259 ba\u011fl\u0131 T\u00fcrkm\u0259nistan Prezidenti Qurbanqulu Berdim\u0259h\u0259mm\u0259dovla ke\u00e7iril\u0259n videokonfrans format\u0131nda g\u00f6r\u00fc\u015fd\u0259 \u00e7\u0131x\u0131\u015f\u0131 zaman\u0131 deyib. D\u00f6vl\u0259t ba\u015f\u00e7\u0131s\u0131 bildirib: &#8220;T\u00fcrkm\u0259nistan\u0131n n\u0259qliyyat-logistika potensial\u0131n\u0131n m\u00f6hk\u0259ml\u0259nm\u0259si i\u015find\u0259 Sizin \u015f\u0259xsi xidm\u0259tl\u0259rinizi&hellip;","_links":{"self":[{"href":"https:\/\/arantv.az\/index.php?rest_route=\/wp\/v2\/posts\/276656"}],"collection":[{"href":"https:\/\/arantv.az\/index.php?rest_route=\/wp\/v2\/posts"}],"about":[{"href":"https:\/\/arantv.az\/index.php?rest_route=\/wp\/v2\/types\/post"}],"author":[{"embeddable":true,"href":"https:\/\/arantv.az\/index.php?rest_route=\/wp\/v2\/users\/2"}],"replies":[{"embeddable":true,"href":"https:\/\/arantv.az\/index.php?rest_route=%2Fwp%2Fv2%2Fcomments&post=276656"}],"version-history":[{"count":0,"href":"https:\/\/arantv.az\/index.php?rest_route=\/wp\/v2\/posts\/276656\/revisions"}],"wp:featuredmedia":[{"embeddable":true,"href":"https:\/\/arantv.az\/index.php?rest_route=\/wp\/v2\/media\/276657"}],"wp:attachment":[{"href":"https:\/\/arantv.az\/index.php?rest_route=%2Fwp%2Fv2%2Fmedia&parent=276656"}],"wp:term":[{"taxonomy":"category","embeddable":true,"href":"https:\/\/arantv.az\/index.php?rest_route=%2Fwp%2Fv2%2Fcategories&post=276656"},{"taxonomy":"post_tag","embeddable":true,"href":"https:\/\/arantv.az\/index.php?rest_route=%2Fwp%2Fv2%2Ftags&post=276656"}],"curies":[{"name":"wp","href":"https:\/\/api.w.org\/{rel}","templated":true}]}}