{"id":276660,"date":"2021-01-21T15:44:25","date_gmt":"2021-01-21T12:44:25","guid":{"rendered":"http:\/\/arantv.az\/?p=276660"},"modified":"2021-01-21T15:44:25","modified_gmt":"2021-01-21T12:44:25","slug":"az%c9%99rbaycan-prezidenti-anlasma-memorandumu-x%c9%99z%c9%99rin-karbohidrogen-resurslarinin-m%c9%99nims%c9%99nilm%c9%99sind%c9%99-yeni-s%c9%99hif%c9%99-acir","status":"publish","type":"post","link":"https:\/\/arantv.az\/?p=276660","title":{"rendered":"Az\u0259rbaycan Prezidenti: Anla\u015fma Memorandumu X\u0259z\u0259rin karbohidrogen resurslar\u0131n\u0131n m\u0259nims\u0259nilm\u0259sind\u0259 yeni s\u0259hif\u0259 a\u00e7\u0131r"},"content":{"rendered":"<p><strong>Anla\u015fma Memorandumu\u00a0X\u0259z\u0259rin karbohidrogen resurslar\u0131n\u0131n m\u0259nims\u0259nilm\u0259sind\u0259 yeni s\u0259hif\u0259 a\u00e7\u0131r.<\/strong><\/p>\n<p><strong>ARANTV.AZ<\/strong>\u00a0\u00a0<a href=\"http:\/\/azertag.az\/\" target=\"_blank\" rel=\"noopener\">AZ\u018fRTAC<\/a>-a istinad\u0259n bildirir ki,\u00a0bunu Prezident \u0130lham \u018fliyev yanvar\u0131n 21-d\u0259 &#8220;Dostluq&#8221; yata\u011f\u0131n\u0131n karbohidrogen resurslar\u0131n\u0131n birg\u0259 k\u0259\u015ffiyyat\u0131, i\u015fl\u0259nilm\u0259si v\u0259 m\u0259nims\u0259nilm\u0259si haqq\u0131nda Anla\u015fma Memorandumunun imzalanmas\u0131 il\u0259 ba\u011fl\u0131 T\u00fcrkm\u0259nistan Prezidenti Qurbanqulu Berdim\u0259h\u0259mm\u0259dovla ke\u00e7iril\u0259n videokonfrans format\u0131nda g\u00f6r\u00fc\u015fd\u0259 \u00e7\u0131x\u0131\u015f\u0131 zaman\u0131 deyib.<\/p>\n<p>D\u00f6vl\u0259t ba\u015f\u00e7\u0131s\u0131 bildirib:<\/p>\n<p>&#8220;Son ill\u0259rd\u0259 \u00f6lk\u0259l\u0259rimiz aras\u0131nda m\u00fcnasib\u0259tl\u0259r \u00e7ox m\u00fcsb\u0259t dinamikaya malikdir. Ali s\u0259viyy\u0259d\u0259 qar\u015f\u0131l\u0131ql\u0131 s\u0259f\u0259rl\u0259rimizin xronologiyas\u0131na n\u0259z\u0259r salmaq kifay\u0259tdir. Son 3 ild\u0259 T\u00fcrkm\u0259nistan v\u0259 Az\u0259rbaycan prezidentl\u0259rinin 5 qar\u015f\u0131l\u0131ql\u0131 s\u0259f\u0259ri olub. Bu s\u0259f\u0259rl\u0259r \u00e7\u0259r\u00e7iv\u0259sind\u0259 50-d\u0259n \u00e7ox s\u0259n\u0259d imzalan\u0131b. M\u00fcqayis\u0259 \u00fc\u00e7\u00fcn deyim ki, bizim qar\u015f\u0131l\u0131ql\u0131 m\u00fcnasib\u0259tl\u0259rimizin b\u00fct\u00fcn tarixi \u0259rzind\u0259 100-d\u0259n \u00e7ox s\u0259n\u0259d imzalan\u0131b, onlar\u0131n yar\u0131s\u0131 son 3 ild\u0259 imzalan\u0131b. \u018fn sevindirici hal ondan ibar\u0259tdir ki, b\u00fct\u00fcn bu s\u0259n\u0259dl\u0259r, o c\u00fcml\u0259d\u0259n enerji sah\u0259sind\u0259 \u0259m\u0259kda\u015fl\u0131\u011fa dair \u0259ld\u0259 etdiyimiz raz\u0131la\u015fmalar yerin\u0259 yetirilir. Bug\u00fcnk\u00fc imzalama X\u0259z\u0259rin karbohidrogen resurslar\u0131n\u0131n m\u0259nims\u0259nilm\u0259sind\u0259 yeni s\u0259hif\u0259 a\u00e7\u0131r. Bu layih\u0259 \u00f6lk\u0259l\u0259rimizin, habel\u0259 qon\u015fular\u0131m\u0131z\u0131n enerji t\u0259hl\u00fck\u0259sizliyinin m\u00f6hk\u0259ml\u0259nm\u0259sin\u0259 \u015f\u0259rait yaradacaq. Bu layih\u0259 ixrac \u00fc\u00e7\u00fcn b\u00f6y\u00fck imkanlar a\u00e7\u0131r, ona g\u00f6r\u0259 d\u0259 xalqlar\u0131m\u0131z\u0131n rifah\u0131n\u0131n y\u00fcks\u0259lm\u0259sin\u0259 \u015f\u0259rait yaradacaq&#8221;.<\/p>\n","protected":false},"excerpt":{"rendered":"<p>Anla\u015fma Memorandumu\u00a0X\u0259z\u0259rin karbohidrogen resurslar\u0131n\u0131n m\u0259nims\u0259nilm\u0259sind\u0259 yeni s\u0259hif\u0259 a\u00e7\u0131r. ARANTV.AZ\u00a0\u00a0AZ\u018fRTAC-a istinad\u0259n bildirir ki,\u00a0bunu Prezident \u0130lham \u018fliyev yanvar\u0131n 21-d\u0259 &#8220;Dostluq&#8221; yata\u011f\u0131n\u0131n karbohidrogen resurslar\u0131n\u0131n birg\u0259 k\u0259\u015ffiyyat\u0131, i\u015fl\u0259nilm\u0259si v\u0259 m\u0259nims\u0259nilm\u0259si haqq\u0131nda Anla\u015fma Memorandumunun imzalanmas\u0131 il\u0259 ba\u011fl\u0131 T\u00fcrkm\u0259nistan Prezidenti Qurbanqulu Berdim\u0259h\u0259mm\u0259dovla ke\u00e7iril\u0259n videokonfrans format\u0131nda g\u00f6r\u00fc\u015fd\u0259 \u00e7\u0131x\u0131\u015f\u0131 zaman\u0131 deyib. D\u00f6vl\u0259t ba\u015f\u00e7\u0131s\u0131 bildirib: &#8220;Son ill\u0259rd\u0259 \u00f6lk\u0259l\u0259rimiz aras\u0131nda m\u00fcnasib\u0259tl\u0259r \u00e7ox m\u00fcsb\u0259t dinamikaya malikdir. Ali s\u0259viyy\u0259d\u0259 qar\u015f\u0131l\u0131ql\u0131 s\u0259f\u0259rl\u0259rimizin xronologiyas\u0131na n\u0259z\u0259r salmaq kifay\u0259tdir. Son 3 ild\u0259 T\u00fcrkm\u0259nistan v\u0259 Az\u0259rbaycan prezidentl\u0259rinin 5 qar\u015f\u0131l\u0131ql\u0131 s\u0259f\u0259ri olub. Bu s\u0259f\u0259rl\u0259r \u00e7\u0259r\u00e7iv\u0259sind\u0259 50-d\u0259n \u00e7ox s\u0259n\u0259d imzalan\u0131b. M\u00fcqayis\u0259 \u00fc\u00e7\u00fcn deyim ki, bizim qar\u015f\u0131l\u0131ql\u0131 m\u00fcnasib\u0259tl\u0259rimizin b\u00fct\u00fcn tarixi&hellip;<\/p>\n","protected":false},"author":2,"featured_media":276661,"comment_status":"closed","ping_status":"closed","sticky":false,"template":"","format":"standard","meta":{"om_disable_all_campaigns":false,"_monsterinsights_skip_tracking":false,"_monsterinsights_sitenote_active":false,"_monsterinsights_sitenote_note":"","_monsterinsights_sitenote_category":0},"categories":[4],"tags":[],"aioseo_notices":[],"gutentor_comment":0,"rttpg_featured_image_url":{"full":["https:\/\/arantv.az\/wp-content\/uploads\/2021\/01\/915482.jpg",800,600,false],"landscape":["https:\/\/arantv.az\/wp-content\/uploads\/2021\/01\/915482.jpg",800,600,false],"portraits":["https:\/\/arantv.az\/wp-content\/uploads\/2021\/01\/915482.jpg",800,600,false],"thumbnail":["https:\/\/arantv.az\/wp-content\/uploads\/2021\/01\/915482-150x150.jpg",150,150,true],"medium":["https:\/\/arantv.az\/wp-content\/uploads\/2021\/01\/915482-300x225.jpg",300,225,true],"large":["https:\/\/arantv.az\/wp-content\/uploads\/2021\/01\/915482.jpg",640,480,false],"1536x1536":["https:\/\/arantv.az\/wp-content\/uploads\/2021\/01\/915482.jpg",800,600,false],"2048x2048":["https:\/\/arantv.az\/wp-content\/uploads\/2021\/01\/915482.jpg",800,600,false],"post-thumbnail":["https:\/\/arantv.az\/wp-content\/uploads\/2021\/01\/915482-240x172.jpg",240,172,true],"advps-thumb-one":["https:\/\/arantv.az\/wp-content\/uploads\/2021\/01\/915482.jpg",800,600,false]},"rttpg_author":{"display_name":"V\u00fcsal Rafiqo\u011flu","author_link":"https:\/\/arantv.az\/?author=2"},"rttpg_comment":0,"rttpg_category":"<a href=\"https:\/\/arantv.az\/?cat=4\" rel=\"category\">Siyas\u0259t<\/a>","rttpg_excerpt":"Anla\u015fma Memorandumu\u00a0X\u0259z\u0259rin karbohidrogen resurslar\u0131n\u0131n m\u0259nims\u0259nilm\u0259sind\u0259 yeni s\u0259hif\u0259 a\u00e7\u0131r. ARANTV.AZ\u00a0\u00a0AZ\u018fRTAC-a istinad\u0259n bildirir ki,\u00a0bunu Prezident \u0130lham \u018fliyev yanvar\u0131n 21-d\u0259 &#8220;Dostluq&#8221; yata\u011f\u0131n\u0131n karbohidrogen resurslar\u0131n\u0131n birg\u0259 k\u0259\u015ffiyyat\u0131, i\u015fl\u0259nilm\u0259si v\u0259 m\u0259nims\u0259nilm\u0259si haqq\u0131nda Anla\u015fma Memorandumunun imzalanmas\u0131 il\u0259 ba\u011fl\u0131 T\u00fcrkm\u0259nistan Prezidenti Qurbanqulu Berdim\u0259h\u0259mm\u0259dovla ke\u00e7iril\u0259n videokonfrans format\u0131nda g\u00f6r\u00fc\u015fd\u0259 \u00e7\u0131x\u0131\u015f\u0131 zaman\u0131 deyib. D\u00f6vl\u0259t ba\u015f\u00e7\u0131s\u0131 bildirib: &#8220;Son ill\u0259rd\u0259 \u00f6lk\u0259l\u0259rimiz aras\u0131nda m\u00fcnasib\u0259tl\u0259r \u00e7ox m\u00fcsb\u0259t dinamikaya malikdir.&hellip;","_links":{"self":[{"href":"https:\/\/arantv.az\/index.php?rest_route=\/wp\/v2\/posts\/276660"}],"collection":[{"href":"https:\/\/arantv.az\/index.php?rest_route=\/wp\/v2\/posts"}],"about":[{"href":"https:\/\/arantv.az\/index.php?rest_route=\/wp\/v2\/types\/post"}],"author":[{"embeddable":true,"href":"https:\/\/arantv.az\/index.php?rest_route=\/wp\/v2\/users\/2"}],"replies":[{"embeddable":true,"href":"https:\/\/arantv.az\/index.php?rest_route=%2Fwp%2Fv2%2Fcomments&post=276660"}],"version-history":[{"count":0,"href":"https:\/\/arantv.az\/index.php?rest_route=\/wp\/v2\/posts\/276660\/revisions"}],"wp:featuredmedia":[{"embeddable":true,"href":"https:\/\/arantv.az\/index.php?rest_route=\/wp\/v2\/media\/276661"}],"wp:attachment":[{"href":"https:\/\/arantv.az\/index.php?rest_route=%2Fwp%2Fv2%2Fmedia&parent=276660"}],"wp:term":[{"taxonomy":"category","embeddable":true,"href":"https:\/\/arantv.az\/index.php?rest_route=%2Fwp%2Fv2%2Fcategories&post=276660"},{"taxonomy":"post_tag","embeddable":true,"href":"https:\/\/arantv.az\/index.php?rest_route=%2Fwp%2Fv2%2Ftags&post=276660"}],"curies":[{"name":"wp","href":"https:\/\/api.w.org\/{rel}","templated":true}]}}