{"id":276664,"date":"2021-01-21T15:45:09","date_gmt":"2021-01-21T12:45:09","guid":{"rendered":"http:\/\/arantv.az\/?p=276664"},"modified":"2021-01-21T15:45:09","modified_gmt":"2021-01-21T12:45:09","slug":"prezident-ilham-%c9%99liyev-az%c9%99rbaycan-v%c9%99-turkm%c9%99nistan-ilk-d%c9%99f%c9%99-olaraq-x%c9%99z%c9%99r-d%c9%99nizind%c9%99ki-yatagin-m%c9%99nims%c9%99nilm%c9%99si-uzr%c9%99-birg%c9%99-is","status":"publish","type":"post","link":"https:\/\/arantv.az\/?p=276664","title":{"rendered":"Prezident \u0130lham \u018fliyev: Az\u0259rbaycan v\u0259 T\u00fcrkm\u0259nistan ilk d\u0259f\u0259 olaraq X\u0259z\u0259r d\u0259nizind\u0259ki yata\u011f\u0131n m\u0259nims\u0259nilm\u0259si \u00fczr\u0259 birg\u0259 i\u015f\u0259 ba\u015flay\u0131r"},"content":{"rendered":"<p><strong>Az\u0259rbaycan v\u0259 T\u00fcrkm\u0259nistan ilk d\u0259f\u0259 olaraq X\u0259z\u0259r d\u0259nizind\u0259ki yata\u011f\u0131n m\u0259nims\u0259nilm\u0259si \u00fczr\u0259 birg\u0259 i\u015f\u0259 ba\u015flay\u0131r.<\/strong><\/p>\n<p><strong>ARANTV.AZ\u00a0<\/strong>\u00a0<a href=\"http:\/\/azertag.az\/\" target=\"_blank\" rel=\"noopener\">AZ\u018fRTAC<\/a>-a istinad\u0259n bildirir ki,\u00a0bunu Prezident \u0130lham \u018fliyev yanvar\u0131n 21-d\u0259 &#8220;Dostluq&#8221; yata\u011f\u0131n\u0131n karbohidrogen resurslar\u0131n\u0131n birg\u0259 k\u0259\u015ffiyyat\u0131, i\u015fl\u0259nilm\u0259si v\u0259 m\u0259nims\u0259nilm\u0259si haqq\u0131nda Anla\u015fma Memorandumunun imzalanmas\u0131 il\u0259 ba\u011fl\u0131T\u00fcrkm\u0259nistan Prezidenti Qurbanqulu Berdim\u0259h\u0259mm\u0259dovla ke\u00e7iril\u0259n videokonfrans format\u0131nda g\u00f6r\u00fc\u015fd\u0259 \u00e7\u0131x\u0131\u015f\u0131 zaman\u0131 deyib.<\/p>\n<p>D\u00f6vl\u0259t ba\u015f\u00e7\u0131s\u0131 bildirib:<\/p>\n<p>&#8220;T\u0259\u0259ss\u00fcf edir\u0259m ki, bu g\u00fcn qarda\u015f T\u00fcrkm\u0259nistanda ke\u00e7iril\u0259n m\u0259rasimd\u0259 i\u015ftirak ed\u0259 bilm\u0259dim, lakin ayd\u0131nd\u0131r ki, pandemiya s\u0259b\u0259bind\u0259n bu, h\u0259l\u0259 m\u00fcmk\u00fcn deyil. Bununla bel\u0259, bu g\u00fcn biz videokonfrans format\u0131nda yenid\u0259n g\u00f6r\u00fc\u015fm\u0259k, m\u00fch\u00fcm m\u0259s\u0259l\u0259l\u0259ri m\u00fczakir\u0259 etm\u0259k, bizim qarda\u015fl\u0131q, dostluq m\u00fcnasib\u0259tl\u0259rinin xarakterini v\u0259 ruhunu \u0259ks etdir\u0259n \u0259lam\u0259tdar s\u0259n\u0259din imzalanmas\u0131nda i\u015ftirak etm\u0259k imkan\u0131na malikik. Q\u0259ti \u0259min\u0259m ki, \u00f6lk\u0259l\u0259rimiz aras\u0131nda b\u00fct\u00fcn s\u0259viyy\u0259l\u0259rd\u0259, ilk n\u00f6vb\u0259d\u0259, Prezidentl\u0259r s\u0259viyy\u0259sind\u0259 s\u0131x siyasi qar\u015f\u0131l\u0131ql\u0131 f\u0259aliyy\u0259t olmasayd\u0131, bug\u00fcnk\u00fc s\u0259n\u0259din imzalanmas\u0131 m\u00fcmk\u00fcn olmazd\u0131.<\/p>\n<p>H\u00f6rm\u0259tli Qurbanqulu M\u0259likquluyevi\u00e7, Sizinl\u0259 birlikd\u0259 s\u0259y g\u00f6st\u0259rmi\u015fik ki, \u00f6lk\u0259l\u0259rimizin m\u00fcvafiq strukturlar\u0131 m\u0259hz Prezidentl\u0259rin onlara g\u00f6st\u0259rdiyi kimi &#8211; \u0259m\u0259kda\u015fl\u0131q, dostluq, qar\u015f\u0131l\u0131ql\u0131 d\u0259st\u0259k v\u0259 qar\u015f\u0131l\u0131ql\u0131 maraqlar\u0131n d\u00fczg\u00fcn ba\u015fa d\u00fc\u015f\u00fclm\u0259si ruhunda i\u015fl\u0259sinl\u0259r. Ona g\u00f6r\u0259 d\u0259 m\u0259n bug\u00fcnk\u00fc s\u0259n\u0259di tarixi s\u0259n\u0259d adland\u0131rard\u0131m, \u00e7\u00fcnki Az\u0259rbaycan v\u0259 T\u00fcrkm\u0259nistan ilk d\u0259f\u0259 olaraq X\u0259z\u0259r d\u0259nizind\u0259ki yata\u011f\u0131n m\u0259nims\u0259nilm\u0259si \u00fczr\u0259 birg\u0259 i\u015f\u0259 ba\u015flay\u0131r v\u0259 bu yataq, h\u0259min yataqdak\u0131 i\u015f \u00f6lk\u0259l\u0259rimizi v\u0259 xalqlar\u0131m\u0131z\u0131 daha da yax\u0131nla\u015fd\u0131racaq, h\u0259m T\u00fcrkm\u0259nistan, h\u0259m d\u0259 Az\u0259rbaycan xalqlar\u0131na xeyir g\u0259tir\u0259c\u0259k&#8221;.<\/p>\n","protected":false},"excerpt":{"rendered":"<p>Az\u0259rbaycan v\u0259 T\u00fcrkm\u0259nistan ilk d\u0259f\u0259 olaraq X\u0259z\u0259r d\u0259nizind\u0259ki yata\u011f\u0131n m\u0259nims\u0259nilm\u0259si \u00fczr\u0259 birg\u0259 i\u015f\u0259 ba\u015flay\u0131r. ARANTV.AZ\u00a0\u00a0AZ\u018fRTAC-a istinad\u0259n bildirir ki,\u00a0bunu Prezident \u0130lham \u018fliyev yanvar\u0131n 21-d\u0259 &#8220;Dostluq&#8221; yata\u011f\u0131n\u0131n karbohidrogen resurslar\u0131n\u0131n birg\u0259 k\u0259\u015ffiyyat\u0131, i\u015fl\u0259nilm\u0259si v\u0259 m\u0259nims\u0259nilm\u0259si haqq\u0131nda Anla\u015fma Memorandumunun imzalanmas\u0131 il\u0259 ba\u011fl\u0131T\u00fcrkm\u0259nistan Prezidenti Qurbanqulu Berdim\u0259h\u0259mm\u0259dovla ke\u00e7iril\u0259n videokonfrans format\u0131nda g\u00f6r\u00fc\u015fd\u0259 \u00e7\u0131x\u0131\u015f\u0131 zaman\u0131 deyib. D\u00f6vl\u0259t ba\u015f\u00e7\u0131s\u0131 bildirib: &#8220;T\u0259\u0259ss\u00fcf edir\u0259m ki, bu g\u00fcn qarda\u015f T\u00fcrkm\u0259nistanda ke\u00e7iril\u0259n m\u0259rasimd\u0259 i\u015ftirak ed\u0259 bilm\u0259dim, lakin ayd\u0131nd\u0131r ki, pandemiya s\u0259b\u0259bind\u0259n bu, h\u0259l\u0259 m\u00fcmk\u00fcn deyil. Bununla bel\u0259, bu g\u00fcn biz videokonfrans format\u0131nda yenid\u0259n g\u00f6r\u00fc\u015fm\u0259k, m\u00fch\u00fcm m\u0259s\u0259l\u0259l\u0259ri m\u00fczakir\u0259 etm\u0259k, bizim qarda\u015fl\u0131q, dostluq m\u00fcnasib\u0259tl\u0259rinin xarakterini&hellip;<\/p>\n","protected":false},"author":2,"featured_media":276665,"comment_status":"closed","ping_status":"closed","sticky":false,"template":"","format":"standard","meta":{"om_disable_all_campaigns":false,"_monsterinsights_skip_tracking":false,"_monsterinsights_sitenote_active":false,"_monsterinsights_sitenote_note":"","_monsterinsights_sitenote_category":0},"categories":[4],"tags":[],"aioseo_notices":[],"gutentor_comment":0,"rttpg_featured_image_url":{"full":["https:\/\/arantv.az\/wp-content\/uploads\/2021\/01\/915562-1.jpg",800,600,false],"landscape":["https:\/\/arantv.az\/wp-content\/uploads\/2021\/01\/915562-1.jpg",800,600,false],"portraits":["https:\/\/arantv.az\/wp-content\/uploads\/2021\/01\/915562-1.jpg",800,600,false],"thumbnail":["https:\/\/arantv.az\/wp-content\/uploads\/2021\/01\/915562-1-150x150.jpg",150,150,true],"medium":["https:\/\/arantv.az\/wp-content\/uploads\/2021\/01\/915562-1-300x225.jpg",300,225,true],"large":["https:\/\/arantv.az\/wp-content\/uploads\/2021\/01\/915562-1.jpg",640,480,false],"1536x1536":["https:\/\/arantv.az\/wp-content\/uploads\/2021\/01\/915562-1.jpg",800,600,false],"2048x2048":["https:\/\/arantv.az\/wp-content\/uploads\/2021\/01\/915562-1.jpg",800,600,false],"post-thumbnail":["https:\/\/arantv.az\/wp-content\/uploads\/2021\/01\/915562-1-240x172.jpg",240,172,true],"advps-thumb-one":["https:\/\/arantv.az\/wp-content\/uploads\/2021\/01\/915562-1.jpg",800,600,false]},"rttpg_author":{"display_name":"V\u00fcsal Rafiqo\u011flu","author_link":"https:\/\/arantv.az\/?author=2"},"rttpg_comment":0,"rttpg_category":"<a href=\"https:\/\/arantv.az\/?cat=4\" rel=\"category\">Siyas\u0259t<\/a>","rttpg_excerpt":"Az\u0259rbaycan v\u0259 T\u00fcrkm\u0259nistan ilk d\u0259f\u0259 olaraq X\u0259z\u0259r d\u0259nizind\u0259ki yata\u011f\u0131n m\u0259nims\u0259nilm\u0259si \u00fczr\u0259 birg\u0259 i\u015f\u0259 ba\u015flay\u0131r. ARANTV.AZ\u00a0\u00a0AZ\u018fRTAC-a istinad\u0259n bildirir ki,\u00a0bunu Prezident \u0130lham \u018fliyev yanvar\u0131n 21-d\u0259 &#8220;Dostluq&#8221; yata\u011f\u0131n\u0131n karbohidrogen resurslar\u0131n\u0131n birg\u0259 k\u0259\u015ffiyyat\u0131, i\u015fl\u0259nilm\u0259si v\u0259 m\u0259nims\u0259nilm\u0259si haqq\u0131nda Anla\u015fma Memorandumunun imzalanmas\u0131 il\u0259 ba\u011fl\u0131T\u00fcrkm\u0259nistan Prezidenti Qurbanqulu Berdim\u0259h\u0259mm\u0259dovla ke\u00e7iril\u0259n videokonfrans format\u0131nda g\u00f6r\u00fc\u015fd\u0259 \u00e7\u0131x\u0131\u015f\u0131 zaman\u0131 deyib. D\u00f6vl\u0259t ba\u015f\u00e7\u0131s\u0131 bildirib: &#8220;T\u0259\u0259ss\u00fcf edir\u0259m ki, bu&hellip;","_links":{"self":[{"href":"https:\/\/arantv.az\/index.php?rest_route=\/wp\/v2\/posts\/276664"}],"collection":[{"href":"https:\/\/arantv.az\/index.php?rest_route=\/wp\/v2\/posts"}],"about":[{"href":"https:\/\/arantv.az\/index.php?rest_route=\/wp\/v2\/types\/post"}],"author":[{"embeddable":true,"href":"https:\/\/arantv.az\/index.php?rest_route=\/wp\/v2\/users\/2"}],"replies":[{"embeddable":true,"href":"https:\/\/arantv.az\/index.php?rest_route=%2Fwp%2Fv2%2Fcomments&post=276664"}],"version-history":[{"count":0,"href":"https:\/\/arantv.az\/index.php?rest_route=\/wp\/v2\/posts\/276664\/revisions"}],"wp:featuredmedia":[{"embeddable":true,"href":"https:\/\/arantv.az\/index.php?rest_route=\/wp\/v2\/media\/276665"}],"wp:attachment":[{"href":"https:\/\/arantv.az\/index.php?rest_route=%2Fwp%2Fv2%2Fmedia&parent=276664"}],"wp:term":[{"taxonomy":"category","embeddable":true,"href":"https:\/\/arantv.az\/index.php?rest_route=%2Fwp%2Fv2%2Fcategories&post=276664"},{"taxonomy":"post_tag","embeddable":true,"href":"https:\/\/arantv.az\/index.php?rest_route=%2Fwp%2Fv2%2Ftags&post=276664"}],"curies":[{"name":"wp","href":"https:\/\/api.w.org\/{rel}","templated":true}]}}