{"id":276680,"date":"2021-01-21T17:32:06","date_gmt":"2021-01-21T14:32:06","guid":{"rendered":"http:\/\/arantv.az\/?p=276680"},"modified":"2021-01-21T17:32:06","modified_gmt":"2021-01-21T14:32:06","slug":"muharib%c9%99d%c9%99-istirak-etmis-idmancilar-milli-paralimpiya-komit%c9%99sind%c9%99-foto","status":"publish","type":"post","link":"https:\/\/arantv.az\/?p=276680","title":{"rendered":"M\u00fcharib\u0259d\u0259 i\u015ftirak etmi\u015f idman\u00e7\u0131lar Milli Paralimpiya Komit\u0259sind\u0259 &#8211; FOTO"},"content":{"rendered":"<p style=\"font-weight: 400;\">Az\u0259rbaycan Respublikas\u0131 Milli Paralimpiya Komit\u0259si (MPK) v\u0259 \u201cMotivator Azerbaijan\u201d\u0131n birg\u0259 t\u0259\u015fkilat\u00e7\u0131l\u0131\u011f\u0131 il\u0259 yeni layih\u0259y\u0259 start verilib.<\/p>\n<p style=\"font-weight: 400;\">MPK-dan\u00a0Oxu.Az-a veril\u0259n m\u0259lumata g\u00f6r\u0259, layih\u0259 \u00e7\u0259r\u00e7iv\u0259sind\u0259 V\u0259t\u0259n m\u00fcharib\u0259sinin qazil\u0259ri il\u0259 ilk g\u00f6r\u00fc\u015f ke\u00e7irilib. Layih\u0259nin m\u0259qs\u0259di V\u0259t\u0259n m\u00fcharib\u0259si qazil\u0259rinin idmana c\u0259lb edilm\u0259si, g\u0259ncl\u0259rimizin qar\u015f\u0131lar\u0131na qoyduqlar\u0131 m\u0259qs\u0259d\u0259 do\u011fru ir\u0259lil\u0259m\u0259sind\u0259, sa\u011flaml\u0131qla olan probleml\u0259r\u0259 v\u0259 \u0259lilliy\u0259 baxmayaraq, ruhdan d\u00fc\u015fm\u0259m\u0259l\u0259ri \u00fc\u00e7\u00fcn d\u0259st\u0259k olmaqd\u0131r.<\/p>\n<p style=\"font-weight: 400;\">G\u00f6r\u00fc\u015fd\u0259 MPK-n\u0131n ba\u015f katibi Kamal M\u0259mm\u0259dov, \u201cMotivator Azerbaijan\u201d layih\u0259sinin yarad\u0131c\u0131s\u0131 R\u00fcf\u0259t H\u0259s\u0259nov, G\u0259ncl\u0259r v\u0259 \u0130dman Naziriliyinin \u0130dman \u015f\u00f6b\u0259sinin m\u00fcdiri F\u0259rid Mansurov, MPK-nin vitse-prezidenti v\u0259 ikiqat Paralimpiya \u00e7empionu \u0130lham Z\u0259kiyev, Az\u0259rbaycan Pe\u015f\u0259kar Boks Federasiyas\u0131n\u0131n vitse-prezidenti F\u0259rhad Acalov i\u015ftirak edib.<\/p>\n<p style=\"font-weight: 400;\">\u0130lham Z\u0259kiyev bildirib ki, m\u00fcharib\u0259 zaman\u0131 \u0259lillik alan \u015f\u0259xsl\u0259r bu g\u00fcn\u0259 q\u0259d\u0259r d\u0259 MPK-n\u0131n milli komandalar\u0131n\u0131n t\u0259rkibind\u0259 i\u015ftirak edib, \u00f6lk\u0259mizi beyn\u0259lxalq arenada b\u00f6y\u00fck u\u011furla t\u0259msil edir. Onlar\u0131n s\u0131ras\u0131nda g\u00fcll\u0259 at\u0131c\u0131l\u0131\u011f\u0131 idman n\u00f6v\u00fc \u00fczr\u0259 komandan\u0131n ba\u015f m\u0259\u015fq\u00e7isi \u018fkb\u0259r Muradov, h\u0259min komandan\u0131n \u00fczv\u00fc El\u015f\u0259n C\u0259biyev, kamandan oxatma \u00fczr\u0259 milli komandan\u0131n ba\u015f m\u0259\u015fq\u00e7isi \u0130lqar Abbasov kimi Qaraba\u011f m\u00fcharib\u0259si qazil\u0259rimiz var.<\/p>\n<p style=\"font-weight: 400;\">Milli Paralimpiya Komit\u0259sinin g\u00fcll\u0259 at\u0131c\u0131l\u0131\u011f\u0131 idman n\u00f6v\u00fc \u00fczr\u0259 idman\u00e7\u0131s\u0131, aprel d\u00f6y\u00fc\u015fl\u0259rinin qazisi El\u015f\u0259n C\u0259biyev yaraland\u0131qdan sonra Paralimpiya h\u0259r\u0259kat\u0131na qo\u015fularaq idman\u00e7\u0131 kimi xidm\u0259tini idman arenalar\u0131nda davam etdiyini v\u0259 V\u0259t\u0259n m\u00fcharib\u0259sinin qazil\u0259rinin d\u0259 bu h\u0259r\u0259kata qo\u015fulmalar\u0131n\u0131 \u00e7a\u011f\u0131r\u0131b.<\/p>\n","protected":false},"excerpt":{"rendered":"<p>Az\u0259rbaycan Respublikas\u0131 Milli Paralimpiya Komit\u0259si (MPK) v\u0259 \u201cMotivator Azerbaijan\u201d\u0131n birg\u0259 t\u0259\u015fkilat\u00e7\u0131l\u0131\u011f\u0131 il\u0259 yeni layih\u0259y\u0259 start verilib. MPK-dan\u00a0Oxu.Az-a veril\u0259n m\u0259lumata g\u00f6r\u0259, layih\u0259 \u00e7\u0259r\u00e7iv\u0259sind\u0259 V\u0259t\u0259n m\u00fcharib\u0259sinin qazil\u0259ri il\u0259 ilk g\u00f6r\u00fc\u015f ke\u00e7irilib. Layih\u0259nin m\u0259qs\u0259di V\u0259t\u0259n m\u00fcharib\u0259si qazil\u0259rinin idmana c\u0259lb edilm\u0259si, g\u0259ncl\u0259rimizin qar\u015f\u0131lar\u0131na qoyduqlar\u0131 m\u0259qs\u0259d\u0259 do\u011fru ir\u0259lil\u0259m\u0259sind\u0259, sa\u011flaml\u0131qla olan probleml\u0259r\u0259 v\u0259 \u0259lilliy\u0259 baxmayaraq, ruhdan d\u00fc\u015fm\u0259m\u0259l\u0259ri \u00fc\u00e7\u00fcn d\u0259st\u0259k olmaqd\u0131r. G\u00f6r\u00fc\u015fd\u0259 MPK-n\u0131n ba\u015f katibi Kamal M\u0259mm\u0259dov, \u201cMotivator Azerbaijan\u201d layih\u0259sinin yarad\u0131c\u0131s\u0131 R\u00fcf\u0259t H\u0259s\u0259nov, G\u0259ncl\u0259r v\u0259 \u0130dman Naziriliyinin \u0130dman \u015f\u00f6b\u0259sinin m\u00fcdiri F\u0259rid Mansurov, MPK-nin vitse-prezidenti v\u0259 ikiqat Paralimpiya \u00e7empionu \u0130lham Z\u0259kiyev, Az\u0259rbaycan Pe\u015f\u0259kar Boks Federasiyas\u0131n\u0131n vitse-prezidenti F\u0259rhad Acalov&hellip;<\/p>\n","protected":false},"author":2,"featured_media":276681,"comment_status":"closed","ping_status":"closed","sticky":false,"template":"","format":"standard","meta":{"om_disable_all_campaigns":false,"_monsterinsights_skip_tracking":false,"_monsterinsights_sitenote_active":false,"_monsterinsights_sitenote_note":"","_monsterinsights_sitenote_category":0},"categories":[6],"tags":[],"aioseo_notices":[],"gutentor_comment":0,"rttpg_featured_image_url":{"full":["https:\/\/arantv.az\/wp-content\/uploads\/2021\/01\/140891328_5277475908993034_3634914646205235183_o.jpg",620,413,false],"landscape":["https:\/\/arantv.az\/wp-content\/uploads\/2021\/01\/140891328_5277475908993034_3634914646205235183_o.jpg",620,413,false],"portraits":["https:\/\/arantv.az\/wp-content\/uploads\/2021\/01\/140891328_5277475908993034_3634914646205235183_o.jpg",620,413,false],"thumbnail":["https:\/\/arantv.az\/wp-content\/uploads\/2021\/01\/140891328_5277475908993034_3634914646205235183_o-150x150.jpg",150,150,true],"medium":["https:\/\/arantv.az\/wp-content\/uploads\/2021\/01\/140891328_5277475908993034_3634914646205235183_o-300x200.jpg",300,200,true],"large":["https:\/\/arantv.az\/wp-content\/uploads\/2021\/01\/140891328_5277475908993034_3634914646205235183_o.jpg",620,413,false],"1536x1536":["https:\/\/arantv.az\/wp-content\/uploads\/2021\/01\/140891328_5277475908993034_3634914646205235183_o.jpg",620,413,false],"2048x2048":["https:\/\/arantv.az\/wp-content\/uploads\/2021\/01\/140891328_5277475908993034_3634914646205235183_o.jpg",620,413,false],"post-thumbnail":["https:\/\/arantv.az\/wp-content\/uploads\/2021\/01\/140891328_5277475908993034_3634914646205235183_o-240x172.jpg",240,172,true],"advps-thumb-one":["https:\/\/arantv.az\/wp-content\/uploads\/2021\/01\/140891328_5277475908993034_3634914646205235183_o.jpg",620,413,false]},"rttpg_author":{"display_name":"V\u00fcsal Rafiqo\u011flu","author_link":"https:\/\/arantv.az\/?author=2"},"rttpg_comment":0,"rttpg_category":"<a href=\"https:\/\/arantv.az\/?cat=6\" rel=\"category\">\u0130dman<\/a>","rttpg_excerpt":"Az\u0259rbaycan Respublikas\u0131 Milli Paralimpiya Komit\u0259si (MPK) v\u0259 \u201cMotivator Azerbaijan\u201d\u0131n birg\u0259 t\u0259\u015fkilat\u00e7\u0131l\u0131\u011f\u0131 il\u0259 yeni layih\u0259y\u0259 start verilib. MPK-dan\u00a0Oxu.Az-a veril\u0259n m\u0259lumata g\u00f6r\u0259, layih\u0259 \u00e7\u0259r\u00e7iv\u0259sind\u0259 V\u0259t\u0259n m\u00fcharib\u0259sinin qazil\u0259ri il\u0259 ilk g\u00f6r\u00fc\u015f ke\u00e7irilib. Layih\u0259nin m\u0259qs\u0259di V\u0259t\u0259n m\u00fcharib\u0259si qazil\u0259rinin idmana c\u0259lb edilm\u0259si, g\u0259ncl\u0259rimizin qar\u015f\u0131lar\u0131na qoyduqlar\u0131 m\u0259qs\u0259d\u0259 do\u011fru ir\u0259lil\u0259m\u0259sind\u0259, sa\u011flaml\u0131qla olan probleml\u0259r\u0259 v\u0259 \u0259lilliy\u0259 baxmayaraq, ruhdan d\u00fc\u015fm\u0259m\u0259l\u0259ri \u00fc\u00e7\u00fcn d\u0259st\u0259k olmaqd\u0131r. G\u00f6r\u00fc\u015fd\u0259&hellip;","_links":{"self":[{"href":"https:\/\/arantv.az\/index.php?rest_route=\/wp\/v2\/posts\/276680"}],"collection":[{"href":"https:\/\/arantv.az\/index.php?rest_route=\/wp\/v2\/posts"}],"about":[{"href":"https:\/\/arantv.az\/index.php?rest_route=\/wp\/v2\/types\/post"}],"author":[{"embeddable":true,"href":"https:\/\/arantv.az\/index.php?rest_route=\/wp\/v2\/users\/2"}],"replies":[{"embeddable":true,"href":"https:\/\/arantv.az\/index.php?rest_route=%2Fwp%2Fv2%2Fcomments&post=276680"}],"version-history":[{"count":0,"href":"https:\/\/arantv.az\/index.php?rest_route=\/wp\/v2\/posts\/276680\/revisions"}],"wp:featuredmedia":[{"embeddable":true,"href":"https:\/\/arantv.az\/index.php?rest_route=\/wp\/v2\/media\/276681"}],"wp:attachment":[{"href":"https:\/\/arantv.az\/index.php?rest_route=%2Fwp%2Fv2%2Fmedia&parent=276680"}],"wp:term":[{"taxonomy":"category","embeddable":true,"href":"https:\/\/arantv.az\/index.php?rest_route=%2Fwp%2Fv2%2Fcategories&post=276680"},{"taxonomy":"post_tag","embeddable":true,"href":"https:\/\/arantv.az\/index.php?rest_route=%2Fwp%2Fv2%2Ftags&post=276680"}],"curies":[{"name":"wp","href":"https:\/\/api.w.org\/{rel}","templated":true}]}}