{"id":27682,"date":"2018-12-15T09:48:04","date_gmt":"2018-12-15T06:48:04","guid":{"rendered":"http:\/\/arantv.az\/?p=27682"},"modified":"2018-12-15T09:48:04","modified_gmt":"2018-12-15T06:48:04","slug":"milli-m%c9%99clisd%c9%99-keci-sudu-sohb%c9%99ti","status":"publish","type":"post","link":"https:\/\/arantv.az\/?p=27682","title":{"rendered":"Milli M\u0259clisd\u0259 \u201cke\u00e7i s\u00fcd\u00fc\u201d s\u00f6hb\u0259ti"},"content":{"rendered":"<p>Milli M\u0259clisd\u0259 (MM) ke\u00e7i s\u00fcd\u00fc v\u0259 ke\u00e7i pendirind\u0259n dan\u0131\u015f\u0131l\u0131b.<\/p>\n<p><strong>ARANTV.AZ<\/strong>-\u0131n x\u0259b\u0259rin\u0259 g\u00f6r\u0259, bunu MM-d\u0259 iki g\u00fcnd\u00fcr davam ed\u0259n Parlamentl\u0259raras\u0131 \u0130ttifaq\u0131n\u00a0 G\u0259nc Parlament \u00dczvl\u0259rinin 5-ci Qlobal Konfrans\u0131nda ispaniyal\u0131 xan\u0131m parlamentari g\u00fcnd\u0259m\u0259 g\u0259tirib.<\/p>\n<p>O, qeyd edib ki, bu g\u00fcn d\u00fcnyada ke\u00e7i s\u00fcd\u00fc v\u0259 pendirin\u0259 ciddi ehtiyac var.<\/p>\n<div id=\"AdributorNativeVideo0\" class=\"AdributorNativeVideo\"><\/div>\n<p>\u201cOna g\u00f6r\u0259 ke\u00e7i s\u00fcd\u00fc v\u0259 ke\u00e7i pendirinin sat\u0131lmas\u0131 daha da m\u00fcasirl\u0259\u015fdirilm\u0259lidir. Y\u0259ni, bu i\u015fl\u0259 m\u0259\u015f\u011ful olanlara k\u00f6m\u0259klik g\u00f6st\u0259rilm\u0259si \u00fc\u00e7\u00fcn internet vasit\u0259si il\u0259 sifari\u015fl\u0259r etm\u0259k olar. Y\u0259ni, onlara daha pe\u015f\u0259kar s\u0259viyy\u0259d\u0259 bel\u0259 imkanlar yarad\u0131lmal\u0131d\u0131r\u201d, &#8211; dey\u0259, ispaniyal\u0131 parlamentari \u0259lav\u0259 edib.oxu.az<\/p>\n","protected":false},"excerpt":{"rendered":"<p>Milli M\u0259clisd\u0259 (MM) ke\u00e7i s\u00fcd\u00fc v\u0259 ke\u00e7i pendirind\u0259n dan\u0131\u015f\u0131l\u0131b. ARANTV.AZ-\u0131n x\u0259b\u0259rin\u0259 g\u00f6r\u0259, bunu MM-d\u0259 iki g\u00fcnd\u00fcr davam ed\u0259n Parlamentl\u0259raras\u0131 \u0130ttifaq\u0131n\u00a0 G\u0259nc Parlament \u00dczvl\u0259rinin 5-ci Qlobal Konfrans\u0131nda ispaniyal\u0131 xan\u0131m parlamentari g\u00fcnd\u0259m\u0259 g\u0259tirib. O, qeyd edib ki, bu g\u00fcn d\u00fcnyada ke\u00e7i s\u00fcd\u00fc v\u0259 pendirin\u0259 ciddi ehtiyac var. \u201cOna g\u00f6r\u0259 ke\u00e7i s\u00fcd\u00fc v\u0259 ke\u00e7i pendirinin sat\u0131lmas\u0131 daha da m\u00fcasirl\u0259\u015fdirilm\u0259lidir. Y\u0259ni, bu i\u015fl\u0259 m\u0259\u015f\u011ful olanlara k\u00f6m\u0259klik g\u00f6st\u0259rilm\u0259si \u00fc\u00e7\u00fcn internet vasit\u0259si il\u0259 sifari\u015fl\u0259r etm\u0259k olar. Y\u0259ni, onlara daha pe\u015f\u0259kar s\u0259viyy\u0259d\u0259 bel\u0259 imkanlar yarad\u0131lmal\u0131d\u0131r\u201d, &#8211; dey\u0259, ispaniyal\u0131 parlamentari \u0259lav\u0259 edib.oxu.az<\/p>\n","protected":false},"author":2,"featured_media":27683,"comment_status":"closed","ping_status":"closed","sticky":false,"template":"","format":"standard","meta":{"om_disable_all_campaigns":false,"_monsterinsights_skip_tracking":false,"_monsterinsights_sitenote_active":false,"_monsterinsights_sitenote_note":"","_monsterinsights_sitenote_category":0},"categories":[1],"tags":[],"aioseo_notices":[],"gutentor_comment":0,"rttpg_featured_image_url":{"full":["https:\/\/arantv.az\/wp-content\/uploads\/2018\/12\/koze-moloko.jpg",620,465,false],"landscape":["https:\/\/arantv.az\/wp-content\/uploads\/2018\/12\/koze-moloko.jpg",620,465,false],"portraits":["https:\/\/arantv.az\/wp-content\/uploads\/2018\/12\/koze-moloko.jpg",620,465,false],"thumbnail":["https:\/\/arantv.az\/wp-content\/uploads\/2018\/12\/koze-moloko-150x150.jpg",150,150,true],"medium":["https:\/\/arantv.az\/wp-content\/uploads\/2018\/12\/koze-moloko-300x225.jpg",300,225,true],"large":["https:\/\/arantv.az\/wp-content\/uploads\/2018\/12\/koze-moloko.jpg",620,465,false],"1536x1536":["https:\/\/arantv.az\/wp-content\/uploads\/2018\/12\/koze-moloko.jpg",620,465,false],"2048x2048":["https:\/\/arantv.az\/wp-content\/uploads\/2018\/12\/koze-moloko.jpg",620,465,false],"post-thumbnail":["https:\/\/arantv.az\/wp-content\/uploads\/2018\/12\/koze-moloko-240x172.jpg",240,172,true],"advps-thumb-one":["https:\/\/arantv.az\/wp-content\/uploads\/2018\/12\/koze-moloko.jpg",620,465,false]},"rttpg_author":{"display_name":"V\u00fcsal Rafiqo\u011flu","author_link":"https:\/\/arantv.az\/?author=2"},"rttpg_comment":0,"rttpg_category":"<a href=\"https:\/\/arantv.az\/?cat=1\" rel=\"category\">C\u0259miyy\u0259t<\/a>","rttpg_excerpt":"Milli M\u0259clisd\u0259 (MM) ke\u00e7i s\u00fcd\u00fc v\u0259 ke\u00e7i pendirind\u0259n dan\u0131\u015f\u0131l\u0131b. ARANTV.AZ-\u0131n x\u0259b\u0259rin\u0259 g\u00f6r\u0259, bunu MM-d\u0259 iki g\u00fcnd\u00fcr davam ed\u0259n Parlamentl\u0259raras\u0131 \u0130ttifaq\u0131n\u00a0 G\u0259nc Parlament \u00dczvl\u0259rinin 5-ci Qlobal Konfrans\u0131nda ispaniyal\u0131 xan\u0131m parlamentari g\u00fcnd\u0259m\u0259 g\u0259tirib. O, qeyd edib ki, bu g\u00fcn d\u00fcnyada ke\u00e7i s\u00fcd\u00fc v\u0259 pendirin\u0259 ciddi ehtiyac var. \u201cOna g\u00f6r\u0259 ke\u00e7i s\u00fcd\u00fc v\u0259 ke\u00e7i pendirinin sat\u0131lmas\u0131 daha da&hellip;","_links":{"self":[{"href":"https:\/\/arantv.az\/index.php?rest_route=\/wp\/v2\/posts\/27682"}],"collection":[{"href":"https:\/\/arantv.az\/index.php?rest_route=\/wp\/v2\/posts"}],"about":[{"href":"https:\/\/arantv.az\/index.php?rest_route=\/wp\/v2\/types\/post"}],"author":[{"embeddable":true,"href":"https:\/\/arantv.az\/index.php?rest_route=\/wp\/v2\/users\/2"}],"replies":[{"embeddable":true,"href":"https:\/\/arantv.az\/index.php?rest_route=%2Fwp%2Fv2%2Fcomments&post=27682"}],"version-history":[{"count":0,"href":"https:\/\/arantv.az\/index.php?rest_route=\/wp\/v2\/posts\/27682\/revisions"}],"wp:featuredmedia":[{"embeddable":true,"href":"https:\/\/arantv.az\/index.php?rest_route=\/wp\/v2\/media\/27683"}],"wp:attachment":[{"href":"https:\/\/arantv.az\/index.php?rest_route=%2Fwp%2Fv2%2Fmedia&parent=27682"}],"wp:term":[{"taxonomy":"category","embeddable":true,"href":"https:\/\/arantv.az\/index.php?rest_route=%2Fwp%2Fv2%2Fcategories&post=27682"},{"taxonomy":"post_tag","embeddable":true,"href":"https:\/\/arantv.az\/index.php?rest_route=%2Fwp%2Fv2%2Ftags&post=27682"}],"curies":[{"name":"wp","href":"https:\/\/api.w.org\/{rel}","templated":true}]}}