{"id":27685,"date":"2018-12-15T09:49:07","date_gmt":"2018-12-15T06:49:07","guid":{"rendered":"http:\/\/arantv.az\/?p=27685"},"modified":"2018-12-15T09:49:07","modified_gmt":"2018-12-15T06:49:07","slug":"leyla-%c9%99liyeva-emin-agalarovun-konsertind%c9%99-olub-foto","status":"publish","type":"post","link":"https:\/\/arantv.az\/?p=27685","title":{"rendered":"Leyla \u018fliyeva Emin A\u011falarovun konsertind\u0259 olub &#8211; FOTO"},"content":{"rendered":"<p>Az\u0259rbaycan\u0131n Xalq artisti, tan\u0131nm\u0131\u015f m\u00fc\u011f\u0259nni v\u0259 b\u0259st\u0259kar, bir s\u0131ra n\u00fcfuzlu m\u00fckafatlar\u0131n laureat\u0131, \u201cJara\u201d Beyn\u0259lxalq Musiqi Festival\u0131n\u0131n t\u0259\u015fkilat\u00e7\u0131s\u0131 Emin A\u011falarov Heyd\u0259r \u018fliyev Saray\u0131n\u0131n s\u0259hn\u0259sind\u0259 konsert proqram\u0131 il\u0259 \u00e7\u0131x\u0131\u015f edib.<\/p>\n<p><b>ARANTV.AZ\u00a0<\/b>x\u0259b\u0259r verir ki, konsertin tama\u015fa\u00e7\u0131lar\u0131 s\u0131ras\u0131nda Heyd\u0259r \u018fliyev Fondunun vitse-prezidenti Leyla \u018fliyeva da olub.<\/p>\n<p>Konsertd\u0259n \u0259vv\u0259l \u00e7\u0131x\u0131\u015f ed\u0259n E.A\u011falarov ona g\u00f6st\u0259ril\u0259n d\u0259st\u0259y\u0259 v\u0259 yarad\u0131c\u0131l\u0131\u011f\u0131na veril\u0259n y\u00fcks\u0259k qiym\u0259t\u0259 g\u00f6r\u0259 tama\u015fa\u00e7\u0131lara minn\u0259tdarl\u0131\u011f\u0131n\u0131 bildirib. M\u00fc\u011f\u0259nni deyib: \u201cDo\u011fma s\u0259hn\u0259d\u0259 \u00e7\u0131x\u0131\u015f etm\u0259k b\u00f6y\u00fck m\u0259suliyy\u0259t v\u0259 b\u00f6y\u00fck \u015f\u0259r\u0259fdir. S\u0259mimi sevgiy\u0259 g\u00f6r\u0259 \u00e7ox sa\u011f olun. M\u0259n Az\u0259rbaycan\u0131 \u00e7ox sevir\u0259m, burada b\u00f6y\u00fck m\u0259mnuniyy\u0259tl\u0259 \u00e7\u0131x\u0131\u015f edir\u0259m\u201d.<\/p>\n<div id=\"AdributorNativeVideo0\" class=\"AdributorNativeVideo\"><\/div>\n<p>Konsertd\u0259 \u201cMoy Azerbaydjan\u201d, \u201cDavay sbejim v Baku\u201d, \u201cNa\u00e7istatu\u201d, \u201cStill\u201d, \u201cAmor\u201d, \u201cYa lu\u00e7\u015fe vsex jivu\u201d v\u0259 dig\u0259r hitl\u0259r s\u0259sl\u0259nib. Eminin ifas\u0131nda dahi M\u00fcslim Maqomayevin \u0259fsan\u0259vi \u201cMavi \u0259b\u0259diyy\u0259t\u201d mahn\u0131s\u0131 konsertin kulminasiya n\u00f6qt\u0259si olub.<\/p>\n<p>\u201cM\u00fcslim Maqomayev unikal s\u0259s\u0259 sahib idi. Onun xatir\u0259si daim ya\u015fayacaq. \u015eadam ki, m\u0259n bu g\u00fcn bu mahn\u0131n\u0131 sizin \u00fc\u00e7\u00fcn ifa etdim\u201d, &#8211; dey\u0259 Emin qeyd edib.<\/p>\n<p>Bak\u0131l\u0131 tama\u015fa\u00e7\u0131lar Xalq artistinin konsertini s\u00fcr\u0259kli alq\u0131\u015flarla qar\u015f\u0131lay\u0131blar.<\/p>\n<p>Sonda m\u00fc\u011f\u0259nni s\u0259mimi q\u0259bula g\u00f6r\u0259 tama\u015fa\u00e7\u0131lara bir daha t\u0259\u015f\u0259kk\u00fcr edib. E.A\u011falarov deyib: \u201cKonsert\u0259 g\u0259l\u0259n h\u0259r k\u0259s\u0259, x\u00fcsusil\u0259 d\u0259 Leyla \u018fliyevaya m\u0259ni d\u0259st\u0259kl\u0259diyin\u0259 g\u00f6r\u0259 t\u0259\u015f\u0259kk\u00fcr edir\u0259m. Leyla \u018fliyeva b\u00f6y\u00fck \u00fcr\u0259y\u0259 malik \u00e7ox g\u00f6z\u0259l insand\u0131r\u201d.<\/p>\n<div class=\"gallery\">\n<div class=\"gallery-i\"><img src=\"https:\/\/assets.oxu.az\/uploads\/W1siZiIsIjIwMTgvMTIvMTUvMTAvMjYvMzEvNzZhMTUwMWYtZDE1MC00ODkzLTlhNjUtN2ZlMDg5ODY0MTM2LzRhOTBmYzk0LWRkMDMtNGM5Ni1hZTU0LTc2NmExNWFmMTI5My5qcGciXSxbInAiLCJlbmNvZGUiLCJqcGciLCItcXVhbGl0eSA4MCJdLFsicCIsInRodW1iIiwiNTkweDU5MFx1MDAzZSJdXQ?sha=93cd1a0b0a4caebf\" \/><\/p>\n<div class=\"gallery-i-caption\"><\/div>\n<\/div>\n<div class=\"gallery-i\"><img src=\"https:\/\/assets.oxu.az\/uploads\/W1siZiIsIjIwMTgvMTIvMTUvMTAvMjYvMzIvMjI1Mzk1YTgtZjhjNS00ZWNhLWEyNjEtNjBmMmY2ZjUxZjgwLzhmYjk3ODU0LTlmYjYtNGEyMC1iMGFhLTRmNjc2NzhlZjk3MC5qcGciXSxbInAiLCJlbmNvZGUiLCJqcGciLCItcXVhbGl0eSA4MCJdLFsicCIsInRodW1iIiwiNTkweDU5MFx1MDAzZSJdXQ?sha=20ab60a56e78a0e7\" \/><\/p>\n<div class=\"gallery-i-caption\"><\/div>\n<\/div>\n<div class=\"gallery-i\"><img src=\"https:\/\/assets.oxu.az\/uploads\/W1siZiIsIjIwMTgvMTIvMTUvMTAvMjYvMzIvMzk2YjUzMDctYTE0Zi00ODc1LThhYTItM2Y1MTY1NGNjZTdmLzI1YzRmM2I3LWJkNmItNDNhNC1hOWUzLTI5YWY0NWY1NGNmYi5qcGciXSxbInAiLCJlbmNvZGUiLCJqcGciLCItcXVhbGl0eSA4MCJdLFsicCIsInRodW1iIiwiNTkweDU5MFx1MDAzZSJdXQ?sha=396205e12d8c663f\" \/><\/p>\n<div class=\"gallery-i-caption\"><\/div>\n<\/div>\n<div class=\"gallery-i\"><img src=\"https:\/\/assets.oxu.az\/uploads\/W1siZiIsIjIwMTgvMTIvMTUvMTAvMjYvMzMvOGUyNWYxMTYtZjFlYi00NjAzLThmMTgtZWU2ZGU3ZDhlYmI2LzU3ZjZkNWNmLWQ0NWYtNGJiYS04Mjc0LWExYzY4ZDgxMTUwZS5qcGciXSxbInAiLCJlbmNvZGUiLCJqcGciLCItcXVhbGl0eSA4MCJdLFsicCIsInRodW1iIiwiNTkweDU5MFx1MDAzZSJdXQ?sha=39db7b732d5d3c26\" \/><\/p>\n<div class=\"gallery-i-caption\"><\/div>\n<\/div>\n<div class=\"gallery-i\"><img src=\"https:\/\/assets.oxu.az\/uploads\/W1siZiIsIjIwMTgvMTIvMTUvMTAvMjYvMzQvODZjYTczZjMtNTAxMy00MDE0LTgwODQtYzhjYzQ5YzIzYWQwLzEwMWQwNDM5LTE0NzgtNGJhNS1hMGIzLTQyMTQ0N2ZlOWRmMS5qcGciXSxbInAiLCJlbmNvZGUiLCJqcGciLCItcXVhbGl0eSA4MCJdLFsicCIsInRodW1iIiwiNTkweDU5MFx1MDAzZSJdXQ?sha=76934fcf33363c4c\" \/><\/p>\n<div class=\"gallery-i-caption\"><\/div>\n<\/div>\n<div class=\"gallery-i\"><img src=\"https:\/\/assets.oxu.az\/uploads\/W1siZiIsIjIwMTgvMTIvMTUvMTAvMjYvMzQvNWM5ODkwNmUtNzQwOS00NDFlLWE3OGEtM2RhY2ZhYWI4NzgzLzIzMDUwYmM5LTg2OTgtNGM2MC04YjI3LTI5ZTNkOWUzZGRiYy5qcGciXSxbInAiLCJlbmNvZGUiLCJqcGciLCItcXVhbGl0eSA4MCJdLFsicCIsInRodW1iIiwiNTkweDU5MFx1MDAzZSJdXQ?sha=6b5877e34b5e7371\" \/><\/p>\n<div class=\"gallery-i-caption\"><\/div>\n<\/div>\n<div class=\"gallery-i\"><img src=\"https:\/\/assets.oxu.az\/uploads\/W1siZiIsIjIwMTgvMTIvMTUvMTAvMjYvMzUvYzg5ZGE3YjUtYWRhOC00NjFjLWExNzEtOGQ5OTEwYzgzNzU5L2E3Yzc4NDAyLTRlM2MtNGRiMy1hMWZhLWM3ZmYyMzAzN2Q5MC5qcGciXSxbInAiLCJlbmNvZGUiLCJqcGciLCItcXVhbGl0eSA4MCJdLFsicCIsInRodW1iIiwiNTkweDU5MFx1MDAzZSJdXQ?sha=9f7e172d059a74ed\" \/><\/div>\n<div>oxu.az<\/div>\n<\/div>\n","protected":false},"excerpt":{"rendered":"<p>Az\u0259rbaycan\u0131n Xalq artisti, tan\u0131nm\u0131\u015f m\u00fc\u011f\u0259nni v\u0259 b\u0259st\u0259kar, bir s\u0131ra n\u00fcfuzlu m\u00fckafatlar\u0131n laureat\u0131, \u201cJara\u201d Beyn\u0259lxalq Musiqi Festival\u0131n\u0131n t\u0259\u015fkilat\u00e7\u0131s\u0131 Emin A\u011falarov Heyd\u0259r \u018fliyev Saray\u0131n\u0131n s\u0259hn\u0259sind\u0259 konsert proqram\u0131 il\u0259 \u00e7\u0131x\u0131\u015f edib. ARANTV.AZ\u00a0x\u0259b\u0259r verir ki, konsertin tama\u015fa\u00e7\u0131lar\u0131 s\u0131ras\u0131nda Heyd\u0259r \u018fliyev Fondunun vitse-prezidenti Leyla \u018fliyeva da olub. Konsertd\u0259n \u0259vv\u0259l \u00e7\u0131x\u0131\u015f ed\u0259n E.A\u011falarov ona g\u00f6st\u0259ril\u0259n d\u0259st\u0259y\u0259 v\u0259 yarad\u0131c\u0131l\u0131\u011f\u0131na veril\u0259n y\u00fcks\u0259k qiym\u0259t\u0259 g\u00f6r\u0259 tama\u015fa\u00e7\u0131lara minn\u0259tdarl\u0131\u011f\u0131n\u0131 bildirib. M\u00fc\u011f\u0259nni deyib: \u201cDo\u011fma s\u0259hn\u0259d\u0259 \u00e7\u0131x\u0131\u015f etm\u0259k b\u00f6y\u00fck m\u0259suliyy\u0259t v\u0259 b\u00f6y\u00fck \u015f\u0259r\u0259fdir. S\u0259mimi sevgiy\u0259 g\u00f6r\u0259 \u00e7ox sa\u011f olun. M\u0259n Az\u0259rbaycan\u0131 \u00e7ox sevir\u0259m, burada b\u00f6y\u00fck m\u0259mnuniyy\u0259tl\u0259 \u00e7\u0131x\u0131\u015f edir\u0259m\u201d. Konsertd\u0259 \u201cMoy Azerbaydjan\u201d, \u201cDavay sbejim&hellip;<\/p>\n","protected":false},"author":2,"featured_media":27686,"comment_status":"closed","ping_status":"closed","sticky":false,"template":"","format":"standard","meta":{"om_disable_all_campaigns":false,"_monsterinsights_skip_tracking":false,"_monsterinsights_sitenote_active":false,"_monsterinsights_sitenote_note":"","_monsterinsights_sitenote_category":0},"categories":[4],"tags":[],"aioseo_notices":[],"gutentor_comment":0,"rttpg_featured_image_url":{"full":["https:\/\/arantv.az\/wp-content\/uploads\/2018\/12\/D7FA6F1B-F759-4907-8C1F-2312917E8A78_w1200_r1_s-1.jpg",620,349,false],"landscape":["https:\/\/arantv.az\/wp-content\/uploads\/2018\/12\/D7FA6F1B-F759-4907-8C1F-2312917E8A78_w1200_r1_s-1.jpg",620,349,false],"portraits":["https:\/\/arantv.az\/wp-content\/uploads\/2018\/12\/D7FA6F1B-F759-4907-8C1F-2312917E8A78_w1200_r1_s-1.jpg",620,349,false],"thumbnail":["https:\/\/arantv.az\/wp-content\/uploads\/2018\/12\/D7FA6F1B-F759-4907-8C1F-2312917E8A78_w1200_r1_s-1-150x150.jpg",150,150,true],"medium":["https:\/\/arantv.az\/wp-content\/uploads\/2018\/12\/D7FA6F1B-F759-4907-8C1F-2312917E8A78_w1200_r1_s-1-300x169.jpg",300,169,true],"large":["https:\/\/arantv.az\/wp-content\/uploads\/2018\/12\/D7FA6F1B-F759-4907-8C1F-2312917E8A78_w1200_r1_s-1.jpg",620,349,false],"1536x1536":["https:\/\/arantv.az\/wp-content\/uploads\/2018\/12\/D7FA6F1B-F759-4907-8C1F-2312917E8A78_w1200_r1_s-1.jpg",620,349,false],"2048x2048":["https:\/\/arantv.az\/wp-content\/uploads\/2018\/12\/D7FA6F1B-F759-4907-8C1F-2312917E8A78_w1200_r1_s-1.jpg",620,349,false],"post-thumbnail":["https:\/\/arantv.az\/wp-content\/uploads\/2018\/12\/D7FA6F1B-F759-4907-8C1F-2312917E8A78_w1200_r1_s-1-240x172.jpg",240,172,true],"advps-thumb-one":["https:\/\/arantv.az\/wp-content\/uploads\/2018\/12\/D7FA6F1B-F759-4907-8C1F-2312917E8A78_w1200_r1_s-1.jpg",620,349,false]},"rttpg_author":{"display_name":"V\u00fcsal Rafiqo\u011flu","author_link":"https:\/\/arantv.az\/?author=2"},"rttpg_comment":0,"rttpg_category":"<a href=\"https:\/\/arantv.az\/?cat=4\" rel=\"category\">Siyas\u0259t<\/a>","rttpg_excerpt":"Az\u0259rbaycan\u0131n Xalq artisti, tan\u0131nm\u0131\u015f m\u00fc\u011f\u0259nni v\u0259 b\u0259st\u0259kar, bir s\u0131ra n\u00fcfuzlu m\u00fckafatlar\u0131n laureat\u0131, \u201cJara\u201d Beyn\u0259lxalq Musiqi Festival\u0131n\u0131n t\u0259\u015fkilat\u00e7\u0131s\u0131 Emin A\u011falarov Heyd\u0259r \u018fliyev Saray\u0131n\u0131n s\u0259hn\u0259sind\u0259 konsert proqram\u0131 il\u0259 \u00e7\u0131x\u0131\u015f edib. ARANTV.AZ\u00a0x\u0259b\u0259r verir ki, konsertin tama\u015fa\u00e7\u0131lar\u0131 s\u0131ras\u0131nda Heyd\u0259r \u018fliyev Fondunun vitse-prezidenti Leyla \u018fliyeva da olub. Konsertd\u0259n \u0259vv\u0259l \u00e7\u0131x\u0131\u015f ed\u0259n E.A\u011falarov ona g\u00f6st\u0259ril\u0259n d\u0259st\u0259y\u0259 v\u0259 yarad\u0131c\u0131l\u0131\u011f\u0131na veril\u0259n y\u00fcks\u0259k qiym\u0259t\u0259&hellip;","_links":{"self":[{"href":"https:\/\/arantv.az\/index.php?rest_route=\/wp\/v2\/posts\/27685"}],"collection":[{"href":"https:\/\/arantv.az\/index.php?rest_route=\/wp\/v2\/posts"}],"about":[{"href":"https:\/\/arantv.az\/index.php?rest_route=\/wp\/v2\/types\/post"}],"author":[{"embeddable":true,"href":"https:\/\/arantv.az\/index.php?rest_route=\/wp\/v2\/users\/2"}],"replies":[{"embeddable":true,"href":"https:\/\/arantv.az\/index.php?rest_route=%2Fwp%2Fv2%2Fcomments&post=27685"}],"version-history":[{"count":0,"href":"https:\/\/arantv.az\/index.php?rest_route=\/wp\/v2\/posts\/27685\/revisions"}],"wp:featuredmedia":[{"embeddable":true,"href":"https:\/\/arantv.az\/index.php?rest_route=\/wp\/v2\/media\/27686"}],"wp:attachment":[{"href":"https:\/\/arantv.az\/index.php?rest_route=%2Fwp%2Fv2%2Fmedia&parent=27685"}],"wp:term":[{"taxonomy":"category","embeddable":true,"href":"https:\/\/arantv.az\/index.php?rest_route=%2Fwp%2Fv2%2Fcategories&post=27685"},{"taxonomy":"post_tag","embeddable":true,"href":"https:\/\/arantv.az\/index.php?rest_route=%2Fwp%2Fv2%2Ftags&post=27685"}],"curies":[{"name":"wp","href":"https:\/\/api.w.org\/{rel}","templated":true}]}}