{"id":27691,"date":"2018-12-15T09:54:58","date_gmt":"2018-12-15T06:54:58","guid":{"rendered":"http:\/\/arantv.az\/?p=27691"},"modified":"2018-12-15T09:54:58","modified_gmt":"2018-12-15T06:54:58","slug":"canli-efird%c9%99-qizinin-qarsisinda-diz-cokdu-v%c9%99-fotolar","status":"publish","type":"post","link":"https:\/\/arantv.az\/?p=27691","title":{"rendered":"Canl\u0131 efird\u0259 q\u0131z\u0131n\u0131n qar\u015f\u0131s\u0131nda diz \u00e7\u00f6kd\u00fc v\u0259&#8230; \u2014 FOTOLAR"},"content":{"rendered":"<div class=\"spot\">&#8220;X\u0259z\u0259r&#8221; telekanal\u0131nda Xo\u015fq\u0259d\u0259m Hiday\u0259tq\u0131z\u0131n\u0131n apar\u0131c\u0131l\u0131\u011f\u0131yla yay\u0131mlanan &#8220;S\u0259ni axtar\u0131ram&#8221; verili\u015finin d\u00fcn\u0259nki efiri g\u0259rgin anlarla yadda qal\u0131b.<\/div>\n<p><strong>ARANTV.AZ<\/strong>-\u0131n m\u0259lumat\u0131na g\u00f6r\u0259, h\u0259yat yolda\u015f\u0131\u00a0 qa\u00e7m\u0131\u015f be\u015f ki\u015fi proqrama m\u00fcraci\u0259t edib. El\u015fad adl\u0131 bir n\u0259f\u0259r is\u0259 bildirib ki, r\u0259smi nikahda oldu\u011fu h\u0259yat yolda\u015f\u0131 sentyabr ay\u0131ndan evd\u0259n qa\u00e7\u0131b v\u0259 \u00f6vladlar\u0131n\u0131 da ona g\u00f6st\u0259rmir. Evd\u0259n qa\u00e7an qad\u0131n studiyaya g\u0259lib v\u0259 ba\u015f ver\u0259nl\u0259ri bel\u0259 izah edib:<\/p>\n<p>&#8220;O, m\u0259ni incidirdi, bizi d\u00f6y\u00fcrd\u00fc. Ona g\u00f6r\u0259 d\u0259 evd\u0259n \u00e7\u0131x\u0131b getmi\u015f\u0259m&#8221;<\/p>\n<p>Ki\u015fi is\u0259 bildirib ki, h\u0259yat yolda\u015f\u0131 onun anas\u0131n\u0131 d\u00f6y\u00fcrm\u00fc\u015f. Verili\u015fin sonunda El\u015fad \u00f6vladlar\u0131 olmadan ya\u015faya bilm\u0259y\u0259c\u0259yini s\u00f6yl\u0259y\u0259r\u0259k, q\u0131z\u0131n\u0131n qar\u015f\u0131s\u0131nda diz \u00e7\u00f6k\u00fcb. Amma 13 ya\u015fl\u0131 Reyhan atas\u0131ndan imtina edib.<\/p>\n<p><em>\u00d6lk\u0259.Az<\/em><\/p>\n<div class=\"carousel initialized\" data-namespace=\"DIVcarousel0\"><a class=\"carousel-item\" href=\"http:\/\/olke.az\/news\/detail\/canli-efirde-qizinin-qarsisinda-diz-cokdu-ve-fotolar-144455#!\"><img src=\"http:\/\/olke.az\/uploads\/1544856324\/sav5.jpg\" alt=\"\" width=\"100%\" data-desc=\"\" data-author=\"olke.az\" \/><\/a><a class=\"carousel-item\" href=\"http:\/\/olke.az\/news\/detail\/canli-efirde-qizinin-qarsisinda-diz-cokdu-ve-fotolar-144455#!\"><img src=\"http:\/\/olke.az\/uploads\/1544856324\/sav4.jpg\" alt=\"\" width=\"100%\" data-desc=\"\" data-author=\"olke.az\" \/><\/a><a class=\"carousel-item\" href=\"http:\/\/olke.az\/news\/detail\/canli-efirde-qizinin-qarsisinda-diz-cokdu-ve-fotolar-144455#!\"><img src=\"http:\/\/olke.az\/uploads\/1544856324\/sav3.jpg\" alt=\"\" width=\"100%\" data-desc=\"\" data-author=\"olke.az\" \/><\/a><a class=\"carousel-item\" href=\"http:\/\/olke.az\/news\/detail\/canli-efirde-qizinin-qarsisinda-diz-cokdu-ve-fotolar-144455#!\"><img src=\"http:\/\/olke.az\/uploads\/1544856324\/sav2.jpg\" alt=\"\" width=\"100%\" data-desc=\"\" data-author=\"olke.az\" \/><\/a><a class=\"carousel-item active\" href=\"http:\/\/olke.az\/news\/detail\/canli-efirde-qizinin-qarsisinda-diz-cokdu-ve-fotolar-144455#!\"><img src=\"http:\/\/olke.az\/uploads\/1544856324\/sav1.jpg\" alt=\"\" width=\"100%\" data-desc=\"\" data-author=\"olke.az\" \/><\/a><a class=\"carousel-item\" href=\"http:\/\/olke.az\/news\/detail\/canli-efirde-qizinin-qarsisinda-diz-cokdu-ve-fotolar-144455#!\"><img src=\"http:\/\/olke.az\/uploads\/1544856324\/sav6.jpg\" alt=\"\" width=\"100%\" data-desc=\"\" data-author=\"olke.az\" \/><\/a><\/div>\n","protected":false},"excerpt":{"rendered":"<p>&#8220;X\u0259z\u0259r&#8221; telekanal\u0131nda Xo\u015fq\u0259d\u0259m Hiday\u0259tq\u0131z\u0131n\u0131n apar\u0131c\u0131l\u0131\u011f\u0131yla yay\u0131mlanan &#8220;S\u0259ni axtar\u0131ram&#8221; verili\u015finin d\u00fcn\u0259nki efiri g\u0259rgin anlarla yadda qal\u0131b. ARANTV.AZ-\u0131n m\u0259lumat\u0131na g\u00f6r\u0259, h\u0259yat yolda\u015f\u0131\u00a0 qa\u00e7m\u0131\u015f be\u015f ki\u015fi proqrama m\u00fcraci\u0259t edib. El\u015fad adl\u0131 bir n\u0259f\u0259r is\u0259 bildirib ki, r\u0259smi nikahda oldu\u011fu h\u0259yat yolda\u015f\u0131 sentyabr ay\u0131ndan evd\u0259n qa\u00e7\u0131b v\u0259 \u00f6vladlar\u0131n\u0131 da ona g\u00f6st\u0259rmir. Evd\u0259n qa\u00e7an qad\u0131n studiyaya g\u0259lib v\u0259 ba\u015f ver\u0259nl\u0259ri bel\u0259 izah edib: &#8220;O, m\u0259ni incidirdi, bizi d\u00f6y\u00fcrd\u00fc. Ona g\u00f6r\u0259 d\u0259 evd\u0259n \u00e7\u0131x\u0131b getmi\u015f\u0259m&#8221; Ki\u015fi is\u0259 bildirib ki, h\u0259yat yolda\u015f\u0131 onun anas\u0131n\u0131 d\u00f6y\u00fcrm\u00fc\u015f. Verili\u015fin sonunda El\u015fad \u00f6vladlar\u0131 olmadan ya\u015faya bilm\u0259y\u0259c\u0259yini s\u00f6yl\u0259y\u0259r\u0259k, q\u0131z\u0131n\u0131n qar\u015f\u0131s\u0131nda diz \u00e7\u00f6k\u00fcb.&hellip;<\/p>\n","protected":false},"author":2,"featured_media":27692,"comment_status":"closed","ping_status":"closed","sticky":false,"template":"","format":"standard","meta":{"om_disable_all_campaigns":false,"_monsterinsights_skip_tracking":false,"_monsterinsights_sitenote_active":false,"_monsterinsights_sitenote_note":"","_monsterinsights_sitenote_category":0},"categories":[1],"tags":[],"aioseo_notices":[],"gutentor_comment":0,"rttpg_featured_image_url":{"full":["https:\/\/arantv.az\/wp-content\/uploads\/2018\/12\/qald.jpg",620,375,false],"landscape":["https:\/\/arantv.az\/wp-content\/uploads\/2018\/12\/qald.jpg",620,375,false],"portraits":["https:\/\/arantv.az\/wp-content\/uploads\/2018\/12\/qald.jpg",620,375,false],"thumbnail":["https:\/\/arantv.az\/wp-content\/uploads\/2018\/12\/qald-150x150.jpg",150,150,true],"medium":["https:\/\/arantv.az\/wp-content\/uploads\/2018\/12\/qald-300x181.jpg",300,181,true],"large":["https:\/\/arantv.az\/wp-content\/uploads\/2018\/12\/qald.jpg",620,375,false],"1536x1536":["https:\/\/arantv.az\/wp-content\/uploads\/2018\/12\/qald.jpg",620,375,false],"2048x2048":["https:\/\/arantv.az\/wp-content\/uploads\/2018\/12\/qald.jpg",620,375,false],"post-thumbnail":["https:\/\/arantv.az\/wp-content\/uploads\/2018\/12\/qald-240x172.jpg",240,172,true],"advps-thumb-one":["https:\/\/arantv.az\/wp-content\/uploads\/2018\/12\/qald.jpg",620,375,false]},"rttpg_author":{"display_name":"V\u00fcsal Rafiqo\u011flu","author_link":"https:\/\/arantv.az\/?author=2"},"rttpg_comment":0,"rttpg_category":"<a href=\"https:\/\/arantv.az\/?cat=1\" rel=\"category\">C\u0259miyy\u0259t<\/a>","rttpg_excerpt":"&#8220;X\u0259z\u0259r&#8221; telekanal\u0131nda Xo\u015fq\u0259d\u0259m Hiday\u0259tq\u0131z\u0131n\u0131n apar\u0131c\u0131l\u0131\u011f\u0131yla yay\u0131mlanan &#8220;S\u0259ni axtar\u0131ram&#8221; verili\u015finin d\u00fcn\u0259nki efiri g\u0259rgin anlarla yadda qal\u0131b. ARANTV.AZ-\u0131n m\u0259lumat\u0131na g\u00f6r\u0259, h\u0259yat yolda\u015f\u0131\u00a0 qa\u00e7m\u0131\u015f be\u015f ki\u015fi proqrama m\u00fcraci\u0259t edib. El\u015fad adl\u0131 bir n\u0259f\u0259r is\u0259 bildirib ki, r\u0259smi nikahda oldu\u011fu h\u0259yat yolda\u015f\u0131 sentyabr ay\u0131ndan evd\u0259n qa\u00e7\u0131b v\u0259 \u00f6vladlar\u0131n\u0131 da ona g\u00f6st\u0259rmir. Evd\u0259n qa\u00e7an qad\u0131n studiyaya g\u0259lib v\u0259 ba\u015f ver\u0259nl\u0259ri&hellip;","_links":{"self":[{"href":"https:\/\/arantv.az\/index.php?rest_route=\/wp\/v2\/posts\/27691"}],"collection":[{"href":"https:\/\/arantv.az\/index.php?rest_route=\/wp\/v2\/posts"}],"about":[{"href":"https:\/\/arantv.az\/index.php?rest_route=\/wp\/v2\/types\/post"}],"author":[{"embeddable":true,"href":"https:\/\/arantv.az\/index.php?rest_route=\/wp\/v2\/users\/2"}],"replies":[{"embeddable":true,"href":"https:\/\/arantv.az\/index.php?rest_route=%2Fwp%2Fv2%2Fcomments&post=27691"}],"version-history":[{"count":0,"href":"https:\/\/arantv.az\/index.php?rest_route=\/wp\/v2\/posts\/27691\/revisions"}],"wp:featuredmedia":[{"embeddable":true,"href":"https:\/\/arantv.az\/index.php?rest_route=\/wp\/v2\/media\/27692"}],"wp:attachment":[{"href":"https:\/\/arantv.az\/index.php?rest_route=%2Fwp%2Fv2%2Fmedia&parent=27691"}],"wp:term":[{"taxonomy":"category","embeddable":true,"href":"https:\/\/arantv.az\/index.php?rest_route=%2Fwp%2Fv2%2Fcategories&post=27691"},{"taxonomy":"post_tag","embeddable":true,"href":"https:\/\/arantv.az\/index.php?rest_route=%2Fwp%2Fv2%2Ftags&post=27691"}],"curies":[{"name":"wp","href":"https:\/\/api.w.org\/{rel}","templated":true}]}}