{"id":27694,"date":"2018-12-15T09:56:22","date_gmt":"2018-12-15T06:56:22","guid":{"rendered":"http:\/\/arantv.az\/?p=27694"},"modified":"2018-12-15T09:56:22","modified_gmt":"2018-12-15T06:56:22","slug":"hollandiyada-qirmizi-papaqlilarin-etirazi-basladi-fotolar","status":"publish","type":"post","link":"https:\/\/arantv.az\/?p=27694","title":{"rendered":"Hollandiyada q\u0131rm\u0131z\u0131 papaql\u0131lar\u0131n etiraz\u0131 ba\u015flad\u0131 \u2014 FOTOLAR"},"content":{"rendered":"<div class=\"spot\">Hollandiyada ba\u015f\u0131nda q\u0131rm\u0131z\u0131 beret olan minl\u0259rl\u0259 insan k\u00fc\u00e7\u0259l\u0259r\u0259 ax\u0131\u015f\u0131b.<\/div>\n<p><strong>ARANTV.AZ<\/strong> x\u0259b\u0259r verir ki, n\u00fcmayi\u015f\u00e7il\u0259r universitet b\u00fcdc\u0259l\u0259ri il\u0259 t\u0259hsil stipendiyalar\u0131n\u0131n azald\u0131lmas\u0131 v\u0259 i\u015f \u015f\u0259rtl\u0259rin\u0259 etiraz edirl\u0259r.<\/p>\n<p>Lahey \u015f\u0259h\u0259rin\u0259 topla\u015fan t\u0259l\u0259b\u0259 v\u0259 m\u00fc\u0259lliml\u0259r t\u0259hsill\u0259 ba\u011fl\u0131 m\u0259s\u0259l\u0259l\u0259r\u0259 etiraz ed\u0259r\u0259k h\u00f6kum\u0259t\u0259 reaksiya g\u00f6st\u0259rib. Minl\u0259rl\u0259 etiraz\u00e7\u0131 Koekamp meydan\u0131na topla\u015f\u0131b.<\/p>\n<p>Etiraz\u00e7\u0131lar \u201cRutt, r\u0259dd ol get, iqtisadi b\u00f6hran\u0131n y\u00fck\u00fcn\u00fc biz \u00e7\u0259km\u0259y\u0259c\u0259yik\u201d, \u201cM\u0259n m\u00fc\u0259lliml\u0259r\u00fc\u00e7\u00fcn burdayam, daha yax\u015f\u0131s\u0131na v\u0259 art\u0131\u011f\u0131na layiqik\u201d, \u201cU\u011fursuz siyas\u0259t\u0259 g\u00f6r\u0259 t\u0259l\u0259b\u0259 haqq \u00f6d\u0259yir\u201d, \u201cKeyfiyy\u0259tli t\u0259hsil ke\u00e7mi\u015fd\u0259 qald\u0131\u201d, \u201cH\u00f6kum\u0259t, \u00f6z dostlar\u0131n\u0131 soy\u201d, \u201cDaha az faiz, daha \u00e7ox pul\u201d, \u201cBu siyas\u0259ti art\u0131q q\u0259bul etmirik, birlik vaxt\u0131d\u0131r\u201d kimi \u015f\u00fcarlar s\u0259sl\u0259ndirilib.<\/p>\n<p><em><br \/>\n\u00d6lk\u0259.Az<\/em><\/p>\n<div class=\"carousel initialized\" data-namespace=\"DIVcarousel0\"><a class=\"carousel-item active\" href=\"http:\/\/olke.az\/news\/detail\/hollandiyada-qirmizi-papaqlilarin-etirazi-basladi-fotolar-144453#!\"><img src=\"http:\/\/olke.az\/uploads\/1544854091\/hol3.jpg\" alt=\"\" width=\"100%\" data-desc=\"\" data-author=\"olke.az\" \/><\/a><a class=\"carousel-item\" href=\"http:\/\/olke.az\/news\/detail\/hollandiyada-qirmizi-papaqlilarin-etirazi-basladi-fotolar-144453#!\"><img src=\"http:\/\/olke.az\/uploads\/1544854091\/hol2.jpg\" alt=\"\" width=\"100%\" data-desc=\"\" data-author=\"olke.az\" \/><\/a><a class=\"carousel-item\" href=\"http:\/\/olke.az\/news\/detail\/hollandiyada-qirmizi-papaqlilarin-etirazi-basladi-fotolar-144453#!\"><img src=\"http:\/\/olke.az\/uploads\/1544854091\/hol1.jpg\" alt=\"\" width=\"100%\" data-desc=\"\" data-author=\"olke.az\" \/><\/a><\/div>\n","protected":false},"excerpt":{"rendered":"<p>Hollandiyada ba\u015f\u0131nda q\u0131rm\u0131z\u0131 beret olan minl\u0259rl\u0259 insan k\u00fc\u00e7\u0259l\u0259r\u0259 ax\u0131\u015f\u0131b. ARANTV.AZ x\u0259b\u0259r verir ki, n\u00fcmayi\u015f\u00e7il\u0259r universitet b\u00fcdc\u0259l\u0259ri il\u0259 t\u0259hsil stipendiyalar\u0131n\u0131n azald\u0131lmas\u0131 v\u0259 i\u015f \u015f\u0259rtl\u0259rin\u0259 etiraz edirl\u0259r. Lahey \u015f\u0259h\u0259rin\u0259 topla\u015fan t\u0259l\u0259b\u0259 v\u0259 m\u00fc\u0259lliml\u0259r t\u0259hsill\u0259 ba\u011fl\u0131 m\u0259s\u0259l\u0259l\u0259r\u0259 etiraz ed\u0259r\u0259k h\u00f6kum\u0259t\u0259 reaksiya g\u00f6st\u0259rib. Minl\u0259rl\u0259 etiraz\u00e7\u0131 Koekamp meydan\u0131na topla\u015f\u0131b. Etiraz\u00e7\u0131lar \u201cRutt, r\u0259dd ol get, iqtisadi b\u00f6hran\u0131n y\u00fck\u00fcn\u00fc biz \u00e7\u0259km\u0259y\u0259c\u0259yik\u201d, \u201cM\u0259n m\u00fc\u0259lliml\u0259r\u00fc\u00e7\u00fcn burdayam, daha yax\u015f\u0131s\u0131na v\u0259 art\u0131\u011f\u0131na layiqik\u201d, \u201cU\u011fursuz siyas\u0259t\u0259 g\u00f6r\u0259 t\u0259l\u0259b\u0259 haqq \u00f6d\u0259yir\u201d, \u201cKeyfiyy\u0259tli t\u0259hsil ke\u00e7mi\u015fd\u0259 qald\u0131\u201d, \u201cH\u00f6kum\u0259t, \u00f6z dostlar\u0131n\u0131 soy\u201d, \u201cDaha az faiz, daha \u00e7ox pul\u201d, \u201cBu siyas\u0259ti art\u0131q q\u0259bul etmirik, birlik vaxt\u0131d\u0131r\u201d kimi&hellip;<\/p>\n","protected":false},"author":2,"featured_media":27695,"comment_status":"closed","ping_status":"closed","sticky":false,"template":"","format":"standard","meta":{"om_disable_all_campaigns":false,"_monsterinsights_skip_tracking":false,"_monsterinsights_sitenote_active":false,"_monsterinsights_sitenote_note":"","_monsterinsights_sitenote_category":0},"categories":[7],"tags":[],"aioseo_notices":[],"gutentor_comment":0,"rttpg_featured_image_url":{"full":["https:\/\/arantv.az\/wp-content\/uploads\/2018\/12\/hollanda.jpg",620,375,false],"landscape":["https:\/\/arantv.az\/wp-content\/uploads\/2018\/12\/hollanda.jpg",620,375,false],"portraits":["https:\/\/arantv.az\/wp-content\/uploads\/2018\/12\/hollanda.jpg",620,375,false],"thumbnail":["https:\/\/arantv.az\/wp-content\/uploads\/2018\/12\/hollanda-150x150.jpg",150,150,true],"medium":["https:\/\/arantv.az\/wp-content\/uploads\/2018\/12\/hollanda-300x181.jpg",300,181,true],"large":["https:\/\/arantv.az\/wp-content\/uploads\/2018\/12\/hollanda.jpg",620,375,false],"1536x1536":["https:\/\/arantv.az\/wp-content\/uploads\/2018\/12\/hollanda.jpg",620,375,false],"2048x2048":["https:\/\/arantv.az\/wp-content\/uploads\/2018\/12\/hollanda.jpg",620,375,false],"post-thumbnail":["https:\/\/arantv.az\/wp-content\/uploads\/2018\/12\/hollanda-240x172.jpg",240,172,true],"advps-thumb-one":["https:\/\/arantv.az\/wp-content\/uploads\/2018\/12\/hollanda.jpg",620,375,false]},"rttpg_author":{"display_name":"V\u00fcsal Rafiqo\u011flu","author_link":"https:\/\/arantv.az\/?author=2"},"rttpg_comment":0,"rttpg_category":"<a href=\"https:\/\/arantv.az\/?cat=7\" rel=\"category\">D\u00fcnya<\/a>","rttpg_excerpt":"Hollandiyada ba\u015f\u0131nda q\u0131rm\u0131z\u0131 beret olan minl\u0259rl\u0259 insan k\u00fc\u00e7\u0259l\u0259r\u0259 ax\u0131\u015f\u0131b. ARANTV.AZ x\u0259b\u0259r verir ki, n\u00fcmayi\u015f\u00e7il\u0259r universitet b\u00fcdc\u0259l\u0259ri il\u0259 t\u0259hsil stipendiyalar\u0131n\u0131n azald\u0131lmas\u0131 v\u0259 i\u015f \u015f\u0259rtl\u0259rin\u0259 etiraz edirl\u0259r. Lahey \u015f\u0259h\u0259rin\u0259 topla\u015fan t\u0259l\u0259b\u0259 v\u0259 m\u00fc\u0259lliml\u0259r t\u0259hsill\u0259 ba\u011fl\u0131 m\u0259s\u0259l\u0259l\u0259r\u0259 etiraz ed\u0259r\u0259k h\u00f6kum\u0259t\u0259 reaksiya g\u00f6st\u0259rib. Minl\u0259rl\u0259 etiraz\u00e7\u0131 Koekamp meydan\u0131na topla\u015f\u0131b. Etiraz\u00e7\u0131lar \u201cRutt, r\u0259dd ol get, iqtisadi b\u00f6hran\u0131n y\u00fck\u00fcn\u00fc biz \u00e7\u0259km\u0259y\u0259c\u0259yik\u201d, \u201cM\u0259n&hellip;","_links":{"self":[{"href":"https:\/\/arantv.az\/index.php?rest_route=\/wp\/v2\/posts\/27694"}],"collection":[{"href":"https:\/\/arantv.az\/index.php?rest_route=\/wp\/v2\/posts"}],"about":[{"href":"https:\/\/arantv.az\/index.php?rest_route=\/wp\/v2\/types\/post"}],"author":[{"embeddable":true,"href":"https:\/\/arantv.az\/index.php?rest_route=\/wp\/v2\/users\/2"}],"replies":[{"embeddable":true,"href":"https:\/\/arantv.az\/index.php?rest_route=%2Fwp%2Fv2%2Fcomments&post=27694"}],"version-history":[{"count":0,"href":"https:\/\/arantv.az\/index.php?rest_route=\/wp\/v2\/posts\/27694\/revisions"}],"wp:featuredmedia":[{"embeddable":true,"href":"https:\/\/arantv.az\/index.php?rest_route=\/wp\/v2\/media\/27695"}],"wp:attachment":[{"href":"https:\/\/arantv.az\/index.php?rest_route=%2Fwp%2Fv2%2Fmedia&parent=27694"}],"wp:term":[{"taxonomy":"category","embeddable":true,"href":"https:\/\/arantv.az\/index.php?rest_route=%2Fwp%2Fv2%2Fcategories&post=27694"},{"taxonomy":"post_tag","embeddable":true,"href":"https:\/\/arantv.az\/index.php?rest_route=%2Fwp%2Fv2%2Ftags&post=27694"}],"curies":[{"name":"wp","href":"https:\/\/api.w.org\/{rel}","templated":true}]}}