{"id":27700,"date":"2018-12-15T10:02:59","date_gmt":"2018-12-15T07:02:59","guid":{"rendered":"http:\/\/arantv.az\/?p=27700"},"modified":"2018-12-15T10:02:59","modified_gmt":"2018-12-15T07:02:59","slug":"uefa-qarabagin-oyununda-meydana-girmis-erm%c9%99ni-t%c9%99xribatci-il%c9%99-bagli-is-acdi","status":"publish","type":"post","link":"https:\/\/arantv.az\/?p=27700","title":{"rendered":"UEFA \u201cQaraba\u011f\u201d\u0131n oyununda meydana girmi\u015f erm\u0259ni t\u0259xribat\u00e7\u0131 il\u0259 ba\u011fl\u0131 i\u015f a\u00e7d\u0131"},"content":{"rendered":"<p>UEFA-n\u0131n N\u0259zar\u0259t, Etika v\u0259 \u0130ntizam Komit\u0259si dekabr\u0131n 13-d\u0259 ke\u00e7irilmi\u015f Avropa Liqas\u0131n\u0131n \u201cArsenal\u201d \u2013 \u201cQaraba\u011f\u201d oyunu il\u0259 ba\u011fl\u0131 i\u015f a\u00e7\u0131b.<\/p>\n<p><strong>ARANTV.AZ\u00a0<\/strong>\u00a0x\u0259b\u0259r verir ki, meydana erm\u0259ni t\u0259xribat\u00e7\u0131n\u0131n qondarma \u201cDQR\u201d bayra\u011f\u0131 il\u0259 meydana \u00e7\u0131xmas\u0131, siyasi m\u0259qs\u0259dl\u0259rd\u0259n istifad\u0259 olunmas\u0131, \u00fcst\u0259lik oyunun n\u0259z\u0259rd\u0259 tutulandan \u00fc\u00e7 d\u0259qiq\u0259 gec ba\u015flamas\u0131 ara\u015fd\u0131r\u0131lacaq.<\/p>\n<p>Bu m\u0259s\u0259l\u0259 bar\u0259sind\u0259 fevral\u0131n 21-d\u0259 yekun q\u0259rar \u00e7\u0131xar\u0131lacaq. St\u00fcardlar\u0131n g\u00f6z\u00fcnd\u0259n qa\u00e7d\u0131\u011f\u0131 \u00fc\u00e7\u00fcn meydan\u00e7aya daxil olmu\u015f erm\u0259ni t\u0259xribat\u00e7\u0131ya g\u00f6r\u0259 London klubunu c\u0259zalar g\u00f6zl\u0259yir. B\u00f6y\u00fck ehtimalla, klub c\u0259rim\u0259l\u0259n\u0259c\u0259k.<\/p>\n<p>Qeyd ed\u0259k ki, Artur Zakaryan adl\u0131 \u00fcz\u0259rind\u0259 terror\u00e7u Monte Melkonyan\u0131n \u015f\u0259kli olan erm\u0259ni t\u0259xribat\u00e7\u0131 90+3-c\u00fc d\u0259qiq\u0259d\u0259 qondarma \u201cDQR\u201d bayra\u011f\u0131 il\u0259 meydana \u00e7\u0131x\u0131b v\u0259 \u201cArsenal\u201d\u0131n ehtiyat oyun\u00e7ular skamyas\u0131nda \u0259yl\u0259\u015fmi\u015f Henrix Mxitaryana sevgisini bildirm\u0259y\u0259 \u00e7al\u0131\u015f\u0131b. Buna cavab olaraq \u201cQaraba\u011f\u201d\u0131n kapitan\u0131 R\u0259\u015fad Sad\u0131qov bayra\u011f\u0131 ondan alma\u011fa c\u0259hd edib.<\/p>\n<p>oxu.az<\/p>\n","protected":false},"excerpt":{"rendered":"<p>UEFA-n\u0131n N\u0259zar\u0259t, Etika v\u0259 \u0130ntizam Komit\u0259si dekabr\u0131n 13-d\u0259 ke\u00e7irilmi\u015f Avropa Liqas\u0131n\u0131n \u201cArsenal\u201d \u2013 \u201cQaraba\u011f\u201d oyunu il\u0259 ba\u011fl\u0131 i\u015f a\u00e7\u0131b. ARANTV.AZ\u00a0\u00a0x\u0259b\u0259r verir ki, meydana erm\u0259ni t\u0259xribat\u00e7\u0131n\u0131n qondarma \u201cDQR\u201d bayra\u011f\u0131 il\u0259 meydana \u00e7\u0131xmas\u0131, siyasi m\u0259qs\u0259dl\u0259rd\u0259n istifad\u0259 olunmas\u0131, \u00fcst\u0259lik oyunun n\u0259z\u0259rd\u0259 tutulandan \u00fc\u00e7 d\u0259qiq\u0259 gec ba\u015flamas\u0131 ara\u015fd\u0131r\u0131lacaq. Bu m\u0259s\u0259l\u0259 bar\u0259sind\u0259 fevral\u0131n 21-d\u0259 yekun q\u0259rar \u00e7\u0131xar\u0131lacaq. St\u00fcardlar\u0131n g\u00f6z\u00fcnd\u0259n qa\u00e7d\u0131\u011f\u0131 \u00fc\u00e7\u00fcn meydan\u00e7aya daxil olmu\u015f erm\u0259ni t\u0259xribat\u00e7\u0131ya g\u00f6r\u0259 London klubunu c\u0259zalar g\u00f6zl\u0259yir. B\u00f6y\u00fck ehtimalla, klub c\u0259rim\u0259l\u0259n\u0259c\u0259k. Qeyd ed\u0259k ki, Artur Zakaryan adl\u0131 \u00fcz\u0259rind\u0259 terror\u00e7u Monte Melkonyan\u0131n \u015f\u0259kli olan erm\u0259ni t\u0259xribat\u00e7\u0131 90+3-c\u00fc d\u0259qiq\u0259d\u0259 qondarma \u201cDQR\u201d bayra\u011f\u0131 il\u0259&hellip;<\/p>\n","protected":false},"author":2,"featured_media":27701,"comment_status":"closed","ping_status":"closed","sticky":false,"template":"","format":"standard","meta":{"om_disable_all_campaigns":false,"_monsterinsights_skip_tracking":false,"_monsterinsights_sitenote_active":false,"_monsterinsights_sitenote_note":"","_monsterinsights_sitenote_category":0},"categories":[6],"tags":[],"aioseo_notices":[],"gutentor_comment":0,"rttpg_featured_image_url":{"full":["https:\/\/arantv.az\/wp-content\/uploads\/2018\/12\/115024.jpg",620,349,false],"landscape":["https:\/\/arantv.az\/wp-content\/uploads\/2018\/12\/115024.jpg",620,349,false],"portraits":["https:\/\/arantv.az\/wp-content\/uploads\/2018\/12\/115024.jpg",620,349,false],"thumbnail":["https:\/\/arantv.az\/wp-content\/uploads\/2018\/12\/115024-150x150.jpg",150,150,true],"medium":["https:\/\/arantv.az\/wp-content\/uploads\/2018\/12\/115024-300x169.jpg",300,169,true],"large":["https:\/\/arantv.az\/wp-content\/uploads\/2018\/12\/115024.jpg",620,349,false],"1536x1536":["https:\/\/arantv.az\/wp-content\/uploads\/2018\/12\/115024.jpg",620,349,false],"2048x2048":["https:\/\/arantv.az\/wp-content\/uploads\/2018\/12\/115024.jpg",620,349,false],"post-thumbnail":["https:\/\/arantv.az\/wp-content\/uploads\/2018\/12\/115024-240x172.jpg",240,172,true],"advps-thumb-one":["https:\/\/arantv.az\/wp-content\/uploads\/2018\/12\/115024.jpg",620,349,false]},"rttpg_author":{"display_name":"V\u00fcsal Rafiqo\u011flu","author_link":"https:\/\/arantv.az\/?author=2"},"rttpg_comment":0,"rttpg_category":"<a href=\"https:\/\/arantv.az\/?cat=6\" rel=\"category\">\u0130dman<\/a>","rttpg_excerpt":"UEFA-n\u0131n N\u0259zar\u0259t, Etika v\u0259 \u0130ntizam Komit\u0259si dekabr\u0131n 13-d\u0259 ke\u00e7irilmi\u015f Avropa Liqas\u0131n\u0131n \u201cArsenal\u201d \u2013 \u201cQaraba\u011f\u201d oyunu il\u0259 ba\u011fl\u0131 i\u015f a\u00e7\u0131b. ARANTV.AZ\u00a0\u00a0x\u0259b\u0259r verir ki, meydana erm\u0259ni t\u0259xribat\u00e7\u0131n\u0131n qondarma \u201cDQR\u201d bayra\u011f\u0131 il\u0259 meydana \u00e7\u0131xmas\u0131, siyasi m\u0259qs\u0259dl\u0259rd\u0259n istifad\u0259 olunmas\u0131, \u00fcst\u0259lik oyunun n\u0259z\u0259rd\u0259 tutulandan \u00fc\u00e7 d\u0259qiq\u0259 gec ba\u015flamas\u0131 ara\u015fd\u0131r\u0131lacaq. Bu m\u0259s\u0259l\u0259 bar\u0259sind\u0259 fevral\u0131n 21-d\u0259 yekun q\u0259rar \u00e7\u0131xar\u0131lacaq. St\u00fcardlar\u0131n g\u00f6z\u00fcnd\u0259n qa\u00e7d\u0131\u011f\u0131&hellip;","_links":{"self":[{"href":"https:\/\/arantv.az\/index.php?rest_route=\/wp\/v2\/posts\/27700"}],"collection":[{"href":"https:\/\/arantv.az\/index.php?rest_route=\/wp\/v2\/posts"}],"about":[{"href":"https:\/\/arantv.az\/index.php?rest_route=\/wp\/v2\/types\/post"}],"author":[{"embeddable":true,"href":"https:\/\/arantv.az\/index.php?rest_route=\/wp\/v2\/users\/2"}],"replies":[{"embeddable":true,"href":"https:\/\/arantv.az\/index.php?rest_route=%2Fwp%2Fv2%2Fcomments&post=27700"}],"version-history":[{"count":0,"href":"https:\/\/arantv.az\/index.php?rest_route=\/wp\/v2\/posts\/27700\/revisions"}],"wp:featuredmedia":[{"embeddable":true,"href":"https:\/\/arantv.az\/index.php?rest_route=\/wp\/v2\/media\/27701"}],"wp:attachment":[{"href":"https:\/\/arantv.az\/index.php?rest_route=%2Fwp%2Fv2%2Fmedia&parent=27700"}],"wp:term":[{"taxonomy":"category","embeddable":true,"href":"https:\/\/arantv.az\/index.php?rest_route=%2Fwp%2Fv2%2Fcategories&post=27700"},{"taxonomy":"post_tag","embeddable":true,"href":"https:\/\/arantv.az\/index.php?rest_route=%2Fwp%2Fv2%2Ftags&post=27700"}],"curies":[{"name":"wp","href":"https:\/\/api.w.org\/{rel}","templated":true}]}}