{"id":27715,"date":"2018-12-15T11:04:25","date_gmt":"2018-12-15T08:04:25","guid":{"rendered":"http:\/\/arantv.az\/?p=27715"},"modified":"2018-12-15T11:04:25","modified_gmt":"2018-12-15T08:04:25","slug":"din-in-komandiri-q%c9%99fil-v%c9%99fat-etdi","status":"publish","type":"post","link":"https:\/\/arantv.az\/?p=27715","title":{"rendered":"D\u0130N-in komandiri q\u0259fil v\u0259fat etdi"},"content":{"rendered":"<p><strong>D\u0130N-in Ba\u015f M\u00fchafiz\u0259 \u0130dar\u0259sinin Heyd\u0259r \u018fliyev ad\u0131na Bak\u0131 Neft Emal\u0131 Zavodunun m\u00fchafiz\u0259si \u00fczr\u0259 polis idar\u0259sinin b\u00f6l\u00fck komandiri \u018fliyev R\u0259\u015fid \u015eura o\u011flu 55 ya\u015f\u0131nda v\u0259fat edib.<\/strong><\/p>\n<p><strong>ARANTV.AZ<\/strong> x\u0259b\u0259r verir ki, bu bar\u0259d\u0259\u00a0<a href=\"http:\/\/az.qaynarinfo.az\/\" target=\"_blank\" rel=\"noopener\">Qaynarinfo.az<\/a>-a D\u0130N-in Ba\u015f M\u00fchafiz\u0259 \u0130dar\u0259sind\u0259n m\u0259lumat verilib.<\/p>\n<p>Bildirilib ki, o, dekabr\u0131n 14-d\u0259 ya\u015fad\u0131\u011f\u0131 \u0259razid\u0259ki marketl\u0259rin birind\u0259n al\u0131\u015f-veri\u015f ed\u0259n zaman infarkt ke\u00e7irib. X\u0259st\u0259xanaya apar\u0131lsa da, h\u0259yat\u0131n\u0131 xilas etm\u0259k m\u00fcmk\u00fcn olmay\u0131b.<\/p>\n<p>Allah r\u0259hm\u0259t el\u0259sin!<\/p>\n","protected":false},"excerpt":{"rendered":"<p>D\u0130N-in Ba\u015f M\u00fchafiz\u0259 \u0130dar\u0259sinin Heyd\u0259r \u018fliyev ad\u0131na Bak\u0131 Neft Emal\u0131 Zavodunun m\u00fchafiz\u0259si \u00fczr\u0259 polis idar\u0259sinin b\u00f6l\u00fck komandiri \u018fliyev R\u0259\u015fid \u015eura o\u011flu 55 ya\u015f\u0131nda v\u0259fat edib. ARANTV.AZ x\u0259b\u0259r verir ki, bu bar\u0259d\u0259\u00a0Qaynarinfo.az-a D\u0130N-in Ba\u015f M\u00fchafiz\u0259 \u0130dar\u0259sind\u0259n m\u0259lumat verilib. Bildirilib ki, o, dekabr\u0131n 14-d\u0259 ya\u015fad\u0131\u011f\u0131 \u0259razid\u0259ki marketl\u0259rin birind\u0259n al\u0131\u015f-veri\u015f ed\u0259n zaman infarkt ke\u00e7irib. X\u0259st\u0259xanaya apar\u0131lsa da, h\u0259yat\u0131n\u0131 xilas etm\u0259k m\u00fcmk\u00fcn olmay\u0131b. Allah r\u0259hm\u0259t el\u0259sin!<\/p>\n","protected":false},"author":2,"featured_media":27716,"comment_status":"closed","ping_status":"closed","sticky":false,"template":"","format":"standard","meta":{"om_disable_all_campaigns":false,"_monsterinsights_skip_tracking":false,"_monsterinsights_sitenote_active":false,"_monsterinsights_sitenote_note":"","_monsterinsights_sitenote_category":0},"categories":[5],"tags":[],"aioseo_notices":[],"gutentor_comment":0,"rttpg_featured_image_url":{"full":["https:\/\/arantv.az\/wp-content\/uploads\/2018\/12\/resid-eliyev.jpg",496,390,false],"landscape":["https:\/\/arantv.az\/wp-content\/uploads\/2018\/12\/resid-eliyev.jpg",496,390,false],"portraits":["https:\/\/arantv.az\/wp-content\/uploads\/2018\/12\/resid-eliyev.jpg",496,390,false],"thumbnail":["https:\/\/arantv.az\/wp-content\/uploads\/2018\/12\/resid-eliyev-150x150.jpg",150,150,true],"medium":["https:\/\/arantv.az\/wp-content\/uploads\/2018\/12\/resid-eliyev-300x236.jpg",300,236,true],"large":["https:\/\/arantv.az\/wp-content\/uploads\/2018\/12\/resid-eliyev.jpg",496,390,false],"1536x1536":["https:\/\/arantv.az\/wp-content\/uploads\/2018\/12\/resid-eliyev.jpg",496,390,false],"2048x2048":["https:\/\/arantv.az\/wp-content\/uploads\/2018\/12\/resid-eliyev.jpg",496,390,false],"post-thumbnail":["https:\/\/arantv.az\/wp-content\/uploads\/2018\/12\/resid-eliyev-240x172.jpg",240,172,true],"advps-thumb-one":["https:\/\/arantv.az\/wp-content\/uploads\/2018\/12\/resid-eliyev.jpg",496,390,false]},"rttpg_author":{"display_name":"V\u00fcsal Rafiqo\u011flu","author_link":"https:\/\/arantv.az\/?author=2"},"rttpg_comment":0,"rttpg_category":"<a href=\"https:\/\/arantv.az\/?cat=5\" rel=\"category\">Hadis\u0259<\/a>","rttpg_excerpt":"D\u0130N-in Ba\u015f M\u00fchafiz\u0259 \u0130dar\u0259sinin Heyd\u0259r \u018fliyev ad\u0131na Bak\u0131 Neft Emal\u0131 Zavodunun m\u00fchafiz\u0259si \u00fczr\u0259 polis idar\u0259sinin b\u00f6l\u00fck komandiri \u018fliyev R\u0259\u015fid \u015eura o\u011flu 55 ya\u015f\u0131nda v\u0259fat edib. ARANTV.AZ x\u0259b\u0259r verir ki, bu bar\u0259d\u0259\u00a0Qaynarinfo.az-a D\u0130N-in Ba\u015f M\u00fchafiz\u0259 \u0130dar\u0259sind\u0259n m\u0259lumat verilib. Bildirilib ki, o, dekabr\u0131n 14-d\u0259 ya\u015fad\u0131\u011f\u0131 \u0259razid\u0259ki marketl\u0259rin birind\u0259n al\u0131\u015f-veri\u015f ed\u0259n zaman infarkt ke\u00e7irib. X\u0259st\u0259xanaya apar\u0131lsa da, h\u0259yat\u0131n\u0131&hellip;","_links":{"self":[{"href":"https:\/\/arantv.az\/index.php?rest_route=\/wp\/v2\/posts\/27715"}],"collection":[{"href":"https:\/\/arantv.az\/index.php?rest_route=\/wp\/v2\/posts"}],"about":[{"href":"https:\/\/arantv.az\/index.php?rest_route=\/wp\/v2\/types\/post"}],"author":[{"embeddable":true,"href":"https:\/\/arantv.az\/index.php?rest_route=\/wp\/v2\/users\/2"}],"replies":[{"embeddable":true,"href":"https:\/\/arantv.az\/index.php?rest_route=%2Fwp%2Fv2%2Fcomments&post=27715"}],"version-history":[{"count":0,"href":"https:\/\/arantv.az\/index.php?rest_route=\/wp\/v2\/posts\/27715\/revisions"}],"wp:featuredmedia":[{"embeddable":true,"href":"https:\/\/arantv.az\/index.php?rest_route=\/wp\/v2\/media\/27716"}],"wp:attachment":[{"href":"https:\/\/arantv.az\/index.php?rest_route=%2Fwp%2Fv2%2Fmedia&parent=27715"}],"wp:term":[{"taxonomy":"category","embeddable":true,"href":"https:\/\/arantv.az\/index.php?rest_route=%2Fwp%2Fv2%2Fcategories&post=27715"},{"taxonomy":"post_tag","embeddable":true,"href":"https:\/\/arantv.az\/index.php?rest_route=%2Fwp%2Fv2%2Ftags&post=27715"}],"curies":[{"name":"wp","href":"https:\/\/api.w.org\/{rel}","templated":true}]}}