{"id":27721,"date":"2018-12-15T11:08:47","date_gmt":"2018-12-15T08:08:47","guid":{"rendered":"http:\/\/arantv.az\/?p=27721"},"modified":"2018-12-15T11:08:47","modified_gmt":"2018-12-15T08:08:47","slug":"sumqayitda-agir-q%c9%99za-piyada-q%c9%99fil-yola-cixdi-v%c9%99","status":"publish","type":"post","link":"https:\/\/arantv.az\/?p=27721","title":{"rendered":"Sumqay\u0131tda A\u011eIR Q\u018fZA: piyada q\u0259fil yola \u00e7\u0131xd\u0131 v\u0259&#8230;"},"content":{"rendered":"<p><strong>Sumqay\u0131tda a\u011f\u0131r yol q\u0259zas\u0131 ba\u015f verib.<\/strong><\/p>\n<p><b>ARANTV.AZ\u00a0<\/b>x\u0259b\u0259r verir ki, \u015f\u0259h\u0259rin Z\u00fclfi Hac\u0131yev k\u00fc\u00e7\u0259sind\u0259 32 ya\u015fl\u0131 Elm\u0259ddin K\u0259rimov idar\u0259 etdiyi &#8220;Audi&#8221; markal\u0131 minik avtomobili il\u0259 piyadan\u0131 vurub. A\u011f\u0131r x\u0259sar\u0259t alan 1959-cu il t\u0259v\u0259ll\u00fcdl\u00fc Yusifov F\u00fczuli Qurban o\u011flu hadis\u0259 yerind\u0259 v\u0259fat edib.<\/p>\n<p>S\u00fcr\u00fcc\u00fc bildirib ki, piyada yolun h\u0259r\u0259k\u0259t hiss\u0259sin\u0259 q\u0259fil \u00e7\u0131x\u0131b v\u0259 q\u0259zadan yay\u0131na bilm\u0259yib.<\/p>\n<p>Faktla ba\u011fl\u0131 cinay\u0259t i\u015fi a\u00e7\u0131l\u0131b. Ara\u015fd\u0131rma apar\u0131l\u0131r.<\/p>\n<p>publika.az<\/p>\n","protected":false},"excerpt":{"rendered":"<p>Sumqay\u0131tda a\u011f\u0131r yol q\u0259zas\u0131 ba\u015f verib. ARANTV.AZ\u00a0x\u0259b\u0259r verir ki, \u015f\u0259h\u0259rin Z\u00fclfi Hac\u0131yev k\u00fc\u00e7\u0259sind\u0259 32 ya\u015fl\u0131 Elm\u0259ddin K\u0259rimov idar\u0259 etdiyi &#8220;Audi&#8221; markal\u0131 minik avtomobili il\u0259 piyadan\u0131 vurub. A\u011f\u0131r x\u0259sar\u0259t alan 1959-cu il t\u0259v\u0259ll\u00fcdl\u00fc Yusifov F\u00fczuli Qurban o\u011flu hadis\u0259 yerind\u0259 v\u0259fat edib. S\u00fcr\u00fcc\u00fc bildirib ki, piyada yolun h\u0259r\u0259k\u0259t hiss\u0259sin\u0259 q\u0259fil \u00e7\u0131x\u0131b v\u0259 q\u0259zadan yay\u0131na bilm\u0259yib. Faktla ba\u011fl\u0131 cinay\u0259t i\u015fi a\u00e7\u0131l\u0131b. Ara\u015fd\u0131rma apar\u0131l\u0131r. publika.az<\/p>\n","protected":false},"author":2,"featured_media":27722,"comment_status":"closed","ping_status":"closed","sticky":false,"template":"","format":"standard","meta":{"om_disable_all_campaigns":false,"_monsterinsights_skip_tracking":false,"_monsterinsights_sitenote_active":false,"_monsterinsights_sitenote_note":"","_monsterinsights_sitenote_category":0},"categories":[5],"tags":[],"aioseo_notices":[],"gutentor_comment":0,"rttpg_featured_image_url":{"full":["https:\/\/arantv.az\/wp-content\/uploads\/2018\/12\/qeza-1.jpg",800,450,false],"landscape":["https:\/\/arantv.az\/wp-content\/uploads\/2018\/12\/qeza-1.jpg",800,450,false],"portraits":["https:\/\/arantv.az\/wp-content\/uploads\/2018\/12\/qeza-1.jpg",800,450,false],"thumbnail":["https:\/\/arantv.az\/wp-content\/uploads\/2018\/12\/qeza-1-150x150.jpg",150,150,true],"medium":["https:\/\/arantv.az\/wp-content\/uploads\/2018\/12\/qeza-1-300x169.jpg",300,169,true],"large":["https:\/\/arantv.az\/wp-content\/uploads\/2018\/12\/qeza-1.jpg",640,360,false],"1536x1536":["https:\/\/arantv.az\/wp-content\/uploads\/2018\/12\/qeza-1.jpg",800,450,false],"2048x2048":["https:\/\/arantv.az\/wp-content\/uploads\/2018\/12\/qeza-1.jpg",800,450,false],"post-thumbnail":["https:\/\/arantv.az\/wp-content\/uploads\/2018\/12\/qeza-1-240x172.jpg",240,172,true],"advps-thumb-one":["https:\/\/arantv.az\/wp-content\/uploads\/2018\/12\/qeza-1.jpg",800,450,false]},"rttpg_author":{"display_name":"V\u00fcsal Rafiqo\u011flu","author_link":"https:\/\/arantv.az\/?author=2"},"rttpg_comment":0,"rttpg_category":"<a href=\"https:\/\/arantv.az\/?cat=5\" rel=\"category\">Hadis\u0259<\/a>","rttpg_excerpt":"Sumqay\u0131tda a\u011f\u0131r yol q\u0259zas\u0131 ba\u015f verib. ARANTV.AZ\u00a0x\u0259b\u0259r verir ki, \u015f\u0259h\u0259rin Z\u00fclfi Hac\u0131yev k\u00fc\u00e7\u0259sind\u0259 32 ya\u015fl\u0131 Elm\u0259ddin K\u0259rimov idar\u0259 etdiyi &#8220;Audi&#8221; markal\u0131 minik avtomobili il\u0259 piyadan\u0131 vurub. A\u011f\u0131r x\u0259sar\u0259t alan 1959-cu il t\u0259v\u0259ll\u00fcdl\u00fc Yusifov F\u00fczuli Qurban o\u011flu hadis\u0259 yerind\u0259 v\u0259fat edib. S\u00fcr\u00fcc\u00fc bildirib ki, piyada yolun h\u0259r\u0259k\u0259t hiss\u0259sin\u0259 q\u0259fil \u00e7\u0131x\u0131b v\u0259 q\u0259zadan yay\u0131na bilm\u0259yib. Faktla ba\u011fl\u0131&hellip;","_links":{"self":[{"href":"https:\/\/arantv.az\/index.php?rest_route=\/wp\/v2\/posts\/27721"}],"collection":[{"href":"https:\/\/arantv.az\/index.php?rest_route=\/wp\/v2\/posts"}],"about":[{"href":"https:\/\/arantv.az\/index.php?rest_route=\/wp\/v2\/types\/post"}],"author":[{"embeddable":true,"href":"https:\/\/arantv.az\/index.php?rest_route=\/wp\/v2\/users\/2"}],"replies":[{"embeddable":true,"href":"https:\/\/arantv.az\/index.php?rest_route=%2Fwp%2Fv2%2Fcomments&post=27721"}],"version-history":[{"count":0,"href":"https:\/\/arantv.az\/index.php?rest_route=\/wp\/v2\/posts\/27721\/revisions"}],"wp:featuredmedia":[{"embeddable":true,"href":"https:\/\/arantv.az\/index.php?rest_route=\/wp\/v2\/media\/27722"}],"wp:attachment":[{"href":"https:\/\/arantv.az\/index.php?rest_route=%2Fwp%2Fv2%2Fmedia&parent=27721"}],"wp:term":[{"taxonomy":"category","embeddable":true,"href":"https:\/\/arantv.az\/index.php?rest_route=%2Fwp%2Fv2%2Fcategories&post=27721"},{"taxonomy":"post_tag","embeddable":true,"href":"https:\/\/arantv.az\/index.php?rest_route=%2Fwp%2Fv2%2Ftags&post=27721"}],"curies":[{"name":"wp","href":"https:\/\/api.w.org\/{rel}","templated":true}]}}