{"id":27725,"date":"2018-12-15T11:17:12","date_gmt":"2018-12-15T08:17:12","guid":{"rendered":"http:\/\/arantv.az\/?p=27725"},"modified":"2018-12-15T11:17:12","modified_gmt":"2018-12-15T08:17:12","slug":"b%c9%99rd%c9%99d%c9%99-ozunum%c9%99sgulluq-proqrami-c%c9%99rciv%c9%99sind%c9%99-azt%c9%99minatli-ail%c9%99l%c9%99r-ucun-yaradilan-t%c9%99s%c9%99rrufatlara-baxis-olub","status":"publish","type":"post","link":"https:\/\/arantv.az\/?p=27725","title":{"rendered":"B\u0259rd\u0259d\u0259 \u00f6z\u00fcn\u00fcm\u0259\u015f\u011fulluq proqram\u0131 \u00e7\u0259r\u00e7iv\u0259sind\u0259 azt\u0259minatl\u0131 ail\u0259l\u0259r \u00fc\u00e7\u00fcn yarad\u0131lan t\u0259s\u0259rr\u00fcfatlara bax\u0131\u015f olub"},"content":{"rendered":"<p>B\u0259rd\u0259 rayonunda v\u0259t\u0259nda\u015flar\u0131n q\u0259bulunu ke\u00e7ir\u0259n \u0259m\u0259k v\u0259 \u0259halinin sosial m\u00fcdafi\u0259si naziri Sahil Babayev B\u0259rd\u0259 Rayon \u0130cra Hakimiyy\u0259tinin ba\u015f\u00e7\u0131s\u0131 Vidadi \u0130sayevl\u0259 birg\u0259 rayonda \u00f6z\u00fcn\u00fcm\u0259\u015f\u011fulluq proqram\u0131 i\u015ftirak\u00e7\u0131lar\u0131 il\u0259 g\u00f6r\u00fc\u015f\u00fcb, proqram \u00e7\u0259r\u00e7iv\u0259sind\u0259 yarad\u0131lm\u0131\u015f ayr\u0131-ayr\u0131 ail\u0259 t\u0259s\u0259rr\u00fcfatlar\u0131 il\u0259 tan\u0131\u015f olublar.<\/p>\n<p><strong>ARANTV.AZ<\/strong> x\u0259b\u0259r verir ki, B\u0259rd\u0259 rayonunda 2018-ci ild\u0259 112 \u015f\u0259xs \u00f6z\u00fcn\u00fcm\u0259\u015f\u011fulluq proqram\u0131na c\u0259lb edilib. Onlar\u0131n \u0259ks\u0259r hiss\u0259sini \u0259lilliyi olanlar, m\u0259cburi k\u00f6\u00e7k\u00fcnl\u0259r, \u015f\u0259hid ail\u0259si \u00fczvl\u0259ri, m\u00fcharib\u0259 veteranlar\u0131 v\u0259 dig\u0259r h\u0259ssas qruplardan olanlar t\u0259\u015fkil edir. Proqrama c\u0259lb olunanlardan art\u0131q 100-\u0259 yax\u0131n \u015f\u0259xsin biznes-planlar\u0131na uy\u011fun mal v\u0259 materiallarla t\u0259minat\u0131 h\u0259yata ke\u00e7irilib. Onlar \u0259sas\u0259n heyvandarl\u0131q sah\u0259si \u00fczr\u0259 ki\u00e7ik ail\u0259 t\u0259s\u0259rr\u00fcfatlar\u0131n\u0131 qurublar. Dig\u0259rl\u0259rinin d\u0259 mal v\u0259 materiallarla t\u0259minat\u0131 i\u015fl\u0259ri davam etdirilir.<\/p>\n<p>Proqram i\u015ftirak\u00e7\u0131lar\u0131 il\u0259 g\u00f6r\u00fc\u015f\u00fcnd\u0259 S.Babayev bildirib ki, Prezident \u0130lham \u018fliyevin m\u00fcvafiq S\u0259r\u0259ncam\u0131na \u0259sas\u0259n \u018fm\u0259k v\u0259 \u018fhalinin Sosial M\u00fcdafi\u0259si Nazirliyi t\u0259r\u0259find\u0259n icra olunan \u00f6z\u00fcn\u00fcm\u0259\u015f\u011fulluq proqram\u0131n\u0131n \u0259sas m\u0259qs\u0259di azt\u0259minatl\u0131 ail\u0259l\u0259rin \u00f6z t\u0259s\u0259rr\u00fcfatlar\u0131n\u0131 quraraq, ki\u00e7ik ail\u0259 biznesin\u0259 \u00e7\u0131x\u0131\u015f\u0131na, \u00f6z z\u0259hm\u0259tl\u0259ri, s\u0259yl\u0259ri il\u0259 g\u0259lirl\u0259rini art\u0131rmalar\u0131na, h\u0259yat \u015f\u0259raitl\u0259rini yax\u015f\u0131la\u015fd\u0131rmalar\u0131na imkan yaratmaqd\u0131r. Bunun \u00fc\u00e7\u00fcn proqram i\u015ftirak\u00e7\u0131lar\u0131na mal v\u0259 materiallar verilm\u0259kl\u0259, onlara t\u0259s\u0259rr\u00fcfatlar\u0131 idar\u0259 etm\u0259k v\u0259 geni\u015fl\u0259ndirm\u0259k \u00fc\u00e7\u00fcn m\u00fcvafiq m\u0259sl\u0259h\u0259t xidm\u0259tl\u0259ri il\u0259 g\u00f6st\u0259rilir. Proqram\u0131n h\u0259yata ke\u00e7irilm\u0259si h\u0259m d\u0259 ki\u00e7ik v\u0259 orta sahibkarl\u0131\u011f\u0131n, k\u0259nd t\u0259s\u0259rr\u00fcfat\u0131n\u0131n inki\u015faf\u0131na d\u0259st\u0259k rolu oynay\u0131r.<\/p>\n<p>\u00d6z\u00fcn\u00fcm\u0259\u015f\u011fulluq proqram\u0131 \u00e7\u0259r\u00e7iv\u0259sind\u0259 ki\u00e7ik ail\u0259 t\u0259s\u0259rr\u00fcfatlar\u0131n\u0131 quranlar verilmi\u015f mal v\u0259 materiallardan s\u0259m\u0259r\u0259li \u015f\u0259kild\u0259 faydalanaraq t\u0259s\u0259rr\u00fcfatlar\u0131n\u0131 daim geni\u015fl\u0259ndirm\u0259y\u0259 s\u0259y g\u00f6st\u0259r\u0259c\u0259kl\u0259rini qeyd edibl\u0259r. Onlar azt\u0259minatl\u0131 ail\u0259l\u0259r\u0259 sahibkarl\u0131\u011fa \u00e7\u0131x\u0131\u015f imkan\u0131 yarad\u0131ld\u0131\u011f\u0131na, \u00fcmum\u0259n sosial c\u0259h\u0259td\u0259n h\u0259ssas qruplar\u0131n rifah hal\u0131n\u0131n yax\u015f\u0131la\u015fd\u0131r\u0131lmas\u0131 \u00fc\u00e7\u00fcn apar\u0131lan i\u015fl\u0259r\u0259 g\u00f6r\u0259 d\u00f6vl\u0259t ba\u015f\u00e7\u0131s\u0131na d\u0259rin minn\u0259tdarl\u0131qlar\u0131n\u0131 bildiribl\u0259r.<\/p>\n<p><img loading=\"lazy\" class=\"alignnone size-medium wp-image-27726\" src=\"https:\/\/arantv.az\/wp-content\/uploads\/2018\/12\/154479519641888996_1000x669-300x200.jpg\" alt=\"\" width=\"300\" height=\"200\" \/><\/p>\n<p><img loading=\"lazy\" class=\"alignnone size-medium wp-image-27727\" src=\"https:\/\/arantv.az\/wp-content\/uploads\/2018\/12\/15447951962359258402_1000x669-300x217.jpg\" alt=\"\" width=\"300\" height=\"217\" \/><\/p>\n<p><img loading=\"lazy\" class=\"alignnone size-medium wp-image-27728\" src=\"https:\/\/arantv.az\/wp-content\/uploads\/2018\/12\/15447951965767151676_1000x669-300x200.jpg\" alt=\"\" width=\"300\" height=\"200\" \/><\/p>\n<p><img loading=\"lazy\" class=\"alignnone size-medium wp-image-27729\" src=\"https:\/\/arantv.az\/wp-content\/uploads\/2018\/12\/1544795196463546511_1000x669-300x200.jpg\" alt=\"\" width=\"300\" height=\"200\" \/><\/p>\n<p><img loading=\"lazy\" class=\"alignnone size-medium wp-image-27730\" src=\"https:\/\/arantv.az\/wp-content\/uploads\/2018\/12\/15447951962167952291_1000x669-300x200.jpg\" alt=\"\" width=\"300\" height=\"200\" \/><\/p>\n<p><img loading=\"lazy\" class=\"alignnone size-medium wp-image-27731\" src=\"https:\/\/arantv.az\/wp-content\/uploads\/2018\/12\/154479519644343593_1000x669-300x203.jpg\" alt=\"\" width=\"300\" height=\"203\" \/><\/p>\n<p>az\u0259rtac<\/p>\n","protected":false},"excerpt":{"rendered":"<p>B\u0259rd\u0259 rayonunda v\u0259t\u0259nda\u015flar\u0131n q\u0259bulunu ke\u00e7ir\u0259n \u0259m\u0259k v\u0259 \u0259halinin sosial m\u00fcdafi\u0259si naziri Sahil Babayev B\u0259rd\u0259 Rayon \u0130cra Hakimiyy\u0259tinin ba\u015f\u00e7\u0131s\u0131 Vidadi \u0130sayevl\u0259 birg\u0259 rayonda \u00f6z\u00fcn\u00fcm\u0259\u015f\u011fulluq proqram\u0131 i\u015ftirak\u00e7\u0131lar\u0131 il\u0259 g\u00f6r\u00fc\u015f\u00fcb, proqram \u00e7\u0259r\u00e7iv\u0259sind\u0259 yarad\u0131lm\u0131\u015f ayr\u0131-ayr\u0131 ail\u0259 t\u0259s\u0259rr\u00fcfatlar\u0131 il\u0259 tan\u0131\u015f olublar. ARANTV.AZ x\u0259b\u0259r verir ki, B\u0259rd\u0259 rayonunda 2018-ci ild\u0259 112 \u015f\u0259xs \u00f6z\u00fcn\u00fcm\u0259\u015f\u011fulluq proqram\u0131na c\u0259lb edilib. Onlar\u0131n \u0259ks\u0259r hiss\u0259sini \u0259lilliyi olanlar, m\u0259cburi k\u00f6\u00e7k\u00fcnl\u0259r, \u015f\u0259hid ail\u0259si \u00fczvl\u0259ri, m\u00fcharib\u0259 veteranlar\u0131 v\u0259 dig\u0259r h\u0259ssas qruplardan olanlar t\u0259\u015fkil edir. Proqrama c\u0259lb olunanlardan art\u0131q 100-\u0259 yax\u0131n \u015f\u0259xsin biznes-planlar\u0131na uy\u011fun mal v\u0259 materiallarla t\u0259minat\u0131 h\u0259yata ke\u00e7irilib. Onlar \u0259sas\u0259n heyvandarl\u0131q sah\u0259si \u00fczr\u0259 ki\u00e7ik&hellip;<\/p>\n","protected":false},"author":2,"featured_media":27726,"comment_status":"closed","ping_status":"closed","sticky":false,"template":"","format":"standard","meta":{"om_disable_all_campaigns":false,"_monsterinsights_skip_tracking":false,"_monsterinsights_sitenote_active":false,"_monsterinsights_sitenote_note":"","_monsterinsights_sitenote_category":0},"categories":[2],"tags":[],"aioseo_notices":[],"gutentor_comment":0,"rttpg_featured_image_url":{"full":["https:\/\/arantv.az\/wp-content\/uploads\/2018\/12\/154479519641888996_1000x669.jpg",1000,666,false],"landscape":["https:\/\/arantv.az\/wp-content\/uploads\/2018\/12\/154479519641888996_1000x669.jpg",1000,666,false],"portraits":["https:\/\/arantv.az\/wp-content\/uploads\/2018\/12\/154479519641888996_1000x669.jpg",1000,666,false],"thumbnail":["https:\/\/arantv.az\/wp-content\/uploads\/2018\/12\/154479519641888996_1000x669-150x150.jpg",150,150,true],"medium":["https:\/\/arantv.az\/wp-content\/uploads\/2018\/12\/154479519641888996_1000x669-300x200.jpg",300,200,true],"large":["https:\/\/arantv.az\/wp-content\/uploads\/2018\/12\/154479519641888996_1000x669.jpg",640,426,false],"1536x1536":["https:\/\/arantv.az\/wp-content\/uploads\/2018\/12\/154479519641888996_1000x669.jpg",1000,666,false],"2048x2048":["https:\/\/arantv.az\/wp-content\/uploads\/2018\/12\/154479519641888996_1000x669.jpg",1000,666,false],"post-thumbnail":["https:\/\/arantv.az\/wp-content\/uploads\/2018\/12\/154479519641888996_1000x669-240x172.jpg",240,172,true],"advps-thumb-one":["https:\/\/arantv.az\/wp-content\/uploads\/2018\/12\/154479519641888996_1000x669-1000x620.jpg",1000,620,true]},"rttpg_author":{"display_name":"V\u00fcsal Rafiqo\u011flu","author_link":"https:\/\/arantv.az\/?author=2"},"rttpg_comment":0,"rttpg_category":"<a href=\"https:\/\/arantv.az\/?cat=2\" rel=\"category\">Region X\u0259b\u0259rl\u0259ri<\/a>","rttpg_excerpt":"B\u0259rd\u0259 rayonunda v\u0259t\u0259nda\u015flar\u0131n q\u0259bulunu ke\u00e7ir\u0259n \u0259m\u0259k v\u0259 \u0259halinin sosial m\u00fcdafi\u0259si naziri Sahil Babayev B\u0259rd\u0259 Rayon \u0130cra Hakimiyy\u0259tinin ba\u015f\u00e7\u0131s\u0131 Vidadi \u0130sayevl\u0259 birg\u0259 rayonda \u00f6z\u00fcn\u00fcm\u0259\u015f\u011fulluq proqram\u0131 i\u015ftirak\u00e7\u0131lar\u0131 il\u0259 g\u00f6r\u00fc\u015f\u00fcb, proqram \u00e7\u0259r\u00e7iv\u0259sind\u0259 yarad\u0131lm\u0131\u015f ayr\u0131-ayr\u0131 ail\u0259 t\u0259s\u0259rr\u00fcfatlar\u0131 il\u0259 tan\u0131\u015f olublar. ARANTV.AZ x\u0259b\u0259r verir ki, B\u0259rd\u0259 rayonunda 2018-ci ild\u0259 112 \u015f\u0259xs \u00f6z\u00fcn\u00fcm\u0259\u015f\u011fulluq proqram\u0131na c\u0259lb edilib. Onlar\u0131n \u0259ks\u0259r hiss\u0259sini \u0259lilliyi olanlar,&hellip;","_links":{"self":[{"href":"https:\/\/arantv.az\/index.php?rest_route=\/wp\/v2\/posts\/27725"}],"collection":[{"href":"https:\/\/arantv.az\/index.php?rest_route=\/wp\/v2\/posts"}],"about":[{"href":"https:\/\/arantv.az\/index.php?rest_route=\/wp\/v2\/types\/post"}],"author":[{"embeddable":true,"href":"https:\/\/arantv.az\/index.php?rest_route=\/wp\/v2\/users\/2"}],"replies":[{"embeddable":true,"href":"https:\/\/arantv.az\/index.php?rest_route=%2Fwp%2Fv2%2Fcomments&post=27725"}],"version-history":[{"count":0,"href":"https:\/\/arantv.az\/index.php?rest_route=\/wp\/v2\/posts\/27725\/revisions"}],"wp:featuredmedia":[{"embeddable":true,"href":"https:\/\/arantv.az\/index.php?rest_route=\/wp\/v2\/media\/27726"}],"wp:attachment":[{"href":"https:\/\/arantv.az\/index.php?rest_route=%2Fwp%2Fv2%2Fmedia&parent=27725"}],"wp:term":[{"taxonomy":"category","embeddable":true,"href":"https:\/\/arantv.az\/index.php?rest_route=%2Fwp%2Fv2%2Fcategories&post=27725"},{"taxonomy":"post_tag","embeddable":true,"href":"https:\/\/arantv.az\/index.php?rest_route=%2Fwp%2Fv2%2Ftags&post=27725"}],"curies":[{"name":"wp","href":"https:\/\/api.w.org\/{rel}","templated":true}]}}