{"id":27739,"date":"2018-12-15T11:25:42","date_gmt":"2018-12-15T08:25:42","guid":{"rendered":"http:\/\/arantv.az\/?p=27739"},"modified":"2018-12-15T11:25:42","modified_gmt":"2018-12-15T08:25:42","slug":"dedi-ki-basini-k%c9%99s%c9%99c%c9%99m-%c9%99ri-t%c9%99r%c9%99find%c9%99n-atasi-evind%c9%99n-oldurul%c9%99n-g%c9%99linin-anasi-danisdi-foto-video","status":"publish","type":"post","link":"https:\/\/arantv.az\/?p=27739","title":{"rendered":"\u201cDedi ki, ba\u015f\u0131n\u0131 k\u0259s\u0259c\u0259m\u201d \u2014 \u018fri t\u0259r\u0259find\u0259n atas\u0131 evind\u0259n \u00f6ld\u00fcr\u00fcl\u0259n g\u0259linin anas\u0131 DANI\u015eDI (FOTO \/ V\u0130DEO)"},"content":{"rendered":"<div class=\"spot\">\u201c\u00d6z\u00fcm\u00fc atd\u0131m q\u0131z\u0131n \u00fcst\u00fcn\u0259, yen\u0259 d\u0259 m\u0259ni \u00f6ld\u00fcrm\u0259di, q\u0131z\u0131 \u00f6ld\u00fcrd\u00fc\u201d<\/div>\n<p><strong>ARANTV.AZ<\/strong>\u00a0 ARB TV-y\u0259 istinad\u0259n x\u0259b\u0259r verir ki, Yevlax rayonunun Nem\u0259tabad k\u0259nd sakini, 1989-cu il t\u0259v\u0259ll\u00fcdl\u00fc Saday Sad\u0131qov iki u\u015faq anas\u0131 olan h\u0259yat yolda\u015f\u0131, 30 ya\u015fl\u0131 V\u0259fa Sad\u0131qovan\u0131 atas\u0131 evind\u0259 amans\u0131zcas\u0131na q\u0259tl\u0259 yetirib.<\/p>\n<p>Hadis\u0259 m\u0259rhumun anas\u0131, Saray Ab\u0131\u015fovan\u0131n g\u00f6z\u00fc \u00f6n\u00fcnd\u0259 ba\u015f verib. S.Ab\u0131\u015fova bildirir ki, hadis\u0259y\u0259 k\u00fcr\u0259k\u0259ni S.Sad\u0131qovun \u00e7obanl\u0131q etdiyi t\u0259s\u0259rr\u00fcfatdak\u0131 bir ne\u00e7\u0259 ba\u015f qoyunu satmas\u0131 s\u0259b\u0259b olub.<\/p>\n<p>Bel\u0259 ki, V.Sad\u0131qova bir ne\u00e7\u0259 g\u00fcn \u00f6nc\u0259 atas\u0131 evind\u0259n qoyunlar\u0131n saxland\u0131\u011f\u0131 t\u0259s\u0259rr\u00fcfata ged\u0259nd\u0259 heyvanlar\u0131n say\u0131n\u0131n azald\u0131\u011f\u0131n\u0131 g\u00f6r\u00fcb. V.Sad\u0131qova Sadaydan qoyunlar\u0131 hara satd\u0131\u011f\u0131n\u0131 soru\u015fanda S.Sad\u0131qov \u0259s\u0259bl\u0259\u015f\u0259r\u0259k onu vurub. Bununla da ail\u0259 m\u00fcnaqi\u015f\u0259si yaran\u0131b. V.Sad\u0131qova \u00f6vlad\u0131n\u0131 da g\u00f6t\u00fcr\u0259r\u0259k atas\u0131 evin\u0259 qay\u0131d\u0131b. Hadis\u0259 d\u0259 bundan sonra ba\u015f verib.<\/p>\n<p>Bir ne\u00e7\u0259 g\u00fcn sonra Saday V.Sad\u0131qovan\u0131n atas\u0131 evin\u0259 g\u0259l\u0259r\u0259k qay\u0131nanas\u0131n\u0131n g\u00f6z\u00fc qar\u015f\u0131s\u0131nda onun q\u0131z\u0131na k\u00fcr\u0259k v\u0259 \u00fcr\u0259k nahiy\u0259sind\u0259n \u00e7oxsayl\u0131 b\u0131\u00e7aq z\u0259rb\u0259l\u0259ri endirib.<\/p>\n<p>Saray Abu\u015fova &#8211; m\u0259rhumun anas\u0131: \u201cQ\u0131znan evd\u0259 oturmu\u015fduq. Bir d\u0259 g\u00f6rd\u00fcm \u00f6z\u00fcn\u00fc atd\u0131 i\u00e7\u0259ri \u0259lind\u0259 d\u0259 b\u0131\u00e7aq. N\u0259 q\u0259d\u0259r \u00e7al\u0131\u015fd\u0131m ki, \u0259lin\u0259 vuram. Dedi, i\u00e7\u0259ri girm\u0259, s\u0259ni \u00f6ld\u00fcr\u0259r\u0259m. \u00d6z\u00fcm\u00fc atd\u0131m q\u0131z\u0131n \u00fcst\u00fcn\u0259, yen\u0259 d\u0259 m\u0259ni \u00f6ld\u00fcrm\u0259di, q\u0131z\u0131 \u00f6ld\u00fcrd\u00fc\u201d.<\/p>\n<p>\u00c7oxlu qan itir\u0259n g\u0259lin k\u00f6m\u0259k \u00fc\u00e7\u00fcn yax\u0131nl\u0131qda ya\u015fayan day\u0131s\u0131n\u0131n evin\u0259 qa\u00e7\u0131b. El\u0259 orada hu\u015fsuz v\u0259ziyy\u0259td\u0259 yer\u0259 y\u0131x\u0131laraq d\u00fcnyas\u0131n\u0131 d\u0259yi\u015fib.<\/p>\n<p>Cahangir Sad\u0131qov &#8211; m\u0259rhumun day\u0131s\u0131: \u201cQa\u00e7\u0131b g\u0259ldi, qap\u0131n\u0131n a\u011fz\u0131nda y\u0131x\u0131ld\u0131. Oradan s\u00fcr\u00fcd\u00fcl\u0259r i\u00e7\u0259ri. Q\u0131z g\u0259l\u0259nd\u0259 arxas\u0131yca da Saday g\u0259ldi, b\u0131\u00e7aq da \u0259lind\u0259. Dedi, ba\u015f\u0131n\u0131 k\u0259s\u0259c\u0259m onun. Dedim, d\u0259li olmusan? B\u0131\u00e7a\u011f\u0131 tutub \u0259lind\u0259n ald\u0131m. Sonra da \u00e7\u0131xd\u0131 qap\u0131dan\u201d.<\/p>\n<p>Saday Sad\u0131qov oradan qa\u00e7maq \u00fc\u00e7\u00fcn qar\u015f\u0131s\u0131na \u00e7\u0131xan h\u0259r k\u0259si b\u0131\u00e7aqla h\u0259d\u0259l\u0259y\u0259r\u0259k k\u0259ndi t\u0259rk edib.<\/p>\n<p>Polis isti izl\u0259rl\u0259 S.Sad\u0131qovu saxlayaraq istintaqa t\u0259hvil verib.<\/p>\n<p>Faktla ba\u011fl\u0131 Yevlax rayon Prokurorlu\u011funda ara\u015fd\u0131rma apar\u0131l\u0131r.<\/p>\n<p>&nbsp;<\/p>\n<div class=\"carousel initialized\" data-namespace=\"DIVcarousel0\"><a class=\"carousel-item\" href=\"http:\/\/olke.az\/news\/detail\/dedi-ki-basini-kesecem-eri-terefinden-atasi-evinden-oldurulen-gelinin-anasi-danisdi-foto-video-144464#!\"><img src=\"http:\/\/olke.az\/uploads\/1544861456\/ser4.jpg\" alt=\"\" width=\"100%\" data-desc=\"\" data-author=\"olke.az\" \/><\/a><a class=\"carousel-item active\" href=\"http:\/\/olke.az\/news\/detail\/dedi-ki-basini-kesecem-eri-terefinden-atasi-evinden-oldurulen-gelinin-anasi-danisdi-foto-video-144464#!\"><img src=\"http:\/\/olke.az\/uploads\/1544861456\/ser3.jpg\" alt=\"\" width=\"100%\" data-desc=\"\" data-author=\"olke.az\" \/><\/a><a class=\"carousel-item\" href=\"http:\/\/olke.az\/news\/detail\/dedi-ki-basini-kesecem-eri-terefinden-atasi-evinden-oldurulen-gelinin-anasi-danisdi-foto-video-144464#!\"><img src=\"http:\/\/olke.az\/uploads\/1544861456\/ser2.jpg\" alt=\"\" width=\"100%\" data-desc=\"\" data-author=\"olke.az\" \/><\/a><a class=\"carousel-item\" href=\"http:\/\/olke.az\/news\/detail\/dedi-ki-basini-kesecem-eri-terefinden-atasi-evinden-oldurulen-gelinin-anasi-danisdi-foto-video-144464#!\"><img src=\"http:\/\/olke.az\/uploads\/1544861456\/ser1.jpg\" alt=\"\" width=\"100%\" data-desc=\"\" data-author=\"olke.az\" \/><\/a><\/div>\n","protected":false},"excerpt":{"rendered":"<p>\u201c\u00d6z\u00fcm\u00fc atd\u0131m q\u0131z\u0131n \u00fcst\u00fcn\u0259, yen\u0259 d\u0259 m\u0259ni \u00f6ld\u00fcrm\u0259di, q\u0131z\u0131 \u00f6ld\u00fcrd\u00fc\u201d ARANTV.AZ\u00a0 ARB TV-y\u0259 istinad\u0259n x\u0259b\u0259r verir ki, Yevlax rayonunun Nem\u0259tabad k\u0259nd sakini, 1989-cu il t\u0259v\u0259ll\u00fcdl\u00fc Saday Sad\u0131qov iki u\u015faq anas\u0131 olan h\u0259yat yolda\u015f\u0131, 30 ya\u015fl\u0131 V\u0259fa Sad\u0131qovan\u0131 atas\u0131 evind\u0259 amans\u0131zcas\u0131na q\u0259tl\u0259 yetirib. Hadis\u0259 m\u0259rhumun anas\u0131, Saray Ab\u0131\u015fovan\u0131n g\u00f6z\u00fc \u00f6n\u00fcnd\u0259 ba\u015f verib. S.Ab\u0131\u015fova bildirir ki, hadis\u0259y\u0259 k\u00fcr\u0259k\u0259ni S.Sad\u0131qovun \u00e7obanl\u0131q etdiyi t\u0259s\u0259rr\u00fcfatdak\u0131 bir ne\u00e7\u0259 ba\u015f qoyunu satmas\u0131 s\u0259b\u0259b olub. Bel\u0259 ki, V.Sad\u0131qova bir ne\u00e7\u0259 g\u00fcn \u00f6nc\u0259 atas\u0131 evind\u0259n qoyunlar\u0131n saxland\u0131\u011f\u0131 t\u0259s\u0259rr\u00fcfata ged\u0259nd\u0259 heyvanlar\u0131n say\u0131n\u0131n azald\u0131\u011f\u0131n\u0131 g\u00f6r\u00fcb. V.Sad\u0131qova Sadaydan qoyunlar\u0131 hara satd\u0131\u011f\u0131n\u0131 soru\u015fanda&hellip;<\/p>\n","protected":false},"author":2,"featured_media":27740,"comment_status":"closed","ping_status":"closed","sticky":false,"template":"","format":"standard","meta":{"om_disable_all_campaigns":false,"_monsterinsights_skip_tracking":false,"_monsterinsights_sitenote_active":false,"_monsterinsights_sitenote_note":"","_monsterinsights_sitenote_category":0},"categories":[3],"tags":[],"aioseo_notices":[],"gutentor_comment":0,"rttpg_featured_image_url":{"full":["https:\/\/arantv.az\/wp-content\/uploads\/2018\/12\/qadin-1.jpg",620,375,false],"landscape":["https:\/\/arantv.az\/wp-content\/uploads\/2018\/12\/qadin-1.jpg",620,375,false],"portraits":["https:\/\/arantv.az\/wp-content\/uploads\/2018\/12\/qadin-1.jpg",620,375,false],"thumbnail":["https:\/\/arantv.az\/wp-content\/uploads\/2018\/12\/qadin-1-150x150.jpg",150,150,true],"medium":["https:\/\/arantv.az\/wp-content\/uploads\/2018\/12\/qadin-1-300x181.jpg",300,181,true],"large":["https:\/\/arantv.az\/wp-content\/uploads\/2018\/12\/qadin-1.jpg",620,375,false],"1536x1536":["https:\/\/arantv.az\/wp-content\/uploads\/2018\/12\/qadin-1.jpg",620,375,false],"2048x2048":["https:\/\/arantv.az\/wp-content\/uploads\/2018\/12\/qadin-1.jpg",620,375,false],"post-thumbnail":["https:\/\/arantv.az\/wp-content\/uploads\/2018\/12\/qadin-1-240x172.jpg",240,172,true],"advps-thumb-one":["https:\/\/arantv.az\/wp-content\/uploads\/2018\/12\/qadin-1.jpg",620,375,false]},"rttpg_author":{"display_name":"V\u00fcsal Rafiqo\u011flu","author_link":"https:\/\/arantv.az\/?author=2"},"rttpg_comment":0,"rttpg_category":"<a href=\"https:\/\/arantv.az\/?cat=3\" rel=\"category\">Kriminal<\/a>","rttpg_excerpt":"\u201c\u00d6z\u00fcm\u00fc atd\u0131m q\u0131z\u0131n \u00fcst\u00fcn\u0259, yen\u0259 d\u0259 m\u0259ni \u00f6ld\u00fcrm\u0259di, q\u0131z\u0131 \u00f6ld\u00fcrd\u00fc\u201d ARANTV.AZ\u00a0 ARB TV-y\u0259 istinad\u0259n x\u0259b\u0259r verir ki, Yevlax rayonunun Nem\u0259tabad k\u0259nd sakini, 1989-cu il t\u0259v\u0259ll\u00fcdl\u00fc Saday Sad\u0131qov iki u\u015faq anas\u0131 olan h\u0259yat yolda\u015f\u0131, 30 ya\u015fl\u0131 V\u0259fa Sad\u0131qovan\u0131 atas\u0131 evind\u0259 amans\u0131zcas\u0131na q\u0259tl\u0259 yetirib. Hadis\u0259 m\u0259rhumun anas\u0131, Saray Ab\u0131\u015fovan\u0131n g\u00f6z\u00fc \u00f6n\u00fcnd\u0259 ba\u015f verib. S.Ab\u0131\u015fova bildirir ki, hadis\u0259y\u0259&hellip;","_links":{"self":[{"href":"https:\/\/arantv.az\/index.php?rest_route=\/wp\/v2\/posts\/27739"}],"collection":[{"href":"https:\/\/arantv.az\/index.php?rest_route=\/wp\/v2\/posts"}],"about":[{"href":"https:\/\/arantv.az\/index.php?rest_route=\/wp\/v2\/types\/post"}],"author":[{"embeddable":true,"href":"https:\/\/arantv.az\/index.php?rest_route=\/wp\/v2\/users\/2"}],"replies":[{"embeddable":true,"href":"https:\/\/arantv.az\/index.php?rest_route=%2Fwp%2Fv2%2Fcomments&post=27739"}],"version-history":[{"count":0,"href":"https:\/\/arantv.az\/index.php?rest_route=\/wp\/v2\/posts\/27739\/revisions"}],"wp:featuredmedia":[{"embeddable":true,"href":"https:\/\/arantv.az\/index.php?rest_route=\/wp\/v2\/media\/27740"}],"wp:attachment":[{"href":"https:\/\/arantv.az\/index.php?rest_route=%2Fwp%2Fv2%2Fmedia&parent=27739"}],"wp:term":[{"taxonomy":"category","embeddable":true,"href":"https:\/\/arantv.az\/index.php?rest_route=%2Fwp%2Fv2%2Fcategories&post=27739"},{"taxonomy":"post_tag","embeddable":true,"href":"https:\/\/arantv.az\/index.php?rest_route=%2Fwp%2Fv2%2Ftags&post=27739"}],"curies":[{"name":"wp","href":"https:\/\/api.w.org\/{rel}","templated":true}]}}