{"id":27767,"date":"2018-12-15T13:20:09","date_gmt":"2018-12-15T10:20:09","guid":{"rendered":"http:\/\/arantv.az\/?p=27767"},"modified":"2018-12-15T13:20:09","modified_gmt":"2018-12-15T10:20:09","slug":"deputat-az%c9%99rbaycan-terrorculuga-m%c9%99ruz-qalan-olk%c9%99dir","status":"publish","type":"post","link":"https:\/\/arantv.az\/?p=27767","title":{"rendered":"Deputat: Az\u0259rbaycan terror\u00e7ulu\u011fa m\u0259ruz qalan \u00f6lk\u0259dir"},"content":{"rendered":"<p>Bu g\u00fcn biz h\u0259ssas d\u00fcnyada ya\u015fay\u0131r\u0131q v\u0259 d\u00fcnyada he\u00e7 bir \u00f6lk\u0259 terror\u00e7uluq, radikall\u0131q v\u0259 ekstremizmd\u0259n s\u0131\u011fortalanmay\u0131b.\u00a0Az\u0259rbaycan da terror\u00e7ulu\u011fa m\u0259ruz qalan bir \u00f6lk\u0259dir.<\/p>\n<p><strong>ARANTV.AZ\u00a0<\/strong>x\u0259b\u0259r verir ki, bunu Milli M\u0259clisin (MM) Beyn\u0259lxalq m\u00fcnasib\u0259tl\u0259r v\u0259 parlamentl\u0259raras\u0131 \u0259laq\u0259l\u0259r komit\u0259sinin s\u0259dr m\u00fcavini\u00a0<strong>Sevinc F\u0259t\u0259liyeva\u00a0<\/strong>parlamentd\u0259 Parlamentl\u0259raras\u0131 \u0130ttifaq\u0131n (PA\u0130) G\u0259nc Parlament \u00dczvl\u0259rinin 5-ci Qlobal konfrans\u0131nda deyib.<\/p>\n<p>S.F\u0259t\u0259liyeva bildirib ki, 20 ild\u0259n art\u0131qd\u0131r ki, Az\u0259rbaycan torpaqlar\u0131n\u0131n 20 faizi erm\u0259ni i\u015f\u011fal\u0131 alt\u0131ndad\u0131r v\u0259 qon\u015fu Erm\u0259nistan\u0131n etnik t\u0259mizl\u0259m\u0259si n\u0259tic\u0259sind\u0259 bir milyondan art\u0131q soyda\u015f\u0131m\u0131z \u00f6z do\u011fma yurdlar\u0131n\u0131 t\u0259rk etm\u0259y\u0259 m\u0259cbur olaraq qa\u00e7q\u0131n v\u0259 m\u0259cbri k\u00f6\u00e7k\u00fcn v\u0259ziyy\u0259tin\u0259 d\u00fc\u015f\u00fcbl\u0259r.<\/p>\n<div id=\"AdributorNativeVideo0\" class=\"AdributorNativeVideo\"><\/div>\n<p>Komit\u0259 s\u0259drinin m\u00fcavini vur\u011fulay\u0131b ki, bu i\u015f\u011fal zaman\u0131 t\u00f6r\u0259dilmi\u015f etnik t\u0259mizl\u0259m\u0259 terrorun h\u0259r bir \u00f6lk\u0259 \u00fc\u00e7\u00fcn nec\u0259 t\u0259hl\u00fck\u0259li olmas\u0131n\u0131n bariz n\u00fcmun\u0259sidir.<\/p>\n<p>S.F\u0259t\u0259liyeva bildirib ki, g\u0259ncl\u0259r radikal ideyalara qar\u015f\u0131 h\u0259mi\u015f\u0259 h\u0259ssas olublar. Bu bax\u0131mdan, g\u0259ncl\u0259ri qoruma\u011f\u0131n z\u0259ruriliyini vur\u011fulayan S.F\u0259t\u0259liyeva Az\u0259rbaycanda g\u0259ncl\u0259r\u0259 b\u00f6y\u00fck diqq\u0259t v\u0259 qay\u011f\u0131n\u0131n g\u00f6st\u0259rildiyini qeyd edib.<\/p>\n<p>Mill\u0259t v\u0259kili \u0259lav\u0259 edib ki, d\u00fcnyada b\u0259zi terror t\u0259\u015fkilatlar\u0131 \u00f6zl\u0259rini \u0130slam t\u0259\u015fkilat\u0131 kimi t\u0259qdim ed\u0259r\u0259k \u0130slam\u0131n ad\u0131na x\u0259l\u0259l g\u0259tirirl\u0259r v\u0259 g\u0259ncl\u0259ri pis yola s\u00fcr\u00fckl\u0259yirl\u0259r.\u00a0D\u00fcnyada etnik v\u0259 dini z\u0259mind\u0259 yaranan m\u00fcnaqi\u015f\u0259l\u0259rin say\u0131 get-ged\u0259 artmaqdad\u0131r:<\/p>\n<p>\u201cAz\u0259rbaycan \u00f6z d\u00f6z\u00fcml\u00fcl\u00fck \u0259n\u0259n\u0259l\u0259rini qoruyub-saxlay\u0131r. M\u00fcxt\u0259lif dinl\u0259r\u0259 v\u0259 etnik qruplara m\u0259nsub olan xalqlar \u0259srl\u0259r boyu Az\u0259rbaycanda ya\u015fay\u0131r v\u0259 ona g\u00f6r\u0259 d\u0259 tolerantl\u0131q v\u0259 multikulturalizm ideyalar\u0131 h\u0259yat\u0131m\u0131z\u0131n \u0259n d\u0259y\u0259rli hiss\u0259sidir v\u0259\u00a0 d\u00f6vl\u0259t siyas\u0259tinin prioritetl\u0259rind\u0259n biridir\u201d.oxu.az<\/p>\n","protected":false},"excerpt":{"rendered":"<p>Bu g\u00fcn biz h\u0259ssas d\u00fcnyada ya\u015fay\u0131r\u0131q v\u0259 d\u00fcnyada he\u00e7 bir \u00f6lk\u0259 terror\u00e7uluq, radikall\u0131q v\u0259 ekstremizmd\u0259n s\u0131\u011fortalanmay\u0131b.\u00a0Az\u0259rbaycan da terror\u00e7ulu\u011fa m\u0259ruz qalan bir \u00f6lk\u0259dir. ARANTV.AZ\u00a0x\u0259b\u0259r verir ki, bunu Milli M\u0259clisin (MM) Beyn\u0259lxalq m\u00fcnasib\u0259tl\u0259r v\u0259 parlamentl\u0259raras\u0131 \u0259laq\u0259l\u0259r komit\u0259sinin s\u0259dr m\u00fcavini\u00a0Sevinc F\u0259t\u0259liyeva\u00a0parlamentd\u0259 Parlamentl\u0259raras\u0131 \u0130ttifaq\u0131n (PA\u0130) G\u0259nc Parlament \u00dczvl\u0259rinin 5-ci Qlobal konfrans\u0131nda deyib. S.F\u0259t\u0259liyeva bildirib ki, 20 ild\u0259n art\u0131qd\u0131r ki, Az\u0259rbaycan torpaqlar\u0131n\u0131n 20 faizi erm\u0259ni i\u015f\u011fal\u0131 alt\u0131ndad\u0131r v\u0259 qon\u015fu Erm\u0259nistan\u0131n etnik t\u0259mizl\u0259m\u0259si n\u0259tic\u0259sind\u0259 bir milyondan art\u0131q soyda\u015f\u0131m\u0131z \u00f6z do\u011fma yurdlar\u0131n\u0131 t\u0259rk etm\u0259y\u0259 m\u0259cbur olaraq qa\u00e7q\u0131n v\u0259 m\u0259cbri k\u00f6\u00e7k\u00fcn v\u0259ziyy\u0259tin\u0259 d\u00fc\u015f\u00fcbl\u0259r. Komit\u0259 s\u0259drinin m\u00fcavini vur\u011fulay\u0131b ki,&hellip;<\/p>\n","protected":false},"author":2,"featured_media":27768,"comment_status":"closed","ping_status":"closed","sticky":false,"template":"","format":"standard","meta":{"om_disable_all_campaigns":false,"_monsterinsights_skip_tracking":false,"_monsterinsights_sitenote_active":false,"_monsterinsights_sitenote_note":"","_monsterinsights_sitenote_category":0},"categories":[4],"tags":[],"aioseo_notices":[],"gutentor_comment":0,"rttpg_featured_image_url":{"full":["https:\/\/arantv.az\/wp-content\/uploads\/2018\/12\/15299429463377243303_1000x669.jpg",620,417,false],"landscape":["https:\/\/arantv.az\/wp-content\/uploads\/2018\/12\/15299429463377243303_1000x669.jpg",620,417,false],"portraits":["https:\/\/arantv.az\/wp-content\/uploads\/2018\/12\/15299429463377243303_1000x669.jpg",620,417,false],"thumbnail":["https:\/\/arantv.az\/wp-content\/uploads\/2018\/12\/15299429463377243303_1000x669-150x150.jpg",150,150,true],"medium":["https:\/\/arantv.az\/wp-content\/uploads\/2018\/12\/15299429463377243303_1000x669-300x202.jpg",300,202,true],"large":["https:\/\/arantv.az\/wp-content\/uploads\/2018\/12\/15299429463377243303_1000x669.jpg",620,417,false],"1536x1536":["https:\/\/arantv.az\/wp-content\/uploads\/2018\/12\/15299429463377243303_1000x669.jpg",620,417,false],"2048x2048":["https:\/\/arantv.az\/wp-content\/uploads\/2018\/12\/15299429463377243303_1000x669.jpg",620,417,false],"post-thumbnail":["https:\/\/arantv.az\/wp-content\/uploads\/2018\/12\/15299429463377243303_1000x669-240x172.jpg",240,172,true],"advps-thumb-one":["https:\/\/arantv.az\/wp-content\/uploads\/2018\/12\/15299429463377243303_1000x669.jpg",620,417,false]},"rttpg_author":{"display_name":"V\u00fcsal Rafiqo\u011flu","author_link":"https:\/\/arantv.az\/?author=2"},"rttpg_comment":0,"rttpg_category":"<a href=\"https:\/\/arantv.az\/?cat=4\" rel=\"category\">Siyas\u0259t<\/a>","rttpg_excerpt":"Bu g\u00fcn biz h\u0259ssas d\u00fcnyada ya\u015fay\u0131r\u0131q v\u0259 d\u00fcnyada he\u00e7 bir \u00f6lk\u0259 terror\u00e7uluq, radikall\u0131q v\u0259 ekstremizmd\u0259n s\u0131\u011fortalanmay\u0131b.\u00a0Az\u0259rbaycan da terror\u00e7ulu\u011fa m\u0259ruz qalan bir \u00f6lk\u0259dir. ARANTV.AZ\u00a0x\u0259b\u0259r verir ki, bunu Milli M\u0259clisin (MM) Beyn\u0259lxalq m\u00fcnasib\u0259tl\u0259r v\u0259 parlamentl\u0259raras\u0131 \u0259laq\u0259l\u0259r komit\u0259sinin s\u0259dr m\u00fcavini\u00a0Sevinc F\u0259t\u0259liyeva\u00a0parlamentd\u0259 Parlamentl\u0259raras\u0131 \u0130ttifaq\u0131n (PA\u0130) G\u0259nc Parlament \u00dczvl\u0259rinin 5-ci Qlobal konfrans\u0131nda deyib. S.F\u0259t\u0259liyeva bildirib ki, 20 ild\u0259n art\u0131qd\u0131r ki,&hellip;","_links":{"self":[{"href":"https:\/\/arantv.az\/index.php?rest_route=\/wp\/v2\/posts\/27767"}],"collection":[{"href":"https:\/\/arantv.az\/index.php?rest_route=\/wp\/v2\/posts"}],"about":[{"href":"https:\/\/arantv.az\/index.php?rest_route=\/wp\/v2\/types\/post"}],"author":[{"embeddable":true,"href":"https:\/\/arantv.az\/index.php?rest_route=\/wp\/v2\/users\/2"}],"replies":[{"embeddable":true,"href":"https:\/\/arantv.az\/index.php?rest_route=%2Fwp%2Fv2%2Fcomments&post=27767"}],"version-history":[{"count":0,"href":"https:\/\/arantv.az\/index.php?rest_route=\/wp\/v2\/posts\/27767\/revisions"}],"wp:featuredmedia":[{"embeddable":true,"href":"https:\/\/arantv.az\/index.php?rest_route=\/wp\/v2\/media\/27768"}],"wp:attachment":[{"href":"https:\/\/arantv.az\/index.php?rest_route=%2Fwp%2Fv2%2Fmedia&parent=27767"}],"wp:term":[{"taxonomy":"category","embeddable":true,"href":"https:\/\/arantv.az\/index.php?rest_route=%2Fwp%2Fv2%2Fcategories&post=27767"},{"taxonomy":"post_tag","embeddable":true,"href":"https:\/\/arantv.az\/index.php?rest_route=%2Fwp%2Fv2%2Ftags&post=27767"}],"curies":[{"name":"wp","href":"https:\/\/api.w.org\/{rel}","templated":true}]}}