{"id":27777,"date":"2018-12-15T14:13:14","date_gmt":"2018-12-15T11:13:14","guid":{"rendered":"http:\/\/arantv.az\/?p=27777"},"modified":"2018-12-15T14:13:14","modified_gmt":"2018-12-15T11:13:14","slug":"is-xanimi-leyla-misirovadan-ulduz-yagisi","status":"publish","type":"post","link":"https:\/\/arantv.az\/?p=27777","title":{"rendered":"\u0130\u015f xan\u0131m\u0131 Leyla Misirovadan &#8220;Ulduz ya\u011f\u0131\u015f\u0131&#8221;"},"content":{"rendered":"<p>Biznes ledi Leyla Misirova \u015fou &#8211; biznes\u0259 qo\u015fulur.<strong>ARANTV.AZ<\/strong> news24.az-a istinad\u0259n bildirir ki, News24.Az-a a\u00e7\u0131qlama ver\u0259n i\u015fg\u00fczar xan\u0131m art\u0131q konsert t\u0259\u015fkilat\u00e7\u0131l\u0131\u011f\u0131na ba\u015flay\u0131b. H\u0259tta t\u0259\u015fkil etdiyi ilk konsert proqram\u0131n\u0131n tarixi art\u0131q b\u0259llidir. Yanvar\u0131n 7-i saat 19.00-a t\u0259yin olunan konsert R\u0259\u015fid Behbudov ad\u0131na D\u00f6vl\u0259t Mahn\u0131 Teatr\u0131nda realla\u015facaq. &#8220;Ulduz ya\u011f\u0131\u015f\u0131&#8221; adlanan konsertd\u0259 estradam\u0131z\u0131n bir-ne\u00e7\u0259 tan\u0131nan m\u00fc\u011f\u0259nnil\u0259rinin \u00e7\u0131x\u0131\u015flar\u0131 olacaq. \u0130lah\u0259 Nazimq\u0131z\u0131n\u0131n apar\u0131c\u0131l\u0131\u011f\u0131 il\u0259 ba\u015f tutacaq konsertin rejissoru Nail Naibo\u011fludur. Leyla Misirova yeni qat\u0131ld\u0131\u011f\u0131 biznesd\u0259 u\u011fur \u0259ld\u0259 ed\u0259c\u0259yin\u0259 \u00fcmid etdiyini bildirib: &#8220;\u015eou &#8211; biznes sah\u0259si bir \u00e7oxlar\u0131 kimi, m\u0259nim d\u0259 h\u0259mi\u015f\u0259 mara\u011f\u0131mda olub. Bu s\u0259b\u0259bd\u0259n ora qat\u0131laraq, konsertl\u0259r t\u0259\u015fkil etm\u0259k q\u0259rar\u0131na g\u0259ldim. \u0130lk i\u015fimizin u\u011furlu al\u0131naca\u011f\u0131na v\u0259 ondan sonra m\u00fct\u0259madi olaraq daha da m\u00f6ht\u0259\u015f\u0259m konsertl\u0259r t\u0259\u015fkil ed\u0259 bil\u0259c\u0259yim\u0259 \u00fcmid edir\u0259m. \u015eou &#8211; biznes sah\u0259sind\u0259 dostlar\u0131m var, hans\u0131 ki, d\u0259y\u0259rli m\u0259sl\u0259h\u0259tl\u0259ri il\u0259 m\u0259ni m\u0259lumatland\u0131r\u0131rlar. H\u0259r birin\u0259 t\u0259\u015f\u0259kk\u00fcr edir\u0259m&#8221;! Xat\u0131rladaq ki, &#8220;Ulduz ya\u011f\u0131\u015f\u0131&#8221; konsertinin biletl\u0259ri art\u0131q sat\u0131\u015fdad\u0131r. Biletl\u0259ri paytaxt\u0131n b\u00fct\u00fcn kassalar\u0131ndan \u0259ld\u0259 etm\u0259k m\u00fcmk\u00fcnd\u00fcr.<\/p>\n","protected":false},"excerpt":{"rendered":"<p>Biznes ledi Leyla Misirova \u015fou &#8211; biznes\u0259 qo\u015fulur.ARANTV.AZ news24.az-a istinad\u0259n bildirir ki, News24.Az-a a\u00e7\u0131qlama ver\u0259n i\u015fg\u00fczar xan\u0131m art\u0131q konsert t\u0259\u015fkilat\u00e7\u0131l\u0131\u011f\u0131na ba\u015flay\u0131b. H\u0259tta t\u0259\u015fkil etdiyi ilk konsert proqram\u0131n\u0131n tarixi art\u0131q b\u0259llidir. Yanvar\u0131n 7-i saat 19.00-a t\u0259yin olunan konsert R\u0259\u015fid Behbudov ad\u0131na D\u00f6vl\u0259t Mahn\u0131 Teatr\u0131nda realla\u015facaq. &#8220;Ulduz ya\u011f\u0131\u015f\u0131&#8221; adlanan konsertd\u0259 estradam\u0131z\u0131n bir-ne\u00e7\u0259 tan\u0131nan m\u00fc\u011f\u0259nnil\u0259rinin \u00e7\u0131x\u0131\u015flar\u0131 olacaq. \u0130lah\u0259 Nazimq\u0131z\u0131n\u0131n apar\u0131c\u0131l\u0131\u011f\u0131 il\u0259 ba\u015f tutacaq konsertin rejissoru Nail Naibo\u011fludur. Leyla Misirova yeni qat\u0131ld\u0131\u011f\u0131 biznesd\u0259 u\u011fur \u0259ld\u0259 ed\u0259c\u0259yin\u0259 \u00fcmid etdiyini bildirib: &#8220;\u015eou &#8211; biznes sah\u0259si bir \u00e7oxlar\u0131 kimi, m\u0259nim d\u0259 h\u0259mi\u015f\u0259 mara\u011f\u0131mda olub. Bu s\u0259b\u0259bd\u0259n ora&hellip;<\/p>\n","protected":false},"author":2,"featured_media":27778,"comment_status":"closed","ping_status":"closed","sticky":false,"template":"","format":"standard","meta":{"om_disable_all_campaigns":false,"_monsterinsights_skip_tracking":false,"_monsterinsights_sitenote_active":false,"_monsterinsights_sitenote_note":"","_monsterinsights_sitenote_category":0},"categories":[20],"tags":[],"aioseo_notices":[],"gutentor_comment":0,"rttpg_featured_image_url":{"full":["https:\/\/arantv.az\/wp-content\/uploads\/2018\/12\/48369333_497962043944630_2121813895487160320_n.jpg",960,726,false],"landscape":["https:\/\/arantv.az\/wp-content\/uploads\/2018\/12\/48369333_497962043944630_2121813895487160320_n.jpg",960,726,false],"portraits":["https:\/\/arantv.az\/wp-content\/uploads\/2018\/12\/48369333_497962043944630_2121813895487160320_n.jpg",960,726,false],"thumbnail":["https:\/\/arantv.az\/wp-content\/uploads\/2018\/12\/48369333_497962043944630_2121813895487160320_n-150x150.jpg",150,150,true],"medium":["https:\/\/arantv.az\/wp-content\/uploads\/2018\/12\/48369333_497962043944630_2121813895487160320_n-300x227.jpg",300,227,true],"large":["https:\/\/arantv.az\/wp-content\/uploads\/2018\/12\/48369333_497962043944630_2121813895487160320_n.jpg",640,484,false],"1536x1536":["https:\/\/arantv.az\/wp-content\/uploads\/2018\/12\/48369333_497962043944630_2121813895487160320_n.jpg",960,726,false],"2048x2048":["https:\/\/arantv.az\/wp-content\/uploads\/2018\/12\/48369333_497962043944630_2121813895487160320_n.jpg",960,726,false],"post-thumbnail":["https:\/\/arantv.az\/wp-content\/uploads\/2018\/12\/48369333_497962043944630_2121813895487160320_n-240x172.jpg",240,172,true],"advps-thumb-one":["https:\/\/arantv.az\/wp-content\/uploads\/2018\/12\/48369333_497962043944630_2121813895487160320_n-960x620.jpg",960,620,true]},"rttpg_author":{"display_name":"V\u00fcsal Rafiqo\u011flu","author_link":"https:\/\/arantv.az\/?author=2"},"rttpg_comment":0,"rttpg_category":"<a href=\"https:\/\/arantv.az\/?cat=20\" rel=\"category\">\u015eou biznes<\/a>","rttpg_excerpt":"Biznes ledi Leyla Misirova \u015fou &#8211; biznes\u0259 qo\u015fulur.ARANTV.AZ news24.az-a istinad\u0259n bildirir ki, News24.Az-a a\u00e7\u0131qlama ver\u0259n i\u015fg\u00fczar xan\u0131m art\u0131q konsert t\u0259\u015fkilat\u00e7\u0131l\u0131\u011f\u0131na ba\u015flay\u0131b. H\u0259tta t\u0259\u015fkil etdiyi ilk konsert proqram\u0131n\u0131n tarixi art\u0131q b\u0259llidir. Yanvar\u0131n 7-i saat 19.00-a t\u0259yin olunan konsert R\u0259\u015fid Behbudov ad\u0131na D\u00f6vl\u0259t Mahn\u0131 Teatr\u0131nda realla\u015facaq. &#8220;Ulduz ya\u011f\u0131\u015f\u0131&#8221; adlanan konsertd\u0259 estradam\u0131z\u0131n bir-ne\u00e7\u0259 tan\u0131nan m\u00fc\u011f\u0259nnil\u0259rinin \u00e7\u0131x\u0131\u015flar\u0131 olacaq. \u0130lah\u0259&hellip;","_links":{"self":[{"href":"https:\/\/arantv.az\/index.php?rest_route=\/wp\/v2\/posts\/27777"}],"collection":[{"href":"https:\/\/arantv.az\/index.php?rest_route=\/wp\/v2\/posts"}],"about":[{"href":"https:\/\/arantv.az\/index.php?rest_route=\/wp\/v2\/types\/post"}],"author":[{"embeddable":true,"href":"https:\/\/arantv.az\/index.php?rest_route=\/wp\/v2\/users\/2"}],"replies":[{"embeddable":true,"href":"https:\/\/arantv.az\/index.php?rest_route=%2Fwp%2Fv2%2Fcomments&post=27777"}],"version-history":[{"count":0,"href":"https:\/\/arantv.az\/index.php?rest_route=\/wp\/v2\/posts\/27777\/revisions"}],"wp:featuredmedia":[{"embeddable":true,"href":"https:\/\/arantv.az\/index.php?rest_route=\/wp\/v2\/media\/27778"}],"wp:attachment":[{"href":"https:\/\/arantv.az\/index.php?rest_route=%2Fwp%2Fv2%2Fmedia&parent=27777"}],"wp:term":[{"taxonomy":"category","embeddable":true,"href":"https:\/\/arantv.az\/index.php?rest_route=%2Fwp%2Fv2%2Fcategories&post=27777"},{"taxonomy":"post_tag","embeddable":true,"href":"https:\/\/arantv.az\/index.php?rest_route=%2Fwp%2Fv2%2Ftags&post=27777"}],"curies":[{"name":"wp","href":"https:\/\/api.w.org\/{rel}","templated":true}]}}