{"id":27821,"date":"2018-12-17T08:00:27","date_gmt":"2018-12-17T05:00:27","guid":{"rendered":"http:\/\/arantv.az\/?p=27821"},"modified":"2018-12-17T08:00:27","modified_gmt":"2018-12-17T05:00:27","slug":"az%c9%99rbaycan-goz%c9%99lin-qara-gunu-fotosessiya","status":"publish","type":"post","link":"https:\/\/arantv.az\/?p=27821","title":{"rendered":"Az\u0259rbaycan g\u00f6z\u0259lin \u201cqara\u201d g\u00fcn\u00fc &#8211; FOTOSESS\u0130YA"},"content":{"rendered":"<p>H\u0259r zaman cazib\u0259darl\u0131\u011f\u0131 il\u0259 g\u00f6z ox\u015fayan model G\u00fcnel A\u011fayeva kamera qar\u015f\u0131s\u0131na ke\u00e7\u0259r\u0259k, maraql\u0131 \u015f\u0259kill\u0259r \u00e7\u0259kdirib. <strong>ARANTV.AZ<\/strong> bildirir ki, model bu d\u0259f\u0259 d\u0259, geyim t\u0259rzi il\u0259 diqq\u0259t \u00e7\u0259kib. Bel\u0259 ki, G\u00fcnel daima qara r\u0259ng\u0259 \u00fcst\u00fcnl\u00fck verir. G\u00fcnel \u0259m\u0259kda\u015f\u0131m\u0131za a\u00e7\u0131qlamas\u0131nda bildirib ki: &#8220;Qara \u00e7ox k\u00fcbar r\u0259ngdir. M\u0259nc\u0259, b\u0259d\u0259n formas\u0131ndan, ya\u015f\u0131ndan as\u0131l\u0131 olmayaraq, bu r\u0259ng h\u0259r k\u0259s\u0259 yara\u015f\u0131r. Bu r\u0259ngli geyiml\u0259r q\u0259tiyy\u0259n insana narahatl\u0131q ya\u015fatm\u0131r&#8221;. G\u00fcnel A\u011fayevan\u0131n imicind\u0259 ill\u0259rdir d\u0259yi\u015fm\u0259y\u0259n ba\u015fqa n\u00fcans sa\u00e7 r\u0259nginin eyni olmas\u0131d\u0131r. Qara libasla yana\u015f\u0131, t\u00fcnd q\u0259hv\u0259 sa\u00e7 r\u0259ngind\u0259n vaz ke\u00e7m\u0259y\u0259n model daim formada qalma\u011f\u0131 m\u00fck\u0259mm\u0259l bacar\u0131r. Fotolar\u0131n m\u00fc\u0259llifi, fotoqraf H\u0259sr\u0259t H\u0259s\u0259novdur.<\/p>\n<p><img loading=\"lazy\" class=\"alignnone size-medium wp-image-27822\" src=\"https:\/\/arantv.az\/wp-content\/uploads\/2018\/12\/48393452_270160313682686_7249617848882954240_n-200x300.jpg\" alt=\"\" width=\"200\" height=\"300\" \/><\/p>\n<p><img loading=\"lazy\" class=\"alignnone size-medium wp-image-27823\" src=\"https:\/\/arantv.az\/wp-content\/uploads\/2018\/12\/48374281_773105549700790_7117941143794352128_n-200x300.jpg\" alt=\"\" width=\"200\" height=\"300\" \/><\/p>\n<p><img loading=\"lazy\" class=\"alignnone size-medium wp-image-27824\" src=\"https:\/\/arantv.az\/wp-content\/uploads\/2018\/12\/48390691_265421077463960_8262101314549317632_n-300x251.jpg\" alt=\"\" width=\"300\" height=\"251\" \/><\/p>\n","protected":false},"excerpt":{"rendered":"<p>H\u0259r zaman cazib\u0259darl\u0131\u011f\u0131 il\u0259 g\u00f6z ox\u015fayan model G\u00fcnel A\u011fayeva kamera qar\u015f\u0131s\u0131na ke\u00e7\u0259r\u0259k, maraql\u0131 \u015f\u0259kill\u0259r \u00e7\u0259kdirib. ARANTV.AZ bildirir ki, model bu d\u0259f\u0259 d\u0259, geyim t\u0259rzi il\u0259 diqq\u0259t \u00e7\u0259kib. Bel\u0259 ki, G\u00fcnel daima qara r\u0259ng\u0259 \u00fcst\u00fcnl\u00fck verir. G\u00fcnel \u0259m\u0259kda\u015f\u0131m\u0131za a\u00e7\u0131qlamas\u0131nda bildirib ki: &#8220;Qara \u00e7ox k\u00fcbar r\u0259ngdir. M\u0259nc\u0259, b\u0259d\u0259n formas\u0131ndan, ya\u015f\u0131ndan as\u0131l\u0131 olmayaraq, bu r\u0259ng h\u0259r k\u0259s\u0259 yara\u015f\u0131r. Bu r\u0259ngli geyiml\u0259r q\u0259tiyy\u0259n insana narahatl\u0131q ya\u015fatm\u0131r&#8221;. G\u00fcnel A\u011fayevan\u0131n imicind\u0259 ill\u0259rdir d\u0259yi\u015fm\u0259y\u0259n ba\u015fqa n\u00fcans sa\u00e7 r\u0259nginin eyni olmas\u0131d\u0131r. Qara libasla yana\u015f\u0131, t\u00fcnd q\u0259hv\u0259 sa\u00e7 r\u0259ngind\u0259n vaz ke\u00e7m\u0259y\u0259n model daim formada qalma\u011f\u0131 m\u00fck\u0259mm\u0259l bacar\u0131r. Fotolar\u0131n m\u00fc\u0259llifi,&hellip;<\/p>\n","protected":false},"author":2,"featured_media":27824,"comment_status":"closed","ping_status":"closed","sticky":false,"template":"","format":"standard","meta":{"om_disable_all_campaigns":false,"_monsterinsights_skip_tracking":false,"_monsterinsights_sitenote_active":false,"_monsterinsights_sitenote_note":"","_monsterinsights_sitenote_category":0},"categories":[20],"tags":[],"aioseo_notices":[],"gutentor_comment":0,"rttpg_featured_image_url":{"full":["https:\/\/arantv.az\/wp-content\/uploads\/2018\/12\/48390691_265421077463960_8262101314549317632_n.jpg",960,803,false],"landscape":["https:\/\/arantv.az\/wp-content\/uploads\/2018\/12\/48390691_265421077463960_8262101314549317632_n.jpg",960,803,false],"portraits":["https:\/\/arantv.az\/wp-content\/uploads\/2018\/12\/48390691_265421077463960_8262101314549317632_n.jpg",960,803,false],"thumbnail":["https:\/\/arantv.az\/wp-content\/uploads\/2018\/12\/48390691_265421077463960_8262101314549317632_n-150x150.jpg",150,150,true],"medium":["https:\/\/arantv.az\/wp-content\/uploads\/2018\/12\/48390691_265421077463960_8262101314549317632_n-300x251.jpg",300,251,true],"large":["https:\/\/arantv.az\/wp-content\/uploads\/2018\/12\/48390691_265421077463960_8262101314549317632_n.jpg",640,535,false],"1536x1536":["https:\/\/arantv.az\/wp-content\/uploads\/2018\/12\/48390691_265421077463960_8262101314549317632_n.jpg",960,803,false],"2048x2048":["https:\/\/arantv.az\/wp-content\/uploads\/2018\/12\/48390691_265421077463960_8262101314549317632_n.jpg",960,803,false],"post-thumbnail":["https:\/\/arantv.az\/wp-content\/uploads\/2018\/12\/48390691_265421077463960_8262101314549317632_n-240x172.jpg",240,172,true],"advps-thumb-one":["https:\/\/arantv.az\/wp-content\/uploads\/2018\/12\/48390691_265421077463960_8262101314549317632_n-960x620.jpg",960,620,true]},"rttpg_author":{"display_name":"V\u00fcsal Rafiqo\u011flu","author_link":"https:\/\/arantv.az\/?author=2"},"rttpg_comment":0,"rttpg_category":"<a href=\"https:\/\/arantv.az\/?cat=20\" rel=\"category\">\u015eou biznes<\/a>","rttpg_excerpt":"H\u0259r zaman cazib\u0259darl\u0131\u011f\u0131 il\u0259 g\u00f6z ox\u015fayan model G\u00fcnel A\u011fayeva kamera qar\u015f\u0131s\u0131na ke\u00e7\u0259r\u0259k, maraql\u0131 \u015f\u0259kill\u0259r \u00e7\u0259kdirib. ARANTV.AZ bildirir ki, model bu d\u0259f\u0259 d\u0259, geyim t\u0259rzi il\u0259 diqq\u0259t \u00e7\u0259kib. Bel\u0259 ki, G\u00fcnel daima qara r\u0259ng\u0259 \u00fcst\u00fcnl\u00fck verir. G\u00fcnel \u0259m\u0259kda\u015f\u0131m\u0131za a\u00e7\u0131qlamas\u0131nda bildirib ki: &#8220;Qara \u00e7ox k\u00fcbar r\u0259ngdir. M\u0259nc\u0259, b\u0259d\u0259n formas\u0131ndan, ya\u015f\u0131ndan as\u0131l\u0131 olmayaraq, bu r\u0259ng h\u0259r k\u0259s\u0259 yara\u015f\u0131r.&hellip;","_links":{"self":[{"href":"https:\/\/arantv.az\/index.php?rest_route=\/wp\/v2\/posts\/27821"}],"collection":[{"href":"https:\/\/arantv.az\/index.php?rest_route=\/wp\/v2\/posts"}],"about":[{"href":"https:\/\/arantv.az\/index.php?rest_route=\/wp\/v2\/types\/post"}],"author":[{"embeddable":true,"href":"https:\/\/arantv.az\/index.php?rest_route=\/wp\/v2\/users\/2"}],"replies":[{"embeddable":true,"href":"https:\/\/arantv.az\/index.php?rest_route=%2Fwp%2Fv2%2Fcomments&post=27821"}],"version-history":[{"count":0,"href":"https:\/\/arantv.az\/index.php?rest_route=\/wp\/v2\/posts\/27821\/revisions"}],"wp:featuredmedia":[{"embeddable":true,"href":"https:\/\/arantv.az\/index.php?rest_route=\/wp\/v2\/media\/27824"}],"wp:attachment":[{"href":"https:\/\/arantv.az\/index.php?rest_route=%2Fwp%2Fv2%2Fmedia&parent=27821"}],"wp:term":[{"taxonomy":"category","embeddable":true,"href":"https:\/\/arantv.az\/index.php?rest_route=%2Fwp%2Fv2%2Fcategories&post=27821"},{"taxonomy":"post_tag","embeddable":true,"href":"https:\/\/arantv.az\/index.php?rest_route=%2Fwp%2Fv2%2Ftags&post=27821"}],"curies":[{"name":"wp","href":"https:\/\/api.w.org\/{rel}","templated":true}]}}