{"id":27826,"date":"2018-12-17T08:01:29","date_gmt":"2018-12-17T05:01:29","guid":{"rendered":"http:\/\/arantv.az\/?p=27826"},"modified":"2018-12-17T08:01:29","modified_gmt":"2018-12-17T05:01:29","slug":"turk-t%c9%99skilatci-aygunu-az%c9%99rbaycana-%c9%99man%c9%99t-etdi","status":"publish","type":"post","link":"https:\/\/arantv.az\/?p=27826","title":{"rendered":"T\u00fcrk t\u0259\u015fkilat\u00e7\u0131 Ayg\u00fcn\u00fc Az\u0259rbaycana \u0259man\u0259t etdi"},"content":{"rendered":"<p>T\u00fcrkiy\u0259li t\u0259\u015fkilat\u00e7\u0131, prod\u00fcser Erkan \u00d6zerman T\u00fcrkiy\u0259d\u0259 t\u0259\u015fkil olunan &#8220;Alt\u0131n kelebek&#8221; m\u00fckafat\u0131na layiq olan xalq artisti Ayg\u00fcn Kaz\u0131movan\u0131 t\u0259brik edib. <strong>ARANTV.AZ<\/strong>-\u0131n m\u0259lumat\u0131na g\u00f6r\u0259, s\u0259n\u0259t\u00e7ini \u201cAlt\u0131n Kelebek\u201d m\u00fckafat\u0131 il\u0259 t\u0259brik ed\u0259n t\u0259\u015fkilat\u00e7\u0131 &#8220;X maqazin&#8221;\u0259 a\u00e7\u0131qlamas\u0131nda Az\u0259rbaycan xalq\u0131na Ayg\u00fcn Kaz\u0131mova kimi s\u0259n\u0259tkar\u0131n q\u0259drini v\u0259 qiym\u0259tini bilm\u0259sini t\u00f6vsiyy\u0259 edib.<\/p>\n","protected":false},"excerpt":{"rendered":"<p>T\u00fcrkiy\u0259li t\u0259\u015fkilat\u00e7\u0131, prod\u00fcser Erkan \u00d6zerman T\u00fcrkiy\u0259d\u0259 t\u0259\u015fkil olunan &#8220;Alt\u0131n kelebek&#8221; m\u00fckafat\u0131na layiq olan xalq artisti Ayg\u00fcn Kaz\u0131movan\u0131 t\u0259brik edib. ARANTV.AZ-\u0131n m\u0259lumat\u0131na g\u00f6r\u0259, s\u0259n\u0259t\u00e7ini \u201cAlt\u0131n Kelebek\u201d m\u00fckafat\u0131 il\u0259 t\u0259brik ed\u0259n t\u0259\u015fkilat\u00e7\u0131 &#8220;X maqazin&#8221;\u0259 a\u00e7\u0131qlamas\u0131nda Az\u0259rbaycan xalq\u0131na Ayg\u00fcn Kaz\u0131mova kimi s\u0259n\u0259tkar\u0131n q\u0259drini v\u0259 qiym\u0259tini bilm\u0259sini t\u00f6vsiyy\u0259 edib.<\/p>\n","protected":false},"author":2,"featured_media":27827,"comment_status":"closed","ping_status":"closed","sticky":false,"template":"","format":"standard","meta":{"om_disable_all_campaigns":false,"_monsterinsights_skip_tracking":false,"_monsterinsights_sitenote_active":false,"_monsterinsights_sitenote_note":"","_monsterinsights_sitenote_category":0},"categories":[20],"tags":[],"aioseo_notices":[],"gutentor_comment":0,"rttpg_featured_image_url":{"full":["https:\/\/arantv.az\/wp-content\/uploads\/2018\/12\/48380752_2296978420533299_5215361152397082624_n.jpg",750,938,false],"landscape":["https:\/\/arantv.az\/wp-content\/uploads\/2018\/12\/48380752_2296978420533299_5215361152397082624_n.jpg",750,938,false],"portraits":["https:\/\/arantv.az\/wp-content\/uploads\/2018\/12\/48380752_2296978420533299_5215361152397082624_n.jpg",750,938,false],"thumbnail":["https:\/\/arantv.az\/wp-content\/uploads\/2018\/12\/48380752_2296978420533299_5215361152397082624_n-150x150.jpg",150,150,true],"medium":["https:\/\/arantv.az\/wp-content\/uploads\/2018\/12\/48380752_2296978420533299_5215361152397082624_n-240x300.jpg",240,300,true],"large":["https:\/\/arantv.az\/wp-content\/uploads\/2018\/12\/48380752_2296978420533299_5215361152397082624_n.jpg",640,800,false],"1536x1536":["https:\/\/arantv.az\/wp-content\/uploads\/2018\/12\/48380752_2296978420533299_5215361152397082624_n.jpg",750,938,false],"2048x2048":["https:\/\/arantv.az\/wp-content\/uploads\/2018\/12\/48380752_2296978420533299_5215361152397082624_n.jpg",750,938,false],"post-thumbnail":["https:\/\/arantv.az\/wp-content\/uploads\/2018\/12\/48380752_2296978420533299_5215361152397082624_n-240x172.jpg",240,172,true],"advps-thumb-one":["https:\/\/arantv.az\/wp-content\/uploads\/2018\/12\/48380752_2296978420533299_5215361152397082624_n-750x620.jpg",750,620,true]},"rttpg_author":{"display_name":"V\u00fcsal Rafiqo\u011flu","author_link":"https:\/\/arantv.az\/?author=2"},"rttpg_comment":0,"rttpg_category":"<a href=\"https:\/\/arantv.az\/?cat=20\" rel=\"category\">\u015eou biznes<\/a>","rttpg_excerpt":"T\u00fcrkiy\u0259li t\u0259\u015fkilat\u00e7\u0131, prod\u00fcser Erkan \u00d6zerman T\u00fcrkiy\u0259d\u0259 t\u0259\u015fkil olunan &#8220;Alt\u0131n kelebek&#8221; m\u00fckafat\u0131na layiq olan xalq artisti Ayg\u00fcn Kaz\u0131movan\u0131 t\u0259brik edib. ARANTV.AZ-\u0131n m\u0259lumat\u0131na g\u00f6r\u0259, s\u0259n\u0259t\u00e7ini \u201cAlt\u0131n Kelebek\u201d m\u00fckafat\u0131 il\u0259 t\u0259brik ed\u0259n t\u0259\u015fkilat\u00e7\u0131 &#8220;X maqazin&#8221;\u0259 a\u00e7\u0131qlamas\u0131nda Az\u0259rbaycan xalq\u0131na Ayg\u00fcn Kaz\u0131mova kimi s\u0259n\u0259tkar\u0131n q\u0259drini v\u0259 qiym\u0259tini bilm\u0259sini t\u00f6vsiyy\u0259 edib.","_links":{"self":[{"href":"https:\/\/arantv.az\/index.php?rest_route=\/wp\/v2\/posts\/27826"}],"collection":[{"href":"https:\/\/arantv.az\/index.php?rest_route=\/wp\/v2\/posts"}],"about":[{"href":"https:\/\/arantv.az\/index.php?rest_route=\/wp\/v2\/types\/post"}],"author":[{"embeddable":true,"href":"https:\/\/arantv.az\/index.php?rest_route=\/wp\/v2\/users\/2"}],"replies":[{"embeddable":true,"href":"https:\/\/arantv.az\/index.php?rest_route=%2Fwp%2Fv2%2Fcomments&post=27826"}],"version-history":[{"count":0,"href":"https:\/\/arantv.az\/index.php?rest_route=\/wp\/v2\/posts\/27826\/revisions"}],"wp:featuredmedia":[{"embeddable":true,"href":"https:\/\/arantv.az\/index.php?rest_route=\/wp\/v2\/media\/27827"}],"wp:attachment":[{"href":"https:\/\/arantv.az\/index.php?rest_route=%2Fwp%2Fv2%2Fmedia&parent=27826"}],"wp:term":[{"taxonomy":"category","embeddable":true,"href":"https:\/\/arantv.az\/index.php?rest_route=%2Fwp%2Fv2%2Fcategories&post=27826"},{"taxonomy":"post_tag","embeddable":true,"href":"https:\/\/arantv.az\/index.php?rest_route=%2Fwp%2Fv2%2Ftags&post=27826"}],"curies":[{"name":"wp","href":"https:\/\/api.w.org\/{rel}","templated":true}]}}