{"id":27858,"date":"2018-12-17T08:58:11","date_gmt":"2018-12-17T05:58:11","guid":{"rendered":"http:\/\/arantv.az\/?p=27858"},"modified":"2018-12-17T08:58:11","modified_gmt":"2018-12-17T05:58:11","slug":"millimiz-ilin-son-turnirind%c9%99n-uc-medalla-qayidir-foto","status":"publish","type":"post","link":"https:\/\/arantv.az\/?p=27858","title":{"rendered":"Millimiz ilin son turnirind\u0259n \u00fc\u00e7 medalla qay\u0131d\u0131r &#8211; FOTO"},"content":{"rendered":"<p>Karate \u00fczr\u0259 yeniyetm\u0259 v\u0259 g\u0259ncl\u0259rd\u0259n ibar\u0259t milli komandam\u0131z \u0130taliyan\u0131n Venesiya \u015f\u0259h\u0259rind\u0259 m\u00f6vs\u00fcm\u00fcn son Liqa turnirind\u0259n \u00fc\u00e7 medalla d\u00f6n\u00fcr.<\/p>\n<p><b>ARANTV .AZ\u00a0<\/b>x\u0259b\u0259r verir ki, daha iki idman\u00e7\u0131m\u0131z \u2013 14-15 ya\u015fl\u0131 yeniyetm\u0259l\u0259r aras\u0131nda\u00a0<strong>H\u00fcseyn M\u0259mm\u0259dli<\/strong>\u00a0(-57 kq, \u015f\u0259xsi m\u0259\u015fq\u00e7isi\u00a0<strong>\u018fb\u00fclf\u0259t Qarayev<\/strong>) v\u0259\u00a0<strong>Tale Yaqubov<\/strong>\u00a0(-63 kq, \u015f\u0259xsi m\u0259\u015fq\u00e7isi\u00a0<strong>Cahangir Babayev<\/strong>) q\u0131z\u0131l medala sahib olub.<\/p>\n<p>16-17 ya\u015fl\u0131 g\u0259ncl\u0259r komandas\u0131n\u0131n liderl\u0259rind\u0259n olan ukraynal\u0131\u00a0<strong>Polina Qurenko<\/strong>\u00a0(-53 kq) yar\u0131\u015fqaba\u011f\u0131 m\u0259\u015fql\u0259rd\u0259 z\u0259d\u0259 ald\u0131\u011f\u0131ndan d\u00f6y\u00fc\u015fl\u0259r\u0259 qat\u0131la bilm\u0259yib. D\u00fcnya Karate Federasiyas\u0131n\u0131n (WKF) bu ild\u0259n t\u0259\u015fkil etdiyi G\u0259ncl\u0259r Liqas\u0131 turnirinin yekun yar\u0131\u015f\u0131nda 67 \u00f6lk\u0259d\u0259n 2652 karate\u00e7i m\u00fcbariz\u0259 apar\u0131b.<\/p>\n<div id=\"AdributorNativeVideo0\" class=\"AdributorNativeVideo\"><\/div>\n<p>Ba\u015f m\u0259\u015fq\u00e7i\u00a0<strong>Anar Allahverdiyev<\/strong>in r\u0259hb\u0259rlik etdiyi yeniyetm\u0259 v\u0259 g\u0259ncl\u0259r se\u00e7m\u0259 komandas\u0131 \u00fc\u00e7\u00fcn bu yar\u0131\u015f h\u0259m d\u0259 fevralda Danimarkada ke\u00e7iril\u0259c\u0259k Avropa \u00e7empionat\u0131na haz\u0131rl\u0131q xarakteri da\u015f\u0131y\u0131b. WKF-in G\u0259ncl\u0259r Liqas\u0131 2018-ci ild\u0259 Az\u0259rbaycan karate\u00e7il\u0259rinin i\u015ftirak etdiyi son r\u0259smi beyn\u0259lxalq turnir olub.<\/p>\n<p>Qeyd ed\u0259k ki, daha \u0259vv\u0259l bu yar\u0131\u015f\u0131n ilk g\u00fcn\u00fcnd\u0259 16-17 ya\u015fl\u0131 yeniyetm\u0259l\u0259rd\u0259\u00a0<strong>\u018fmina\u011fa Quliyev<\/strong>in (-61 kq, \u015f\u0259xsi m\u0259\u015fq\u00e7isi\u00a0<strong>Elnur H\u0259s\u0259nov<\/strong>) g\u00fcm\u00fc\u015f m\u00fckafata sahib oldu\u011funu Milli Karate Federasiyas\u0131n\u0131n prezidenti Ya\u015far B\u0259\u015firov sayt\u0131m\u0131za a\u00e7\u0131qlam\u0131\u015fd\u0131.<\/p>\n<div class=\"gallery\">\n<div class=\"gallery-i\"><img src=\"https:\/\/assets.oxu.az\/uploads\/W1siZiIsIjIwMTgvMTIvMTcvMDkvMzMvMDgvODMyMDFjZWMtZDRmNi00YjVhLWIyOTAtMDEyNDQwZDg4OGFlL2thcjIuSlBHIl0sWyJwIiwiZW5jb2RlIiwianBnIiwiLXF1YWxpdHkgODAiXSxbInAiLCJ0aHVtYiIsIjU5MHg1OTBcdTAwM2UiXV0?sha=714f56ba339d6c3d\" alt=\"\" \/><\/p>\n<div class=\"gallery-i-caption\"><\/div>\n<\/div>\n<div class=\"gallery-i\"><img src=\"https:\/\/assets.oxu.az\/uploads\/W1siZiIsIjIwMTgvMTIvMTcvMDkvMzMvMDkvZTYwMjVmZTctMTg4Mi00NjdkLWJkMjUtYTc5MTYwMDhjN2RlL2thcjEuanBnIl0sWyJwIiwiZW5jb2RlIiwianBnIiwiLXF1YWxpdHkgODAiXSxbInAiLCJ0aHVtYiIsIjU5MHg1OTBcdTAwM2UiXV0?sha=161cb34e449ce9ea\" alt=\"\" \/><\/div>\n<div>oxu.az<\/div>\n<\/div>\n","protected":false},"excerpt":{"rendered":"<p>Karate \u00fczr\u0259 yeniyetm\u0259 v\u0259 g\u0259ncl\u0259rd\u0259n ibar\u0259t milli komandam\u0131z \u0130taliyan\u0131n Venesiya \u015f\u0259h\u0259rind\u0259 m\u00f6vs\u00fcm\u00fcn son Liqa turnirind\u0259n \u00fc\u00e7 medalla d\u00f6n\u00fcr. ARANTV .AZ\u00a0x\u0259b\u0259r verir ki, daha iki idman\u00e7\u0131m\u0131z \u2013 14-15 ya\u015fl\u0131 yeniyetm\u0259l\u0259r aras\u0131nda\u00a0H\u00fcseyn M\u0259mm\u0259dli\u00a0(-57 kq, \u015f\u0259xsi m\u0259\u015fq\u00e7isi\u00a0\u018fb\u00fclf\u0259t Qarayev) v\u0259\u00a0Tale Yaqubov\u00a0(-63 kq, \u015f\u0259xsi m\u0259\u015fq\u00e7isi\u00a0Cahangir Babayev) q\u0131z\u0131l medala sahib olub. 16-17 ya\u015fl\u0131 g\u0259ncl\u0259r komandas\u0131n\u0131n liderl\u0259rind\u0259n olan ukraynal\u0131\u00a0Polina Qurenko\u00a0(-53 kq) yar\u0131\u015fqaba\u011f\u0131 m\u0259\u015fql\u0259rd\u0259 z\u0259d\u0259 ald\u0131\u011f\u0131ndan d\u00f6y\u00fc\u015fl\u0259r\u0259 qat\u0131la bilm\u0259yib. D\u00fcnya Karate Federasiyas\u0131n\u0131n (WKF) bu ild\u0259n t\u0259\u015fkil etdiyi G\u0259ncl\u0259r Liqas\u0131 turnirinin yekun yar\u0131\u015f\u0131nda 67 \u00f6lk\u0259d\u0259n 2652 karate\u00e7i m\u00fcbariz\u0259 apar\u0131b. Ba\u015f m\u0259\u015fq\u00e7i\u00a0Anar Allahverdiyevin r\u0259hb\u0259rlik etdiyi yeniyetm\u0259 v\u0259 g\u0259ncl\u0259r se\u00e7m\u0259 komandas\u0131&hellip;<\/p>\n","protected":false},"author":2,"featured_media":27859,"comment_status":"closed","ping_status":"closed","sticky":false,"template":"","format":"standard","meta":{"om_disable_all_campaigns":false,"_monsterinsights_skip_tracking":false,"_monsterinsights_sitenote_active":false,"_monsterinsights_sitenote_note":"","_monsterinsights_sitenote_category":0},"categories":[6],"tags":[],"aioseo_notices":[],"gutentor_comment":0,"rttpg_featured_image_url":{"full":["https:\/\/arantv.az\/wp-content\/uploads\/2018\/12\/anar.jpg",620,460,false],"landscape":["https:\/\/arantv.az\/wp-content\/uploads\/2018\/12\/anar.jpg",620,460,false],"portraits":["https:\/\/arantv.az\/wp-content\/uploads\/2018\/12\/anar.jpg",620,460,false],"thumbnail":["https:\/\/arantv.az\/wp-content\/uploads\/2018\/12\/anar-150x150.jpg",150,150,true],"medium":["https:\/\/arantv.az\/wp-content\/uploads\/2018\/12\/anar-300x223.jpg",300,223,true],"large":["https:\/\/arantv.az\/wp-content\/uploads\/2018\/12\/anar.jpg",620,460,false],"1536x1536":["https:\/\/arantv.az\/wp-content\/uploads\/2018\/12\/anar.jpg",620,460,false],"2048x2048":["https:\/\/arantv.az\/wp-content\/uploads\/2018\/12\/anar.jpg",620,460,false],"post-thumbnail":["https:\/\/arantv.az\/wp-content\/uploads\/2018\/12\/anar-240x172.jpg",240,172,true],"advps-thumb-one":["https:\/\/arantv.az\/wp-content\/uploads\/2018\/12\/anar.jpg",620,460,false]},"rttpg_author":{"display_name":"V\u00fcsal Rafiqo\u011flu","author_link":"https:\/\/arantv.az\/?author=2"},"rttpg_comment":0,"rttpg_category":"<a href=\"https:\/\/arantv.az\/?cat=6\" rel=\"category\">\u0130dman<\/a>","rttpg_excerpt":"Karate \u00fczr\u0259 yeniyetm\u0259 v\u0259 g\u0259ncl\u0259rd\u0259n ibar\u0259t milli komandam\u0131z \u0130taliyan\u0131n Venesiya \u015f\u0259h\u0259rind\u0259 m\u00f6vs\u00fcm\u00fcn son Liqa turnirind\u0259n \u00fc\u00e7 medalla d\u00f6n\u00fcr. ARANTV .AZ\u00a0x\u0259b\u0259r verir ki, daha iki idman\u00e7\u0131m\u0131z \u2013 14-15 ya\u015fl\u0131 yeniyetm\u0259l\u0259r aras\u0131nda\u00a0H\u00fcseyn M\u0259mm\u0259dli\u00a0(-57 kq, \u015f\u0259xsi m\u0259\u015fq\u00e7isi\u00a0\u018fb\u00fclf\u0259t Qarayev) v\u0259\u00a0Tale Yaqubov\u00a0(-63 kq, \u015f\u0259xsi m\u0259\u015fq\u00e7isi\u00a0Cahangir Babayev) q\u0131z\u0131l medala sahib olub. 16-17 ya\u015fl\u0131 g\u0259ncl\u0259r komandas\u0131n\u0131n liderl\u0259rind\u0259n olan ukraynal\u0131\u00a0Polina Qurenko\u00a0(-53 kq) yar\u0131\u015fqaba\u011f\u0131&hellip;","_links":{"self":[{"href":"https:\/\/arantv.az\/index.php?rest_route=\/wp\/v2\/posts\/27858"}],"collection":[{"href":"https:\/\/arantv.az\/index.php?rest_route=\/wp\/v2\/posts"}],"about":[{"href":"https:\/\/arantv.az\/index.php?rest_route=\/wp\/v2\/types\/post"}],"author":[{"embeddable":true,"href":"https:\/\/arantv.az\/index.php?rest_route=\/wp\/v2\/users\/2"}],"replies":[{"embeddable":true,"href":"https:\/\/arantv.az\/index.php?rest_route=%2Fwp%2Fv2%2Fcomments&post=27858"}],"version-history":[{"count":0,"href":"https:\/\/arantv.az\/index.php?rest_route=\/wp\/v2\/posts\/27858\/revisions"}],"wp:featuredmedia":[{"embeddable":true,"href":"https:\/\/arantv.az\/index.php?rest_route=\/wp\/v2\/media\/27859"}],"wp:attachment":[{"href":"https:\/\/arantv.az\/index.php?rest_route=%2Fwp%2Fv2%2Fmedia&parent=27858"}],"wp:term":[{"taxonomy":"category","embeddable":true,"href":"https:\/\/arantv.az\/index.php?rest_route=%2Fwp%2Fv2%2Fcategories&post=27858"},{"taxonomy":"post_tag","embeddable":true,"href":"https:\/\/arantv.az\/index.php?rest_route=%2Fwp%2Fv2%2Ftags&post=27858"}],"curies":[{"name":"wp","href":"https:\/\/api.w.org\/{rel}","templated":true}]}}