{"id":27864,"date":"2018-12-17T09:01:40","date_gmt":"2018-12-17T06:01:40","guid":{"rendered":"http:\/\/arantv.az\/?p=27864"},"modified":"2018-12-17T09:01:40","modified_gmt":"2018-12-17T06:01:40","slug":"kiyevd%c9%99-dunya-az%c9%99rbaycanlilarinin-h%c9%99mr%c9%99ylik-gunu-munasib%c9%99til%c9%99-t%c9%99nt%c9%99n%c9%99li-t%c9%99dbir-kecirilib","status":"publish","type":"post","link":"https:\/\/arantv.az\/?p=27864","title":{"rendered":"Kiyevd\u0259 D\u00fcnya Az\u0259rbaycanl\u0131lar\u0131n\u0131n H\u0259mr\u0259ylik G\u00fcn\u00fc m\u00fcnasib\u0259til\u0259 t\u0259nt\u0259n\u0259li t\u0259dbir ke\u00e7irilib"},"content":{"rendered":"<p><strong>ARANTV.AZ<\/strong> x\u0259b\u0259r verir ki, Ukraynan\u0131n paytaxt\u0131 Kiyev \u015f\u0259h\u0259rind\u0259 D\u00fcnya Az\u0259rbaycanl\u0131lar\u0131n\u0131n H\u0259mr\u0259ylik G\u00fcn\u00fc m\u00fcnasib\u0259til\u0259 t\u0259nt\u0259n\u0259li t\u0259dbir ke\u00e7irilib.<\/p>\n<p>Ukrayna Az\u0259rbaycanl\u0131lar\u0131 Konqresinin (UAK) Kiyev \u015f\u0259h\u0259r t\u0259\u015fkilat\u0131n\u0131n s\u0259dri, Az\u0259rbaycan\u0131n s\u0259rb\u0259st g\u00fcl\u0259\u015f \u00fczr\u0259 \u018fm\u0259kdar idman ustas\u0131, \u018fm\u0259kdar m\u0259\u015fq\u00e7isi Oleq Krapivin t\u0259r\u0259find\u0259n t\u0259\u015fkil olunan t\u0259dbird\u0259 \u00f6lk\u0259mizin Ukraynadak\u0131 s\u0259firliyinin \u0259m\u0259kda\u015flar\u0131, diaspor r\u0259hb\u0259rl\u0259ri, Ukraynan\u0131n tan\u0131nm\u0131\u015f ictimai-siyasi xadiml\u0259ri v\u0259 soyda\u015flar\u0131m\u0131z i\u015ftirak edibl\u0259r.<\/p>\n<p>T\u0259dbir Az\u0259rbaycan v\u0259 Ukraynan\u0131n d\u00f6vl\u0259t himnl\u0259ri il\u0259 ba\u015flay\u0131b. Sonra \u00e7\u0131x\u0131\u015f ed\u0259n O.Krapivin bildirib ki, D\u00fcnya Az\u0259rbaycanl\u0131lar\u0131n\u0131n H\u0259mr\u0259ylik G\u00fcn\u00fcn\u00fcn banisi \u00fcmummilli lider Heyd\u0259r \u018fliyev olub. O qeyd edib ki, bu bayram Az\u0259rbaycan\u0131n dig\u0259r bayramlar\u0131n\u0131n i\u00e7\u0259risind\u0259 \u00f6z layiqli yerini tutub v\u0259 b\u00fct\u00fcn d\u00fcnyada ya\u015fayan az\u0259rbaycanl\u0131lar t\u0259r\u0259find\u0259n geni\u015f \u015f\u0259kild\u0259 qeyd edilir.<\/p>\n<p>D\u00fcnyada ya\u015fayan soyda\u015flar\u0131m\u0131za d\u00f6vl\u0259t qay\u011f\u0131s\u0131ndan dan\u0131\u015fan Az\u0259rbaycan\u0131n Ukraynadak\u0131 s\u0259firliyin m\u00fc\u015faviri Elman Ba\u011f\u0131rov bildirib ki, bu bayram\u0131n memar\u0131 ulu \u00f6nd\u0259r Heyd\u0259r \u018fliyevin 1991-ci ild\u0259 Nax\u00e7\u0131vanda i\u015fl\u0259diyi vaxtlar uzaqg\u00f6r\u0259nlikl\u0259 \u00e7\u0131xard\u0131\u011f\u0131 q\u0259rar \u00f6z n\u0259tic\u0259sini verm\u0259kd\u0259dir. Onun s\u00f6zl\u0259rin\u0259 g\u00f6r\u0259, ulu \u00f6nd\u0259r Heyd\u0259r \u018fliyevin ideyalar\u0131n\u0131n layiqli davam\u00e7\u0131s\u0131 Prezident \u0130lham \u018fliyev bu g\u00fcn d\u00fcnya az\u0259rbaycanl\u0131lar\u0131n\u0131n g\u00fccl\u0259nm\u0259si \u00fc\u00e7\u00fcn \u00f6z \u0259m\u0259yini, biliyini \u0259sirg\u0259mir. Daha sonra E.Ba\u011f\u0131rov g\u00f6st\u0259rdikl\u0259ri xidm\u0259t\u0259 g\u00f6r\u0259, O.Krapivin, onun birinci m\u00fcavini Seyid\u0259li Qadmaliyev v\u0259 m\u00fcavini Firudin H\u0259\u015fimovu s\u0259firliyin f\u0259xri diplomu il\u0259 t\u0259ltif edib.<\/p>\n<p>T\u0259dbird\u0259 Ukraynan\u0131n ictimai-siyasi xadiml\u0259ri, Az\u0259rbaycan\u0131n diaspor r\u0259hb\u0259rl\u0259ri \u00f6z s\u0259mimi t\u0259brikl\u0259rini b\u00f6l\u00fc\u015f\u00fcbl\u0259r.<\/p>\n<p>Bayram t\u0259dbiri s\u0259n\u0259t\u00e7il\u0259rin \u00e7\u0131x\u0131\u015f\u0131 il\u0259 davam etdirilib.<\/p>\n","protected":false},"excerpt":{"rendered":"<p>ARANTV.AZ x\u0259b\u0259r verir ki, Ukraynan\u0131n paytaxt\u0131 Kiyev \u015f\u0259h\u0259rind\u0259 D\u00fcnya Az\u0259rbaycanl\u0131lar\u0131n\u0131n H\u0259mr\u0259ylik G\u00fcn\u00fc m\u00fcnasib\u0259til\u0259 t\u0259nt\u0259n\u0259li t\u0259dbir ke\u00e7irilib. Ukrayna Az\u0259rbaycanl\u0131lar\u0131 Konqresinin (UAK) Kiyev \u015f\u0259h\u0259r t\u0259\u015fkilat\u0131n\u0131n s\u0259dri, Az\u0259rbaycan\u0131n s\u0259rb\u0259st g\u00fcl\u0259\u015f \u00fczr\u0259 \u018fm\u0259kdar idman ustas\u0131, \u018fm\u0259kdar m\u0259\u015fq\u00e7isi Oleq Krapivin t\u0259r\u0259find\u0259n t\u0259\u015fkil olunan t\u0259dbird\u0259 \u00f6lk\u0259mizin Ukraynadak\u0131 s\u0259firliyinin \u0259m\u0259kda\u015flar\u0131, diaspor r\u0259hb\u0259rl\u0259ri, Ukraynan\u0131n tan\u0131nm\u0131\u015f ictimai-siyasi xadiml\u0259ri v\u0259 soyda\u015flar\u0131m\u0131z i\u015ftirak edibl\u0259r. T\u0259dbir Az\u0259rbaycan v\u0259 Ukraynan\u0131n d\u00f6vl\u0259t himnl\u0259ri il\u0259 ba\u015flay\u0131b. Sonra \u00e7\u0131x\u0131\u015f ed\u0259n O.Krapivin bildirib ki, D\u00fcnya Az\u0259rbaycanl\u0131lar\u0131n\u0131n H\u0259mr\u0259ylik G\u00fcn\u00fcn\u00fcn banisi \u00fcmummilli lider Heyd\u0259r \u018fliyev olub. O qeyd edib ki, bu bayram Az\u0259rbaycan\u0131n dig\u0259r bayramlar\u0131n\u0131n i\u00e7\u0259risind\u0259 \u00f6z layiqli yerini&hellip;<\/p>\n","protected":false},"author":2,"featured_media":27865,"comment_status":"closed","ping_status":"closed","sticky":false,"template":"","format":"standard","meta":{"om_disable_all_campaigns":false,"_monsterinsights_skip_tracking":false,"_monsterinsights_sitenote_active":false,"_monsterinsights_sitenote_note":"","_monsterinsights_sitenote_category":0},"categories":[4],"tags":[],"aioseo_notices":[],"gutentor_comment":0,"rttpg_featured_image_url":{"full":["https:\/\/arantv.az\/wp-content\/uploads\/2018\/12\/1gt3iap75dt1crdt5nte52pis7ukr.jpg",1000,562,false],"landscape":["https:\/\/arantv.az\/wp-content\/uploads\/2018\/12\/1gt3iap75dt1crdt5nte52pis7ukr.jpg",1000,562,false],"portraits":["https:\/\/arantv.az\/wp-content\/uploads\/2018\/12\/1gt3iap75dt1crdt5nte52pis7ukr.jpg",1000,562,false],"thumbnail":["https:\/\/arantv.az\/wp-content\/uploads\/2018\/12\/1gt3iap75dt1crdt5nte52pis7ukr-150x150.jpg",150,150,true],"medium":["https:\/\/arantv.az\/wp-content\/uploads\/2018\/12\/1gt3iap75dt1crdt5nte52pis7ukr-300x169.jpg",300,169,true],"large":["https:\/\/arantv.az\/wp-content\/uploads\/2018\/12\/1gt3iap75dt1crdt5nte52pis7ukr.jpg",640,360,false],"1536x1536":["https:\/\/arantv.az\/wp-content\/uploads\/2018\/12\/1gt3iap75dt1crdt5nte52pis7ukr.jpg",1000,562,false],"2048x2048":["https:\/\/arantv.az\/wp-content\/uploads\/2018\/12\/1gt3iap75dt1crdt5nte52pis7ukr.jpg",1000,562,false],"post-thumbnail":["https:\/\/arantv.az\/wp-content\/uploads\/2018\/12\/1gt3iap75dt1crdt5nte52pis7ukr-240x172.jpg",240,172,true],"advps-thumb-one":["https:\/\/arantv.az\/wp-content\/uploads\/2018\/12\/1gt3iap75dt1crdt5nte52pis7ukr.jpg",1000,562,false]},"rttpg_author":{"display_name":"V\u00fcsal Rafiqo\u011flu","author_link":"https:\/\/arantv.az\/?author=2"},"rttpg_comment":0,"rttpg_category":"<a href=\"https:\/\/arantv.az\/?cat=4\" rel=\"category\">Siyas\u0259t<\/a>","rttpg_excerpt":"ARANTV.AZ x\u0259b\u0259r verir ki, Ukraynan\u0131n paytaxt\u0131 Kiyev \u015f\u0259h\u0259rind\u0259 D\u00fcnya Az\u0259rbaycanl\u0131lar\u0131n\u0131n H\u0259mr\u0259ylik G\u00fcn\u00fc m\u00fcnasib\u0259til\u0259 t\u0259nt\u0259n\u0259li t\u0259dbir ke\u00e7irilib. Ukrayna Az\u0259rbaycanl\u0131lar\u0131 Konqresinin (UAK) Kiyev \u015f\u0259h\u0259r t\u0259\u015fkilat\u0131n\u0131n s\u0259dri, Az\u0259rbaycan\u0131n s\u0259rb\u0259st g\u00fcl\u0259\u015f \u00fczr\u0259 \u018fm\u0259kdar idman ustas\u0131, \u018fm\u0259kdar m\u0259\u015fq\u00e7isi Oleq Krapivin t\u0259r\u0259find\u0259n t\u0259\u015fkil olunan t\u0259dbird\u0259 \u00f6lk\u0259mizin Ukraynadak\u0131 s\u0259firliyinin \u0259m\u0259kda\u015flar\u0131, diaspor r\u0259hb\u0259rl\u0259ri, Ukraynan\u0131n tan\u0131nm\u0131\u015f ictimai-siyasi xadiml\u0259ri v\u0259 soyda\u015flar\u0131m\u0131z i\u015ftirak edibl\u0259r. T\u0259dbir Az\u0259rbaycan&hellip;","_links":{"self":[{"href":"https:\/\/arantv.az\/index.php?rest_route=\/wp\/v2\/posts\/27864"}],"collection":[{"href":"https:\/\/arantv.az\/index.php?rest_route=\/wp\/v2\/posts"}],"about":[{"href":"https:\/\/arantv.az\/index.php?rest_route=\/wp\/v2\/types\/post"}],"author":[{"embeddable":true,"href":"https:\/\/arantv.az\/index.php?rest_route=\/wp\/v2\/users\/2"}],"replies":[{"embeddable":true,"href":"https:\/\/arantv.az\/index.php?rest_route=%2Fwp%2Fv2%2Fcomments&post=27864"}],"version-history":[{"count":0,"href":"https:\/\/arantv.az\/index.php?rest_route=\/wp\/v2\/posts\/27864\/revisions"}],"wp:featuredmedia":[{"embeddable":true,"href":"https:\/\/arantv.az\/index.php?rest_route=\/wp\/v2\/media\/27865"}],"wp:attachment":[{"href":"https:\/\/arantv.az\/index.php?rest_route=%2Fwp%2Fv2%2Fmedia&parent=27864"}],"wp:term":[{"taxonomy":"category","embeddable":true,"href":"https:\/\/arantv.az\/index.php?rest_route=%2Fwp%2Fv2%2Fcategories&post=27864"},{"taxonomy":"post_tag","embeddable":true,"href":"https:\/\/arantv.az\/index.php?rest_route=%2Fwp%2Fv2%2Ftags&post=27864"}],"curies":[{"name":"wp","href":"https:\/\/api.w.org\/{rel}","templated":true}]}}