{"id":278646,"date":"2021-01-25T14:05:11","date_gmt":"2021-01-25T11:05:11","guid":{"rendered":"http:\/\/arantv.az\/?p=278646"},"modified":"2021-01-25T14:05:11","modified_gmt":"2021-01-25T11:05:11","slug":"isgaldan-azad-edilmis-%c9%99razil%c9%99r-bar%c9%99d%c9%99-dunya-dovl%c9%99tl%c9%99rinin-%c9%99dliyy%c9%99-orqanlarina-muraci%c9%99tl%c9%99r-unvanlanib","status":"publish","type":"post","link":"https:\/\/arantv.az\/?p=278646","title":{"rendered":"\u0130\u015f\u011faldan azad edilmi\u015f \u0259razil\u0259r bar\u0259d\u0259 d\u00fcnya d\u00f6vl\u0259tl\u0259rinin \u018fdliyy\u0259 orqanlar\u0131na m\u00fcraci\u0259tl\u0259r \u00fcnvanlan\u0131b"},"content":{"rendered":"<p>\u201c\u0130\u015f\u011faldan azad edilmi\u015f \u0259razil\u0259r bar\u0259d\u0259 d\u00fcnya d\u00f6vl\u0259tl\u0259rinin \u018fdliyy\u0259 orqanlar\u0131na m\u00fcraci\u0259tl\u0259r \u00fcnvanlam\u0131\u015f\u0131q\u201d.<\/p>\n<p>Bu s\u00f6zl\u0259ri \u018fdliyy\u0259 Nazirliyinin 2020-ci ilin yekunlar\u0131na h\u0259sr olunmu\u015f onlayn m\u0259tbuat konfrans\u0131nda \u018fdliyy\u0259 Nazirliyinin Beyn\u0259lxalq \u0259m\u0259kda\u015fl\u0131q idar\u0259sinin r\u0259isi Adil \u018fbilov deyib.<\/p>\n<div id=\"AdviadNativeVideo0\" class=\"AdviadNativeVideo\"><\/div>\n<p>O bildirib ki, yaln\u0131z d\u00f6y\u00fc\u015fl\u0259r d\u00f6vr\u00fcnd\u0259 deyil, el\u0259c\u0259 d\u0259 ondan sonra da informasiya m\u00fcharib\u0259si davam etdirilib:<\/p>\n<p>\u201cBu \u00e7\u0259r\u00e7iv\u0259d\u0259 biz xarici h\u0259mkarlar\u0131m\u0131za bildirmi\u015fik ki, 10 noyabr tarixind\u0259 Erm\u0259nistan kapitulyasiya akt\u0131 imzalay\u0131b. M\u00fcharib\u0259 art\u0131q bitib. Amma i\u015f\u011faldan azad olunan \u0259razil\u0259rimizin\u00a0darmada\u011f\u0131n edildiyi bar\u0259d\u0259 m\u0259lumat vermi\u015fik\u201d.<\/p>\n","protected":false},"excerpt":{"rendered":"<p>\u201c\u0130\u015f\u011faldan azad edilmi\u015f \u0259razil\u0259r bar\u0259d\u0259 d\u00fcnya d\u00f6vl\u0259tl\u0259rinin \u018fdliyy\u0259 orqanlar\u0131na m\u00fcraci\u0259tl\u0259r \u00fcnvanlam\u0131\u015f\u0131q\u201d. Bu s\u00f6zl\u0259ri \u018fdliyy\u0259 Nazirliyinin 2020-ci ilin yekunlar\u0131na h\u0259sr olunmu\u015f onlayn m\u0259tbuat konfrans\u0131nda \u018fdliyy\u0259 Nazirliyinin Beyn\u0259lxalq \u0259m\u0259kda\u015fl\u0131q idar\u0259sinin r\u0259isi Adil \u018fbilov deyib. O bildirib ki, yaln\u0131z d\u00f6y\u00fc\u015fl\u0259r d\u00f6vr\u00fcnd\u0259 deyil, el\u0259c\u0259 d\u0259 ondan sonra da informasiya m\u00fcharib\u0259si davam etdirilib: \u201cBu \u00e7\u0259r\u00e7iv\u0259d\u0259 biz xarici h\u0259mkarlar\u0131m\u0131za bildirmi\u015fik ki, 10 noyabr tarixind\u0259 Erm\u0259nistan kapitulyasiya akt\u0131 imzalay\u0131b. M\u00fcharib\u0259 art\u0131q bitib. Amma i\u015f\u011faldan azad olunan \u0259razil\u0259rimizin\u00a0darmada\u011f\u0131n edildiyi bar\u0259d\u0259 m\u0259lumat vermi\u015fik\u201d.<\/p>\n","protected":false},"author":2,"featured_media":278647,"comment_status":"closed","ping_status":"closed","sticky":false,"template":"","format":"standard","meta":{"om_disable_all_campaigns":false,"_monsterinsights_skip_tracking":false,"_monsterinsights_sitenote_active":false,"_monsterinsights_sitenote_note":"","_monsterinsights_sitenote_category":0},"categories":[26],"tags":[],"aioseo_notices":[],"gutentor_comment":0,"rttpg_featured_image_url":{"full":["https:\/\/arantv.az\/wp-content\/uploads\/2021\/01\/Agdam-1.jpg",620,413,false],"landscape":["https:\/\/arantv.az\/wp-content\/uploads\/2021\/01\/Agdam-1.jpg",620,413,false],"portraits":["https:\/\/arantv.az\/wp-content\/uploads\/2021\/01\/Agdam-1.jpg",620,413,false],"thumbnail":["https:\/\/arantv.az\/wp-content\/uploads\/2021\/01\/Agdam-1-150x150.jpg",150,150,true],"medium":["https:\/\/arantv.az\/wp-content\/uploads\/2021\/01\/Agdam-1-300x200.jpg",300,200,true],"large":["https:\/\/arantv.az\/wp-content\/uploads\/2021\/01\/Agdam-1.jpg",620,413,false],"1536x1536":["https:\/\/arantv.az\/wp-content\/uploads\/2021\/01\/Agdam-1.jpg",620,413,false],"2048x2048":["https:\/\/arantv.az\/wp-content\/uploads\/2021\/01\/Agdam-1.jpg",620,413,false],"post-thumbnail":["https:\/\/arantv.az\/wp-content\/uploads\/2021\/01\/Agdam-1-240x172.jpg",240,172,true],"advps-thumb-one":["https:\/\/arantv.az\/wp-content\/uploads\/2021\/01\/Agdam-1.jpg",620,413,false]},"rttpg_author":{"display_name":"V\u00fcsal Rafiqo\u011flu","author_link":"https:\/\/arantv.az\/?author=2"},"rttpg_comment":0,"rttpg_category":"<a href=\"https:\/\/arantv.az\/?cat=26\" rel=\"category\">Sosial<\/a>","rttpg_excerpt":"\u201c\u0130\u015f\u011faldan azad edilmi\u015f \u0259razil\u0259r bar\u0259d\u0259 d\u00fcnya d\u00f6vl\u0259tl\u0259rinin \u018fdliyy\u0259 orqanlar\u0131na m\u00fcraci\u0259tl\u0259r \u00fcnvanlam\u0131\u015f\u0131q\u201d. Bu s\u00f6zl\u0259ri \u018fdliyy\u0259 Nazirliyinin 2020-ci ilin yekunlar\u0131na h\u0259sr olunmu\u015f onlayn m\u0259tbuat konfrans\u0131nda \u018fdliyy\u0259 Nazirliyinin Beyn\u0259lxalq \u0259m\u0259kda\u015fl\u0131q idar\u0259sinin r\u0259isi Adil \u018fbilov deyib. O bildirib ki, yaln\u0131z d\u00f6y\u00fc\u015fl\u0259r d\u00f6vr\u00fcnd\u0259 deyil, el\u0259c\u0259 d\u0259 ondan sonra da informasiya m\u00fcharib\u0259si davam etdirilib: \u201cBu \u00e7\u0259r\u00e7iv\u0259d\u0259 biz xarici h\u0259mkarlar\u0131m\u0131za bildirmi\u015fik ki,&hellip;","_links":{"self":[{"href":"https:\/\/arantv.az\/index.php?rest_route=\/wp\/v2\/posts\/278646"}],"collection":[{"href":"https:\/\/arantv.az\/index.php?rest_route=\/wp\/v2\/posts"}],"about":[{"href":"https:\/\/arantv.az\/index.php?rest_route=\/wp\/v2\/types\/post"}],"author":[{"embeddable":true,"href":"https:\/\/arantv.az\/index.php?rest_route=\/wp\/v2\/users\/2"}],"replies":[{"embeddable":true,"href":"https:\/\/arantv.az\/index.php?rest_route=%2Fwp%2Fv2%2Fcomments&post=278646"}],"version-history":[{"count":0,"href":"https:\/\/arantv.az\/index.php?rest_route=\/wp\/v2\/posts\/278646\/revisions"}],"wp:featuredmedia":[{"embeddable":true,"href":"https:\/\/arantv.az\/index.php?rest_route=\/wp\/v2\/media\/278647"}],"wp:attachment":[{"href":"https:\/\/arantv.az\/index.php?rest_route=%2Fwp%2Fv2%2Fmedia&parent=278646"}],"wp:term":[{"taxonomy":"category","embeddable":true,"href":"https:\/\/arantv.az\/index.php?rest_route=%2Fwp%2Fv2%2Fcategories&post=278646"},{"taxonomy":"post_tag","embeddable":true,"href":"https:\/\/arantv.az\/index.php?rest_route=%2Fwp%2Fv2%2Ftags&post=278646"}],"curies":[{"name":"wp","href":"https:\/\/api.w.org\/{rel}","templated":true}]}}