{"id":281518,"date":"2021-01-28T19:38:31","date_gmt":"2021-01-28T16:38:31","guid":{"rendered":"http:\/\/arantv.az\/?p=281518"},"modified":"2021-01-28T19:38:31","modified_gmt":"2021-01-28T16:38:31","slug":"media-r%c9%99hb%c9%99rl%c9%99ri-ulvi-mehdiyevl%c9%99-yasatin-f%c9%99aliyy%c9%99tini-muzakir%c9%99-etdil%c9%99r-foto","status":"publish","type":"post","link":"https:\/\/arantv.az\/?p=281518","title":{"rendered":"Media r\u0259hb\u0259rl\u0259ri \u00dclvi Mehdiyevl\u0259 \u201cYA\u015eAT\u201d\u0131n f\u0259aliyy\u0259tini m\u00fczakir\u0259 etdil\u0259r \u2013 FOTO"},"content":{"rendered":"<p>Az\u0259rbaycan Respublikas\u0131n\u0131n Prezidenti yan\u0131nda V\u0259t\u0259nda\u015flara Xidm\u0259t v\u0259 Sosial \u0130nnovasiyalar \u00fczr\u0259 D\u00f6vl\u0259t Agentliyinin (\u201cASAN Xidm\u0259t\u201d) s\u0259dri\u00a0\u00dclvi Mehdiyev bu g\u00fcn agentliyin binas\u0131nda media r\u0259hb\u0259rl\u0259ri il\u0259 g\u00f6r\u00fc\u015f\u00fcb.<\/p>\n<p>G\u00f6r\u00fc\u015fd\u0259 Az\u0259rbaycan Respublikas\u0131n\u0131n \u0259razi b\u00fct\u00f6vl\u00fcy\u00fcn\u00fcn m\u00fcdafi\u0259si il\u0259 \u0259laq\u0259dar \u0259lilliyi m\u00fc\u0259yy\u0259n olunmu\u015f h\u0259rbi qulluq\u00e7ulara v\u0259 \u015f\u0259hid olmu\u015f \u015f\u0259xsl\u0259rin ail\u0259l\u0259rinin \u00fczvl\u0259rin\u0259 yard\u0131m m\u0259qs\u0259dil\u0259 yarad\u0131lm\u0131\u015f \u201cYA\u015eAT\u201d fondunun f\u0259aliyy\u0259ti, qar\u015f\u0131da duran v\u0259zif\u0259l\u0259r bar\u0259sind\u0259 fikir m\u00fcbadil\u0259si apar\u0131l\u0131b.<\/p>\n<p>Media r\u0259hb\u0259rl\u0259rin\u0259 m\u0259lumat verilib ki, fondun f\u0259aliyy\u0259ti tamamil\u0259 \u015f\u0259ffafl\u0131q \u00fcz\u0259rind\u0259 qurulub v\u0259 m\u00fcnt\u0259z\u0259m olaraq hesabatlar d\u0259rc edilir.<\/p>\n<div id=\"AdviadNativeVideo0\" class=\"AdviadNativeVideo\"><\/div>\n<p>Qeyd ed\u0259k ki, Az\u0259rbaycan Respublikas\u0131n\u0131n \u0259razi bu\u0308to\u0308vlu\u0308yu\u0308nu\u0308n mu\u0308dafi\u0259si il\u0259 \u0259laq\u0259dar yaralananlar\u0131n v\u0259 s\u0327\u0259hid ail\u0259l\u0259rinin t\u0259minat\u0131na d\u0259st\u0259k fondu \u2013 \u201cYAS\u0327AT\u201d Fondu Az\u0259rbaycan Respublikas\u0131n\u0131n Prezidenti I\u0307lham \u018fliyevin 8 dekabr 2020-ci il tarixli F\u0259rman\u0131 \u0259sas\u0131nda yarad\u0131l\u0131b.<\/p>\n<p>Fondun m\u0259qs\u0259di s\u0327\u0259hid ail\u0259l\u0259rinin v\u0259 h\u0259rbi \u0259m\u0259liyyatlar n\u0259tic\u0259sind\u0259 \u0259lilliyi mu\u0308\u0259yy\u0259n olunmus\u0327 s\u0327\u0259xsl\u0259rin sosial mu\u0308dafi\u0259si sah\u0259sind\u0259 do\u0308vl\u0259t t\u0259r\u0259find\u0259n h\u0259yata kec\u0327iril\u0259n t\u0259dbirl\u0259r\u0259 \u0259lav\u0259 d\u0259st\u0259k verilm\u0259si istiqam\u0259tind\u0259 v\u0259t\u0259ndas\u0327 c\u0259miyy\u0259ti t\u0259s\u0327\u0259bbu\u0308sl\u0259rinin reallas\u0327d\u0131r\u0131lmas\u0131 u\u0308c\u0327u\u0308n mu\u0308vafiq platforman\u0131n yarad\u0131lmas\u0131, bu sah\u0259d\u0259 s\u0327\u0259ffafl\u0131g\u0306\u0131n, hesabatl\u0131l\u0131g\u0306\u0131n v\u0259 ictimai n\u0259zar\u0259tin t\u0259min edilm\u0259sidir.<\/p>\n<p>H\u0259mc\u0327inin Fond F\u0259rmanla mu\u0308\u0259yy\u0259n edilmis\u0327 s\u0327\u0259xsl\u0259rin sosial mu\u0308dafi\u0259si sah\u0259sind\u0259 do\u0308vl\u0259t t\u0259r\u0259find\u0259n h\u0259yata kec\u0327iril\u0259n t\u0259dbirl\u0259r\u0259 \u0259lav\u0259 d\u0259st\u0259k verilm\u0259si u\u0308c\u0327u\u0308n s\u0327\u0259ffaf, effektiv v\u0259 \u0259lc\u0327atan platforman\u0131n formalas\u0327d\u0131r\u0131lmas\u0131 m\u0259qs\u0259dil\u0259 t\u0259sis olunub.<\/p>\n<p>\u201cYAS\u0327AT\u201d Fonduna mu\u0308raci\u0259t prosesini daha da asanlas\u0327d\u0131rmaq, mu\u0308t\u0259madi hesabatlar t\u0259qdim etm\u0259kl\u0259 s\u0327\u0259ffafl\u0131g\u0306a nail olmaq m\u0259qs\u0259di il\u0259\u00a0<a href=\"http:\/\/yashat.gov.az\/\" target=\"_blank\" rel=\"noopener\">yashat.gov.az<\/a>\u00a0portal\u0131 istifad\u0259y\u0259 verilib.<\/p>\n<p>\u201cASAN xidm\u0259t\u201din bu\u0308tu\u0308n rayonlar u\u0308zr\u0259 ayr\u0131lm\u0131s\u0327 qruplar\u0131 t\u0259r\u0259find\u0259n s\u0327\u0259hid ail\u0259l\u0259rin\u0259 dair mu\u0308vafiq m\u0259lumatlar tam toplan\u0131b. V\u0259t\u0259n mu\u0308harib\u0259sind\u0259 yaralananlarla bag\u0306l\u0131 mu\u0308raci\u0259tl\u0259r is\u0259 elektron qaydada Fondun r\u0259smi internet s\u0259hif\u0259si u\u0308z\u0259rind\u0259n q\u0259bul edilir.<\/p>\n<p>Qeydiyyat zaman\u0131 yaranan c\u0327\u0259tinlikl\u0259ri aradan qald\u0131rmaq, suallara ayd\u0131nl\u0131q g\u0259tirm\u0259k m\u0259qs\u0259di il\u0259 Fondun 8110 \u201cC\u0327ag\u0306r\u0131\u201d M\u0259rk\u0259zi f\u0259aliyy\u0259t go\u0308st\u0259rir.<\/p>\n<p>Eyni zamanda \u201cYAS\u0327AT\u201d Fonduna SMS vasit\u0259sil\u0259 ian\u0259 etm\u0259k imkan\u0131 yarad\u0131l\u0131b. Bu\u0308tu\u0308n mobil operatorlardan 8110 q\u0131sa no\u0308mr\u0259sin\u0259 SMS go\u0308nd\u0259rm\u0259kl\u0259 Fonda 1 AZN-d\u0259n 50 AZN-d\u0259k ian\u0259 etm\u0259k mu\u0308mku\u0308ndu\u0308r. SMS-in m\u0259tnind\u0259 1, 3, 5, 10, 20, 50 r\u0259q\u0259ml\u0259rini yazmaqla mu\u0308vafiq olaraq, 1AZN, 3 AZN, 5 AZN, 10 AZN, 20 AZN v\u0259 50 AZN ian\u0259 etm\u0259k olar.<\/p>\n<div class=\"gallery\">\n<div class=\"gallery-i\"><img src=\"https:\/\/cdn.oxu.az\/uploads\/W1siZiIsIjIwMjEvMDEvMjgvMTkvNDQvMDcvMDBkNjYxMGQtMGIxYy00YWU4LTk1ZjktZDExOTQ3ODM3ZGFhL1doYXRzQXBwIEltYWdlIDIwMjEtMDEtMjggYXQgMTkuMzguNDMgKDEpLmpwZWciXSxbInAiLCJlbmNvZGUiLCJqcGciLCItcXVhbGl0eSA4MCJdLFsicCIsInRodW1iIiwiNTkweDU5MFx1MDAzZSJdXQ?sha=15b1a24506457005\" alt=\"\" \/><\/p>\n<div class=\"gallery-i-caption\"><\/div>\n<\/div>\n<div class=\"gallery-i\"><img src=\"https:\/\/cdn.oxu.az\/uploads\/W1siZiIsIjIwMjEvMDEvMjgvMTkvNDQvMDgvOTZhNWE3ZTAtMmMzZS00NWM3LTg3ZGUtZTIyYzcxNDljODNkL1doYXRzQXBwIEltYWdlIDIwMjEtMDEtMjggYXQgMTkuMzguNDMuanBlZyJdLFsicCIsImVuY29kZSIsImpwZyIsIi1xdWFsaXR5IDgwIl0sWyJwIiwidGh1bWIiLCI1OTB4NTkwXHUwMDNlIl1d?sha=e6ff95d377fb9fad\" alt=\"\" \/><\/p>\n<div class=\"gallery-i-caption\"><\/div>\n<\/div>\n<div class=\"gallery-i\"><img src=\"https:\/\/cdn.oxu.az\/uploads\/W1siZiIsIjIwMjEvMDEvMjgvMTkvNDQvMDgvNWQ4YWIxNTQtZDlkMS00ZjQ1LWEzYWMtNTY2NGIwNTE3NmMyL1doYXRzQXBwIEltYWdlIDIwMjEtMDEtMjggYXQgMTkuMzguNDIgKDEpLmpwZWciXSxbInAiLCJlbmNvZGUiLCJqcGciLCItcXVhbGl0eSA4MCJdLFsicCIsInRodW1iIiwiNTkweDU5MFx1MDAzZSJdXQ?sha=772c6fce8de9768c\" alt=\"\" \/><\/p>\n<div class=\"gallery-i-caption\"><\/div>\n<\/div>\n<div class=\"gallery-i\"><img src=\"https:\/\/cdn.oxu.az\/uploads\/W1siZiIsIjIwMjEvMDEvMjgvMTkvNDQvMDgvY2EyYWRjZTgtNmQ2OS00NTg3LTkyYzMtOTBjYWFkNzBhYjE5L1doYXRzQXBwIEltYWdlIDIwMjEtMDEtMjggYXQgMTkuMzguNDIuanBlZyJdLFsicCIsImVuY29kZSIsImpwZyIsIi1xdWFsaXR5IDgwIl0sWyJwIiwidGh1bWIiLCI1OTB4NTkwXHUwMDNlIl1d?sha=2a62b88f8de1914b\" alt=\"\" \/><\/div>\n<\/div>\n","protected":false},"excerpt":{"rendered":"<p>Az\u0259rbaycan Respublikas\u0131n\u0131n Prezidenti yan\u0131nda V\u0259t\u0259nda\u015flara Xidm\u0259t v\u0259 Sosial \u0130nnovasiyalar \u00fczr\u0259 D\u00f6vl\u0259t Agentliyinin (\u201cASAN Xidm\u0259t\u201d) s\u0259dri\u00a0\u00dclvi Mehdiyev bu g\u00fcn agentliyin binas\u0131nda media r\u0259hb\u0259rl\u0259ri il\u0259 g\u00f6r\u00fc\u015f\u00fcb. G\u00f6r\u00fc\u015fd\u0259 Az\u0259rbaycan Respublikas\u0131n\u0131n \u0259razi b\u00fct\u00f6vl\u00fcy\u00fcn\u00fcn m\u00fcdafi\u0259si il\u0259 \u0259laq\u0259dar \u0259lilliyi m\u00fc\u0259yy\u0259n olunmu\u015f h\u0259rbi qulluq\u00e7ulara v\u0259 \u015f\u0259hid olmu\u015f \u015f\u0259xsl\u0259rin ail\u0259l\u0259rinin \u00fczvl\u0259rin\u0259 yard\u0131m m\u0259qs\u0259dil\u0259 yarad\u0131lm\u0131\u015f \u201cYA\u015eAT\u201d fondunun f\u0259aliyy\u0259ti, qar\u015f\u0131da duran v\u0259zif\u0259l\u0259r bar\u0259sind\u0259 fikir m\u00fcbadil\u0259si apar\u0131l\u0131b. Media r\u0259hb\u0259rl\u0259rin\u0259 m\u0259lumat verilib ki, fondun f\u0259aliyy\u0259ti tamamil\u0259 \u015f\u0259ffafl\u0131q \u00fcz\u0259rind\u0259 qurulub v\u0259 m\u00fcnt\u0259z\u0259m olaraq hesabatlar d\u0259rc edilir. Qeyd ed\u0259k ki, Az\u0259rbaycan Respublikas\u0131n\u0131n \u0259razi bu\u0308to\u0308vlu\u0308yu\u0308nu\u0308n mu\u0308dafi\u0259si il\u0259 \u0259laq\u0259dar yaralananlar\u0131n v\u0259 s\u0327\u0259hid ail\u0259l\u0259rinin t\u0259minat\u0131na d\u0259st\u0259k fondu&hellip;<\/p>\n","protected":false},"author":2,"featured_media":281519,"comment_status":"closed","ping_status":"closed","sticky":false,"template":"","format":"standard","meta":{"om_disable_all_campaigns":false,"_monsterinsights_skip_tracking":false,"_monsterinsights_sitenote_active":false,"_monsterinsights_sitenote_note":"","_monsterinsights_sitenote_category":0},"categories":[26],"tags":[],"aioseo_notices":[],"gutentor_comment":0,"rttpg_featured_image_url":{"full":["https:\/\/arantv.az\/wp-content\/uploads\/2021\/01\/WhatsApp-Image-2021-01-28-at-19.38.41.jpg",620,355,false],"landscape":["https:\/\/arantv.az\/wp-content\/uploads\/2021\/01\/WhatsApp-Image-2021-01-28-at-19.38.41.jpg",620,355,false],"portraits":["https:\/\/arantv.az\/wp-content\/uploads\/2021\/01\/WhatsApp-Image-2021-01-28-at-19.38.41.jpg",620,355,false],"thumbnail":["https:\/\/arantv.az\/wp-content\/uploads\/2021\/01\/WhatsApp-Image-2021-01-28-at-19.38.41-150x150.jpg",150,150,true],"medium":["https:\/\/arantv.az\/wp-content\/uploads\/2021\/01\/WhatsApp-Image-2021-01-28-at-19.38.41-300x172.jpg",300,172,true],"large":["https:\/\/arantv.az\/wp-content\/uploads\/2021\/01\/WhatsApp-Image-2021-01-28-at-19.38.41.jpg",620,355,false],"1536x1536":["https:\/\/arantv.az\/wp-content\/uploads\/2021\/01\/WhatsApp-Image-2021-01-28-at-19.38.41.jpg",620,355,false],"2048x2048":["https:\/\/arantv.az\/wp-content\/uploads\/2021\/01\/WhatsApp-Image-2021-01-28-at-19.38.41.jpg",620,355,false],"post-thumbnail":["https:\/\/arantv.az\/wp-content\/uploads\/2021\/01\/WhatsApp-Image-2021-01-28-at-19.38.41-240x172.jpg",240,172,true],"advps-thumb-one":["https:\/\/arantv.az\/wp-content\/uploads\/2021\/01\/WhatsApp-Image-2021-01-28-at-19.38.41.jpg",620,355,false]},"rttpg_author":{"display_name":"V\u00fcsal Rafiqo\u011flu","author_link":"https:\/\/arantv.az\/?author=2"},"rttpg_comment":0,"rttpg_category":"<a href=\"https:\/\/arantv.az\/?cat=26\" rel=\"category\">Sosial<\/a>","rttpg_excerpt":"Az\u0259rbaycan Respublikas\u0131n\u0131n Prezidenti yan\u0131nda V\u0259t\u0259nda\u015flara Xidm\u0259t v\u0259 Sosial \u0130nnovasiyalar \u00fczr\u0259 D\u00f6vl\u0259t Agentliyinin (\u201cASAN Xidm\u0259t\u201d) s\u0259dri\u00a0\u00dclvi Mehdiyev bu g\u00fcn agentliyin binas\u0131nda media r\u0259hb\u0259rl\u0259ri il\u0259 g\u00f6r\u00fc\u015f\u00fcb. G\u00f6r\u00fc\u015fd\u0259 Az\u0259rbaycan Respublikas\u0131n\u0131n \u0259razi b\u00fct\u00f6vl\u00fcy\u00fcn\u00fcn m\u00fcdafi\u0259si il\u0259 \u0259laq\u0259dar \u0259lilliyi m\u00fc\u0259yy\u0259n olunmu\u015f h\u0259rbi qulluq\u00e7ulara v\u0259 \u015f\u0259hid olmu\u015f \u015f\u0259xsl\u0259rin ail\u0259l\u0259rinin \u00fczvl\u0259rin\u0259 yard\u0131m m\u0259qs\u0259dil\u0259 yarad\u0131lm\u0131\u015f \u201cYA\u015eAT\u201d fondunun f\u0259aliyy\u0259ti, qar\u015f\u0131da duran v\u0259zif\u0259l\u0259r bar\u0259sind\u0259 fikir m\u00fcbadil\u0259si&hellip;","_links":{"self":[{"href":"https:\/\/arantv.az\/index.php?rest_route=\/wp\/v2\/posts\/281518"}],"collection":[{"href":"https:\/\/arantv.az\/index.php?rest_route=\/wp\/v2\/posts"}],"about":[{"href":"https:\/\/arantv.az\/index.php?rest_route=\/wp\/v2\/types\/post"}],"author":[{"embeddable":true,"href":"https:\/\/arantv.az\/index.php?rest_route=\/wp\/v2\/users\/2"}],"replies":[{"embeddable":true,"href":"https:\/\/arantv.az\/index.php?rest_route=%2Fwp%2Fv2%2Fcomments&post=281518"}],"version-history":[{"count":0,"href":"https:\/\/arantv.az\/index.php?rest_route=\/wp\/v2\/posts\/281518\/revisions"}],"wp:featuredmedia":[{"embeddable":true,"href":"https:\/\/arantv.az\/index.php?rest_route=\/wp\/v2\/media\/281519"}],"wp:attachment":[{"href":"https:\/\/arantv.az\/index.php?rest_route=%2Fwp%2Fv2%2Fmedia&parent=281518"}],"wp:term":[{"taxonomy":"category","embeddable":true,"href":"https:\/\/arantv.az\/index.php?rest_route=%2Fwp%2Fv2%2Fcategories&post=281518"},{"taxonomy":"post_tag","embeddable":true,"href":"https:\/\/arantv.az\/index.php?rest_route=%2Fwp%2Fv2%2Ftags&post=281518"}],"curies":[{"name":"wp","href":"https:\/\/api.w.org\/{rel}","templated":true}]}}