{"id":281522,"date":"2021-01-28T19:39:24","date_gmt":"2021-01-28T16:39:24","guid":{"rendered":"http:\/\/arantv.az\/?p=281522"},"modified":"2021-01-28T19:39:24","modified_gmt":"2021-01-28T16:39:24","slug":"az%c9%99rbaycan-hava-yollari-baki-v%c9%99-dubay-arasinda-reysl%c9%99r-h%c9%99yata-kecirm%c9%99y%c9%99-baslayir-video","status":"publish","type":"post","link":"https:\/\/arantv.az\/?p=281522","title":{"rendered":"\u201cAz\u0259rbaycan Hava Yollar\u0131\u201d Bak\u0131 v\u0259 Dubay aras\u0131nda reysl\u0259r h\u0259yata ke\u00e7irm\u0259y\u0259 ba\u015flay\u0131r &#8211; V\u0130DEO"},"content":{"rendered":"<article class=\"news\">\n<div class=\"news-inner\">\n<p>Fevral\u0131n 15-d\u0259n etibar\u0259n \u201cAz\u0259rbaycan Hava Yollar\u0131\u201d Bak\u0131-Dubay-Bak\u0131 mar\u015frutu \u00fczr\u0259 x\u00fcsusi reysl\u0259rin h\u0259yata ke\u00e7irilm\u0259sin\u0259 ba\u015flay\u0131r.<\/p>\n<p>N\u00f6vb\u0259ti ayda, 15 v\u0259 22 fevral tarixl\u0259rind\u0259 AZAL qeyd edil\u0259n istiqam\u0259td\u0259 iki u\u00e7u\u015f yerin\u0259 yetir\u0259c\u0259k.<\/p>\n<p>Mart ay\u0131ndan etibar\u0259n is\u0259 Dubay istiqam\u0259tind\u0259 u\u00e7u\u015flar\u0131n say\u0131 art\u0131r\u0131laraq h\u0259ft\u0259d\u0259 iki d\u0259f\u0259 &#8211; birinci v\u0259 be\u015finci g\u00fcnl\u0259r yerin\u0259 yetiril\u0259c\u0259k.<\/p>\n<div id=\"AdviadNativeVideo0\" class=\"AdviadNativeVideo\"><\/div>\n<p>Qeyd edil\u0259n reysl\u0259r\u0259 aviabiletl\u0259ri avia\u015firk\u0259tin r\u0259smi\u00a0<a href=\"https:\/\/l.facebook.com\/l.php?u=http%3A%2F%2Fwww.azal.az%2F%3Ffbclid%3DIwAR0JXeI1_u0a8qg6f7B95MlT_9J1P5jdabPwSrZC_X4sjm3MOGoYzFWoYPY&amp;h=AT3ywVIE0e_Lrb8JU4nBta-nVBKcK_SIw-zKfqCZTMnP26ERV1HLUErKuAYBS4o0xS_zEeb9prwnpg8rUlHq6tS2WpxJpvlYMUbfwaUhBFlQSyW1Lhda8SRUPU_RzwLl04k\" target=\"_blank\" rel=\"noopener\">www.azal.az<\/a>\u00a0sayt\u0131 vasit\u0259sil\u0259 almaq m\u00fcmk\u00fcnd\u00fcr.<\/p>\n<p>Bak\u0131-Dubay istiqam\u0259tind\u0259 aviareysin s\u0259rni\u015finl\u0259ri a\u015fa\u011f\u0131dak\u0131lar\u0131 etm\u0259lidirl\u0259r:<\/p>\n<p>&#8211; Vizas\u0131 olmayan v\u0259 ya vizas\u0131n\u0131n q\u00fcvv\u0259d\u0259 olma m\u00fcdd\u0259ti bit\u0259n s\u0259rni\u015finl\u0259r B\u018f\u018f-y\u0259 \u0259vv\u0259lc\u0259d\u0259n viza r\u0259smil\u0259\u015fdirm\u0259lidirl\u0259r. Pandemiya d\u00f6vr\u00fcnd\u0259 \u00f6lk\u0259y\u0259 giri\u015f qaydalar\u0131 avia\u015firk\u0259tin sayt\u0131nda qeyd edilib:\u00a0<a href=\"https:\/\/l.facebook.com\/l.php?u=https%3A%2F%2Fwww.azal.az%2Faz%2Finformation%2Fcovid-dubai%3Ffbclid%3DIwAR09hyaj34nnxCxzDjWmI0s4uoTnI_xXDiJk-z6QaB5FcrCOX9gfMvbRFvQ&amp;h=AT3ywVIE0e_Lrb8JU4nBta-nVBKcK_SIw-zKfqCZTMnP26ERV1HLUErKuAYBS4o0xS_zEeb9prwnpg8rUlHq6tS2WpxJpvlYMUbfwaUhBFlQSyW1Lhda8SRUPU_RzwLl04k\" target=\"_blank\" rel=\"noopener\">https:\/\/www.azal.az\/az\/information\/covid-dubai<\/a>;<\/p>\n<p>&#8211; Dubaya g\u0259lm\u0259zd\u0259n \u0259vv\u0259l &#8220;COVID-19 DXB Smart App&#8221; t\u0259tbiqini y\u00fckl\u0259y\u0259r\u0259k qeydiyyatdan ke\u00e7m\u0259lidirl\u0259r;<\/p>\n<p>&#8211; Koronavirus infeksiyas\u0131n\u0131n olmad\u0131\u011f\u0131n\u0131 t\u0259sdiq ed\u0259n aray\u0131\u015f almal\u0131d\u0131rlar (\u00e7ap olunmu\u015f formada v\u0259 ingilis dilind\u0259). COVID-19 testini verm\u0259k \u00fc\u00e7\u00fcn Az\u0259rbaycandak\u0131 klinikalar\u0131n siyah\u0131s\u0131 avia\u015firk\u0259tin sayt\u0131nda d\u0259rc edilib:\u00a0<a href=\"https:\/\/l.facebook.com\/l.php?u=https%3A%2F%2Fwww.azal.az%2Faz%2Finformation%2Fcovid-clinics%3Ffbclid%3DIwAR2-bVeNVRnZpy0JhVH1u5olwGVqIpY_Z8X8kExktxXI2OVwi9gBdcrObEc&amp;h=AT3ywVIE0e_Lrb8JU4nBta-nVBKcK_SIw-zKfqCZTMnP26ERV1HLUErKuAYBS4o0xS_zEeb9prwnpg8rUlHq6tS2WpxJpvlYMUbfwaUhBFlQSyW1Lhda8SRUPU_RzwLl04k\" target=\"_blank\" rel=\"noopener\">https:\/\/www.azal.az\/az\/information\/covid-clinics<\/a><\/p>\n<p>Dubay-Bak\u0131 istiqam\u0259tind\u0259 aviareysin s\u0259rni\u015finl\u0259ri a\u015fa\u011f\u0131dak\u0131lar\u0131 etm\u0259lidirl\u0259r:<\/p>\n<p>&#8211; Az\u0259rbaycana giri\u015f h\u00fcququnu yoxlamal\u0131d\u0131rlar. Az\u0259rbaycana giri\u015f icaz\u0259si olan \u015f\u0259xsl\u0259rin kateqoriyas\u0131n\u0131n siyah\u0131s\u0131 burada qeyd edilmi\u015fdir:\u00a0<a href=\"https:\/\/l.facebook.com\/l.php?u=https%3A%2F%2Fwww.azal.az%2Faz%2Finformation%2Fcovid-azerbaijan%3Ffbclid%3DIwAR0wp-PoJ6b-bOwA4PyhQuyo101yrQs7P0w3FqAWycaACajuxvaQXmBT_tA&amp;h=AT3ywVIE0e_Lrb8JU4nBta-nVBKcK_SIw-zKfqCZTMnP26ERV1HLUErKuAYBS4o0xS_zEeb9prwnpg8rUlHq6tS2WpxJpvlYMUbfwaUhBFlQSyW1Lhda8SRUPU_RzwLl04k\" target=\"_blank\" rel=\"noopener\">https:\/\/www.azal.az\/az\/information\/covid-azerbaijan<\/a>;<\/p>\n<p>&#8211; Koronavirus infeksiyas\u0131n\u0131n olmad\u0131\u011f\u0131n\u0131 t\u0259sdiq ed\u0259n aray\u0131\u015f almal\u0131d\u0131rlar. Testin n\u0259tic\u0259sinin h\u0259qiqiliyi u\u00e7u\u015fun ba\u015fland\u0131\u011f\u0131 hava liman\u0131nda qeydiyyat masas\u0131nda ALHOSN UAE mobil t\u0259tbiqi vasit\u0259sil\u0259 (bu t\u0259tbiq AppStore, Google Play, GalaxyStore v\u0259 AppGallery-d\u0259 m\u00f6vcuddur) x\u00fcsusi QR-kodla, yaxud h\u0259kimin imzas\u0131 v\u0259 m\u00f6h\u00fcr, h\u0259m\u00e7inin QR-kodun \u0259ks olundu\u011fu aray\u0131\u015f vasit\u0259sil\u0259 yoxlan\u0131lacaq. Dubayda koronavirus infeksiyas\u0131na analiz verm\u0259k \u00fc\u00e7\u00fcn t\u00f6vsiy\u0259 olunan laboratoriyalar\u0131n siyah\u0131s\u0131 il\u0259 h\u0259m\u00e7inin burada tan\u0131\u015f olmaq m\u00fcmk\u00fcnd\u00fcr:\u00a0<a href=\"https:\/\/l.facebook.com\/l.php?u=https%3A%2F%2Fwww.azal.az%2Faz%2Finformation%2Fcovid-dubai%3Ffbclid%3DIwAR1zbw8ifIoeEUBGNGV583-x4sktICoHOm2qexWLyO_jbz8fvEwnL10gghI&amp;h=AT3ywVIE0e_Lrb8JU4nBta-nVBKcK_SIw-zKfqCZTMnP26ERV1HLUErKuAYBS4o0xS_zEeb9prwnpg8rUlHq6tS2WpxJpvlYMUbfwaUhBFlQSyW1Lhda8SRUPU_RzwLl04k\" target=\"_blank\" rel=\"noopener\">https:\/\/www.azal.az\/az\/information\/covid-dubai<\/a>.<\/p>\n<p>H\u0259r iki istiqam\u0259td\u0259 u\u00e7an s\u0259rni\u015finl\u0259r \u00fc\u00e7\u00fcn:<\/p>\n<p>&#8211; Testin n\u0259tic\u0259sinin reysin u\u00e7u\u015fundan \u0259vv\u0259l 48 saat \u0259rzind\u0259 q\u00fcvv\u0259d\u0259 oldu\u011funa \u0259min olmaq laz\u0131md\u0131r;<\/p>\n<p>&#8211; Pandemiya d\u00f6vr\u00fcnd\u0259 AZAL avia\u015firk\u0259tinin t\u0259tbiq etdiyi x\u00fcsusi da\u015f\u0131ma qaydalar\u0131 il\u0259 tan\u0131\u015f olmaq:<\/p>\n<div><iframe loading=\"lazy\" src=\"https:\/\/www.youtube.com\/embed\/-s-0s4o1L2M\" width=\"560\" height=\"315\" frameborder=\"0\" allowfullscreen=\"allowfullscreen\" data-mce-fragment=\"1\"><\/iframe><\/div>\n<\/div>\n<\/article>\n<h2 class=\"news-share-title\"><\/h2>\n","protected":false},"excerpt":{"rendered":"<p>Fevral\u0131n 15-d\u0259n etibar\u0259n \u201cAz\u0259rbaycan Hava Yollar\u0131\u201d Bak\u0131-Dubay-Bak\u0131 mar\u015frutu \u00fczr\u0259 x\u00fcsusi reysl\u0259rin h\u0259yata ke\u00e7irilm\u0259sin\u0259 ba\u015flay\u0131r. N\u00f6vb\u0259ti ayda, 15 v\u0259 22 fevral tarixl\u0259rind\u0259 AZAL qeyd edil\u0259n istiqam\u0259td\u0259 iki u\u00e7u\u015f yerin\u0259 yetir\u0259c\u0259k. Mart ay\u0131ndan etibar\u0259n is\u0259 Dubay istiqam\u0259tind\u0259 u\u00e7u\u015flar\u0131n say\u0131 art\u0131r\u0131laraq h\u0259ft\u0259d\u0259 iki d\u0259f\u0259 &#8211; birinci v\u0259 be\u015finci g\u00fcnl\u0259r yerin\u0259 yetiril\u0259c\u0259k. Qeyd edil\u0259n reysl\u0259r\u0259 aviabiletl\u0259ri avia\u015firk\u0259tin r\u0259smi\u00a0www.azal.az\u00a0sayt\u0131 vasit\u0259sil\u0259 almaq m\u00fcmk\u00fcnd\u00fcr. Bak\u0131-Dubay istiqam\u0259tind\u0259 aviareysin s\u0259rni\u015finl\u0259ri a\u015fa\u011f\u0131dak\u0131lar\u0131 etm\u0259lidirl\u0259r: &#8211; Vizas\u0131 olmayan v\u0259 ya vizas\u0131n\u0131n q\u00fcvv\u0259d\u0259 olma m\u00fcdd\u0259ti bit\u0259n s\u0259rni\u015finl\u0259r B\u018f\u018f-y\u0259 \u0259vv\u0259lc\u0259d\u0259n viza r\u0259smil\u0259\u015fdirm\u0259lidirl\u0259r. Pandemiya d\u00f6vr\u00fcnd\u0259 \u00f6lk\u0259y\u0259 giri\u015f qaydalar\u0131 avia\u015firk\u0259tin sayt\u0131nda qeyd edilib:\u00a0https:\/\/www.azal.az\/az\/information\/covid-dubai; &#8211; Dubaya g\u0259lm\u0259zd\u0259n&hellip;<\/p>\n","protected":false},"author":2,"featured_media":281523,"comment_status":"closed","ping_status":"closed","sticky":false,"template":"","format":"standard","meta":{"om_disable_all_campaigns":false,"_monsterinsights_skip_tracking":false,"_monsterinsights_sitenote_active":false,"_monsterinsights_sitenote_note":"","_monsterinsights_sitenote_category":0},"categories":[19],"tags":[],"aioseo_notices":[],"gutentor_comment":0,"rttpg_featured_image_url":{"full":["https:\/\/arantv.az\/wp-content\/uploads\/2021\/01\/143767199_227268512286108_8222504673111962355_n.jpg",620,349,false],"landscape":["https:\/\/arantv.az\/wp-content\/uploads\/2021\/01\/143767199_227268512286108_8222504673111962355_n.jpg",620,349,false],"portraits":["https:\/\/arantv.az\/wp-content\/uploads\/2021\/01\/143767199_227268512286108_8222504673111962355_n.jpg",620,349,false],"thumbnail":["https:\/\/arantv.az\/wp-content\/uploads\/2021\/01\/143767199_227268512286108_8222504673111962355_n-150x150.jpg",150,150,true],"medium":["https:\/\/arantv.az\/wp-content\/uploads\/2021\/01\/143767199_227268512286108_8222504673111962355_n-300x169.jpg",300,169,true],"large":["https:\/\/arantv.az\/wp-content\/uploads\/2021\/01\/143767199_227268512286108_8222504673111962355_n.jpg",620,349,false],"1536x1536":["https:\/\/arantv.az\/wp-content\/uploads\/2021\/01\/143767199_227268512286108_8222504673111962355_n.jpg",620,349,false],"2048x2048":["https:\/\/arantv.az\/wp-content\/uploads\/2021\/01\/143767199_227268512286108_8222504673111962355_n.jpg",620,349,false],"post-thumbnail":["https:\/\/arantv.az\/wp-content\/uploads\/2021\/01\/143767199_227268512286108_8222504673111962355_n-240x172.jpg",240,172,true],"advps-thumb-one":["https:\/\/arantv.az\/wp-content\/uploads\/2021\/01\/143767199_227268512286108_8222504673111962355_n.jpg",620,349,false]},"rttpg_author":{"display_name":"V\u00fcsal Rafiqo\u011flu","author_link":"https:\/\/arantv.az\/?author=2"},"rttpg_comment":0,"rttpg_category":"<a href=\"https:\/\/arantv.az\/?cat=19\" rel=\"category\">G\u00fcnd\u0259m<\/a>","rttpg_excerpt":"Fevral\u0131n 15-d\u0259n etibar\u0259n \u201cAz\u0259rbaycan Hava Yollar\u0131\u201d Bak\u0131-Dubay-Bak\u0131 mar\u015frutu \u00fczr\u0259 x\u00fcsusi reysl\u0259rin h\u0259yata ke\u00e7irilm\u0259sin\u0259 ba\u015flay\u0131r. N\u00f6vb\u0259ti ayda, 15 v\u0259 22 fevral tarixl\u0259rind\u0259 AZAL qeyd edil\u0259n istiqam\u0259td\u0259 iki u\u00e7u\u015f yerin\u0259 yetir\u0259c\u0259k. Mart ay\u0131ndan etibar\u0259n is\u0259 Dubay istiqam\u0259tind\u0259 u\u00e7u\u015flar\u0131n say\u0131 art\u0131r\u0131laraq h\u0259ft\u0259d\u0259 iki d\u0259f\u0259 &#8211; birinci v\u0259 be\u015finci g\u00fcnl\u0259r yerin\u0259 yetiril\u0259c\u0259k. Qeyd edil\u0259n reysl\u0259r\u0259 aviabiletl\u0259ri avia\u015firk\u0259tin r\u0259smi\u00a0www.azal.az\u00a0sayt\u0131 vasit\u0259sil\u0259&hellip;","_links":{"self":[{"href":"https:\/\/arantv.az\/index.php?rest_route=\/wp\/v2\/posts\/281522"}],"collection":[{"href":"https:\/\/arantv.az\/index.php?rest_route=\/wp\/v2\/posts"}],"about":[{"href":"https:\/\/arantv.az\/index.php?rest_route=\/wp\/v2\/types\/post"}],"author":[{"embeddable":true,"href":"https:\/\/arantv.az\/index.php?rest_route=\/wp\/v2\/users\/2"}],"replies":[{"embeddable":true,"href":"https:\/\/arantv.az\/index.php?rest_route=%2Fwp%2Fv2%2Fcomments&post=281522"}],"version-history":[{"count":0,"href":"https:\/\/arantv.az\/index.php?rest_route=\/wp\/v2\/posts\/281522\/revisions"}],"wp:featuredmedia":[{"embeddable":true,"href":"https:\/\/arantv.az\/index.php?rest_route=\/wp\/v2\/media\/281523"}],"wp:attachment":[{"href":"https:\/\/arantv.az\/index.php?rest_route=%2Fwp%2Fv2%2Fmedia&parent=281522"}],"wp:term":[{"taxonomy":"category","embeddable":true,"href":"https:\/\/arantv.az\/index.php?rest_route=%2Fwp%2Fv2%2Fcategories&post=281522"},{"taxonomy":"post_tag","embeddable":true,"href":"https:\/\/arantv.az\/index.php?rest_route=%2Fwp%2Fv2%2Ftags&post=281522"}],"curies":[{"name":"wp","href":"https:\/\/api.w.org\/{rel}","templated":true}]}}