{"id":281534,"date":"2021-01-28T19:46:46","date_gmt":"2021-01-28T16:46:46","guid":{"rendered":"http:\/\/arantv.az\/?p=281534"},"modified":"2021-01-28T19:46:46","modified_gmt":"2021-01-28T16:46:46","slug":"din-d%c9%99n-huquq-mudafi%c9%99cisi-oktay-gulaliyevin-x%c9%99sar%c9%99t-aldigi-q%c9%99za-il%c9%99-bagli-aciqlama","status":"publish","type":"post","link":"https:\/\/arantv.az\/?p=281534","title":{"rendered":"D\u0130N-d\u0259n h\u00fcquq m\u00fcdafi\u0259\u00e7isi Oktay G\u00fclal\u0131yevin x\u0259sar\u0259t ald\u0131\u011f\u0131 q\u0259za il\u0259 ba\u011fl\u0131 A\u00c7IQLAMA"},"content":{"rendered":"<p>2019-cu il oktyabr\u0131n 29-da h\u00fcquq m\u00fcdafi\u0259\u00e7isi Oktay G\u00fclal\u0131yevin x\u0259sar\u0259t almas\u0131 il\u0259 n\u0259tic\u0259l\u0259n\u0259n yol-n\u0259qliyyat hadis\u0259sini t\u00f6r\u0259tmi\u015f s\u00fcr\u00fcc\u00fc m\u0259hk\u0259m\u0259nin h\u00f6km\u00fc il\u0259 2 il 3 ay azadl\u0131qdan m\u0259hrum edildikd\u0259n sonra f\u0259aliyy\u0259tl\u0259ri b\u00f6htan v\u0259 t\u0259xribat \u00fcz\u0259rind\u0259 qurulmu\u015f b\u0259zi \u015f\u0259xsl\u0259r sosial \u015f\u0259b\u0259k\u0259 hesablar\u0131nda m\u0259qs\u0259dli \u015f\u0259kild\u0259 m\u0259s\u0259l\u0259ni yenid\u0259n g\u00fcnd\u0259m\u0259 da\u015f\u0131ma\u011fa c\u0259hdl\u0259r edir, yalan iddialar ir\u0259li s\u00fcr\u00fcrl\u0259r.<\/p>\n<p>Bu bar\u0259d\u0259 D\u0130N-in a\u00e7\u0131qlamas\u0131nda deyilib.<\/p>\n<div id=\"AdviadNativeVideo0\" class=\"AdviadNativeVideo\"><\/div>\n<p>Bildirilib ki, m\u0259lum fakta g\u00f6r\u0259 ba\u015flan\u0131lm\u0131\u015f cinay\u0259t i\u015fi \u00fczr\u0259 Ba\u015f Prokurorlu\u011fun v\u0259 Daxili \u0130\u015fl\u0259r Nazirliyinin pe\u015f\u0259kar m\u00fcst\u0259ntiql\u0259ri t\u0259r\u0259find\u0259n h\u0259yata ke\u00e7irilmi\u015f istintaq h\u0259r\u0259k\u0259tl\u0259ri, m\u00fct\u0259x\u0259ssisl\u0259rinin \u0259ld\u0259 etdiyi t\u0259kzibolunmaz s\u00fcbutlar v\u0259 \u018fdliyy\u0259 Nazirliyinin ixtisasl\u0131 \u0259m\u0259kda\u015flar\u0131n\u0131n apard\u0131\u011f\u0131 \u00e7oxsayl\u0131 ekspertizalarla hadis\u0259nin m\u0259hz s\u00fcr\u00fcc\u00fcn\u00fcn s\u0259hl\u0259nkarl\u0131\u011f\u0131 v\u0259 diqq\u0259tsizliyi s\u0259b\u0259bind\u0259n ba\u015f verdiyi t\u0259sdiql\u0259nmi\u015f, n\u0259tic\u0259l\u0259ri bar\u0259d\u0259 z\u0259r\u0259r\u00e7\u0259kmi\u015fin yax\u0131nlar\u0131 v\u0259 respublika ictimaiyy\u0259ti m\u0259lumatland\u0131r\u0131lm\u0131\u015fd\u0131r:<\/p>\n<p>\u201cDaxili \u0130\u015fl\u0259r Nazirliyinin v\u0259zif\u0259li \u015f\u0259xsl\u0259rinin h\u0259kiml\u0259rl\u0259 m\u00fct\u0259madi telefon \u0259laq\u0259si saxlamas\u0131 bar\u0259d\u0259 s\u0259sl\u0259ndiril\u0259n c\u0259f\u0259ng fikirl\u0259r\u0259 g\u0259ldikd\u0259 is\u0259 qeyd etm\u0259liyik ki, aidiyy\u0259ti \u0259m\u0259kda\u015flar\u0131m\u0131z istintaq prosesind\u0259 h\u0259kiml\u0259rl\u0259 d\u0259, ekspertl\u0259rl\u0259 d\u0259, \u015fahidl\u0259rl\u0259 d\u0259 \u0259laq\u0259 saxlaya bil\u0259r v\u0259 bu onlar\u0131n qanunla m\u00fc\u0259yy\u0259n edilmi\u015f konkret v\u0259zif\u0259 borcudur\u201d.<\/p>\n","protected":false},"excerpt":{"rendered":"<p>2019-cu il oktyabr\u0131n 29-da h\u00fcquq m\u00fcdafi\u0259\u00e7isi Oktay G\u00fclal\u0131yevin x\u0259sar\u0259t almas\u0131 il\u0259 n\u0259tic\u0259l\u0259n\u0259n yol-n\u0259qliyyat hadis\u0259sini t\u00f6r\u0259tmi\u015f s\u00fcr\u00fcc\u00fc m\u0259hk\u0259m\u0259nin h\u00f6km\u00fc il\u0259 2 il 3 ay azadl\u0131qdan m\u0259hrum edildikd\u0259n sonra f\u0259aliyy\u0259tl\u0259ri b\u00f6htan v\u0259 t\u0259xribat \u00fcz\u0259rind\u0259 qurulmu\u015f b\u0259zi \u015f\u0259xsl\u0259r sosial \u015f\u0259b\u0259k\u0259 hesablar\u0131nda m\u0259qs\u0259dli \u015f\u0259kild\u0259 m\u0259s\u0259l\u0259ni yenid\u0259n g\u00fcnd\u0259m\u0259 da\u015f\u0131ma\u011fa c\u0259hdl\u0259r edir, yalan iddialar ir\u0259li s\u00fcr\u00fcrl\u0259r. Bu bar\u0259d\u0259 D\u0130N-in a\u00e7\u0131qlamas\u0131nda deyilib. Bildirilib ki, m\u0259lum fakta g\u00f6r\u0259 ba\u015flan\u0131lm\u0131\u015f cinay\u0259t i\u015fi \u00fczr\u0259 Ba\u015f Prokurorlu\u011fun v\u0259 Daxili \u0130\u015fl\u0259r Nazirliyinin pe\u015f\u0259kar m\u00fcst\u0259ntiql\u0259ri t\u0259r\u0259find\u0259n h\u0259yata ke\u00e7irilmi\u015f istintaq h\u0259r\u0259k\u0259tl\u0259ri, m\u00fct\u0259x\u0259ssisl\u0259rinin \u0259ld\u0259 etdiyi t\u0259kzibolunmaz s\u00fcbutlar v\u0259 \u018fdliyy\u0259 Nazirliyinin ixtisasl\u0131 \u0259m\u0259kda\u015flar\u0131n\u0131n apard\u0131\u011f\u0131 \u00e7oxsayl\u0131 ekspertizalarla&hellip;<\/p>\n","protected":false},"author":2,"featured_media":281535,"comment_status":"closed","ping_status":"closed","sticky":false,"template":"","format":"standard","meta":{"om_disable_all_campaigns":false,"_monsterinsights_skip_tracking":false,"_monsterinsights_sitenote_active":false,"_monsterinsights_sitenote_note":"","_monsterinsights_sitenote_category":0},"categories":[5],"tags":[],"aioseo_notices":[],"gutentor_comment":0,"rttpg_featured_image_url":{"full":["https:\/\/arantv.az\/wp-content\/uploads\/2021\/01\/D\u00c4\u00b0N.jpg",620,413,false],"landscape":["https:\/\/arantv.az\/wp-content\/uploads\/2021\/01\/D\u00c4\u00b0N.jpg",620,413,false],"portraits":["https:\/\/arantv.az\/wp-content\/uploads\/2021\/01\/D\u00c4\u00b0N.jpg",620,413,false],"thumbnail":["https:\/\/arantv.az\/wp-content\/uploads\/2021\/01\/D\u00c4\u00b0N-150x150.jpg",150,150,true],"medium":["https:\/\/arantv.az\/wp-content\/uploads\/2021\/01\/D\u00c4\u00b0N-300x200.jpg",300,200,true],"large":["https:\/\/arantv.az\/wp-content\/uploads\/2021\/01\/D\u00c4\u00b0N.jpg",620,413,false],"1536x1536":["https:\/\/arantv.az\/wp-content\/uploads\/2021\/01\/D\u00c4\u00b0N.jpg",620,413,false],"2048x2048":["https:\/\/arantv.az\/wp-content\/uploads\/2021\/01\/D\u00c4\u00b0N.jpg",620,413,false],"post-thumbnail":["https:\/\/arantv.az\/wp-content\/uploads\/2021\/01\/D\u00c4\u00b0N-240x172.jpg",240,172,true],"advps-thumb-one":["https:\/\/arantv.az\/wp-content\/uploads\/2021\/01\/D\u00c4\u00b0N.jpg",620,413,false]},"rttpg_author":{"display_name":"V\u00fcsal Rafiqo\u011flu","author_link":"https:\/\/arantv.az\/?author=2"},"rttpg_comment":0,"rttpg_category":"<a href=\"https:\/\/arantv.az\/?cat=5\" rel=\"category\">Hadis\u0259<\/a>","rttpg_excerpt":"2019-cu il oktyabr\u0131n 29-da h\u00fcquq m\u00fcdafi\u0259\u00e7isi Oktay G\u00fclal\u0131yevin x\u0259sar\u0259t almas\u0131 il\u0259 n\u0259tic\u0259l\u0259n\u0259n yol-n\u0259qliyyat hadis\u0259sini t\u00f6r\u0259tmi\u015f s\u00fcr\u00fcc\u00fc m\u0259hk\u0259m\u0259nin h\u00f6km\u00fc il\u0259 2 il 3 ay azadl\u0131qdan m\u0259hrum edildikd\u0259n sonra f\u0259aliyy\u0259tl\u0259ri b\u00f6htan v\u0259 t\u0259xribat \u00fcz\u0259rind\u0259 qurulmu\u015f b\u0259zi \u015f\u0259xsl\u0259r sosial \u015f\u0259b\u0259k\u0259 hesablar\u0131nda m\u0259qs\u0259dli \u015f\u0259kild\u0259 m\u0259s\u0259l\u0259ni yenid\u0259n g\u00fcnd\u0259m\u0259 da\u015f\u0131ma\u011fa c\u0259hdl\u0259r edir, yalan iddialar ir\u0259li s\u00fcr\u00fcrl\u0259r. Bu bar\u0259d\u0259 D\u0130N-in a\u00e7\u0131qlamas\u0131nda deyilib.&hellip;","_links":{"self":[{"href":"https:\/\/arantv.az\/index.php?rest_route=\/wp\/v2\/posts\/281534"}],"collection":[{"href":"https:\/\/arantv.az\/index.php?rest_route=\/wp\/v2\/posts"}],"about":[{"href":"https:\/\/arantv.az\/index.php?rest_route=\/wp\/v2\/types\/post"}],"author":[{"embeddable":true,"href":"https:\/\/arantv.az\/index.php?rest_route=\/wp\/v2\/users\/2"}],"replies":[{"embeddable":true,"href":"https:\/\/arantv.az\/index.php?rest_route=%2Fwp%2Fv2%2Fcomments&post=281534"}],"version-history":[{"count":0,"href":"https:\/\/arantv.az\/index.php?rest_route=\/wp\/v2\/posts\/281534\/revisions"}],"wp:featuredmedia":[{"embeddable":true,"href":"https:\/\/arantv.az\/index.php?rest_route=\/wp\/v2\/media\/281535"}],"wp:attachment":[{"href":"https:\/\/arantv.az\/index.php?rest_route=%2Fwp%2Fv2%2Fmedia&parent=281534"}],"wp:term":[{"taxonomy":"category","embeddable":true,"href":"https:\/\/arantv.az\/index.php?rest_route=%2Fwp%2Fv2%2Fcategories&post=281534"},{"taxonomy":"post_tag","embeddable":true,"href":"https:\/\/arantv.az\/index.php?rest_route=%2Fwp%2Fv2%2Ftags&post=281534"}],"curies":[{"name":"wp","href":"https:\/\/api.w.org\/{rel}","templated":true}]}}