{"id":281550,"date":"2021-01-28T19:50:13","date_gmt":"2021-01-28T16:50:13","guid":{"rendered":"http:\/\/arantv.az\/?p=281550"},"modified":"2021-01-28T19:50:13","modified_gmt":"2021-01-28T16:50:13","slug":"h%c9%99rbi-d%c9%99niz-quvv%c9%99l%c9%99rinin-numay%c9%99nd%c9%99-hey%c9%99ti-turkiy%c9%99d%c9%99-s%c9%99f%c9%99rd%c9%99-olub-foto","status":"publish","type":"post","link":"https:\/\/arantv.az\/?p=281550","title":{"rendered":"H\u0259rbi D\u0259niz Q\u00fcvv\u0259l\u0259rinin n\u00fcmay\u0259nd\u0259 hey\u0259ti T\u00fcrkiy\u0259d\u0259 s\u0259f\u0259rd\u0259 olub &#8211; FOTO"},"content":{"rendered":"<p>Az\u0259rbaycan H\u0259rbi D\u0259niz Q\u00fcvv\u0259l\u0259rinin n\u00fcmay\u0259nd\u0259 hey\u0259ti \u201cAz\u0259rbaycan-T\u00fcrkiy\u0259 H\u0259rbi D\u0259niz Q\u00fcvv\u0259l\u0259ri aras\u0131nda 8-ci Q\u0259rargah dan\u0131\u015f\u0131qlar\u0131\u201d toplant\u0131s\u0131nda i\u015ftirak etm\u0259k m\u0259qs\u0259dil\u0259 Ankara \u015f\u0259h\u0259rin\u0259 s\u0259f\u0259r edib.<\/p>\n<p>Bu bar\u0259d\u0259 M\u00fcdafi\u0259 Nazirliyi m\u0259lumat yay\u0131b.<\/p>\n<div id=\"AdviadNativeVideo0\" class=\"AdviadNativeVideo\"><\/div>\n<p>Bildirilib ki, g\u00f6r\u00fc\u015fd\u0259 iki \u00f6lk\u0259nin h\u0259rbi d\u0259niz q\u00fcvv\u0259l\u0259ri aras\u0131nda \u0259m\u0259kda\u015fl\u0131q m\u0259s\u0259l\u0259l\u0259ri m\u00fczakir\u0259 olunub, qar\u015f\u0131l\u0131ql\u0131 t\u0259cr\u00fcb\u0259 m\u00fcbadil\u0259sinin \u0259h\u0259miyy\u0259ti vur\u011fulan\u0131b v\u0259 m\u00fcxt\u0259lif m\u0259s\u0259l\u0259l\u0259r \u00fczr\u0259 fikir m\u00fcbadil\u0259si apar\u0131l\u0131b.<\/p>\n<p>S\u0259f\u0259r zaman\u0131 n\u00fcmay\u0259nd\u0259 hey\u0259ti T\u00fcrkiy\u0259 Respublikas\u0131n\u0131n banisi Mustafa Kamal Atat\u00fcrk\u00fcn d\u0259fn olundu\u011fu m\u0259qb\u0259r\u0259ni \u2013 An\u0131tq\u0259biri ziyar\u0259t edib, m\u0259zar\u0131 \u00f6n\u00fcn\u0259 \u0259klil qoyub v\u0259 xatir\u0259sini ehtiramla yad edib.<\/p>\n<div class=\"gallery\">\n<div class=\"gallery-i\"><img src=\"https:\/\/cdn.oxu.az\/uploads\/W1siZiIsIjIwMjEvMDEvMjgvMTgvMjUvMDUvYTI1YjUzMTItMTRiNi00ZDEzLTk3MDEtM2NjMDVkZjUyOGE1LzYuanBnIl0sWyJwIiwiZW5jb2RlIiwianBnIiwiLXF1YWxpdHkgODAiXSxbInAiLCJ0aHVtYiIsIjU5MHg1OTBcdTAwM2UiXV0?sha=233ea5900547f9e7\" alt=\"\" \/><\/p>\n<div class=\"gallery-i-caption\"><\/div>\n<\/div>\n<div class=\"gallery-i\"><img src=\"https:\/\/cdn.oxu.az\/uploads\/W1siZiIsIjIwMjEvMDEvMjgvMTgvMjUvMDUvMWEyZjgwOWQtOTg4ZS00ZGZkLThlYzYtZDc5MDg5N2QwZWEyLzUuanBnIl0sWyJwIiwiZW5jb2RlIiwianBnIiwiLXF1YWxpdHkgODAiXSxbInAiLCJ0aHVtYiIsIjU5MHg1OTBcdTAwM2UiXV0?sha=89e674b1d3feb3b7\" alt=\"\" \/><\/p>\n<div class=\"gallery-i-caption\"><\/div>\n<\/div>\n<div class=\"gallery-i\"><img src=\"https:\/\/cdn.oxu.az\/uploads\/W1siZiIsIjIwMjEvMDEvMjgvMTgvMjUvMDUvZTJmZmUwNmItMmZkZC00MmU3LTk0MTItNmVjMTliMzM0ODE3LzQuanBnIl0sWyJwIiwiZW5jb2RlIiwianBnIiwiLXF1YWxpdHkgODAiXSxbInAiLCJ0aHVtYiIsIjU5MHg1OTBcdTAwM2UiXV0?sha=0488b77993dd7710\" alt=\"\" \/><\/p>\n<div class=\"gallery-i-caption\"><\/div>\n<\/div>\n<div class=\"gallery-i\"><img src=\"https:\/\/cdn.oxu.az\/uploads\/W1siZiIsIjIwMjEvMDEvMjgvMTgvMjUvMDUvMWNhYmIwN2ItM2YzNi00MTJjLTg4MDYtZTUzODg5ODZlY2ZjLzMuanBnIl0sWyJwIiwiZW5jb2RlIiwianBnIiwiLXF1YWxpdHkgODAiXSxbInAiLCJ0aHVtYiIsIjU5MHg1OTBcdTAwM2UiXV0?sha=86eaacc36b63872d\" alt=\"\" \/><\/p>\n<div class=\"gallery-i-caption\"><\/div>\n<\/div>\n<div class=\"gallery-i\"><img src=\"https:\/\/cdn.oxu.az\/uploads\/W1siZiIsIjIwMjEvMDEvMjgvMTgvMjUvMDUvZTVkMDE0MTctYTMxOC00Y2FlLThhZjUtMTFhODY2OTIxZjhkLzIuanBnIl0sWyJwIiwiZW5jb2RlIiwianBnIiwiLXF1YWxpdHkgODAiXSxbInAiLCJ0aHVtYiIsIjU5MHg1OTBcdTAwM2UiXV0?sha=a15175fe4c5f2334\" alt=\"\" \/><\/div>\n<\/div>\n","protected":false},"excerpt":{"rendered":"<p>Az\u0259rbaycan H\u0259rbi D\u0259niz Q\u00fcvv\u0259l\u0259rinin n\u00fcmay\u0259nd\u0259 hey\u0259ti \u201cAz\u0259rbaycan-T\u00fcrkiy\u0259 H\u0259rbi D\u0259niz Q\u00fcvv\u0259l\u0259ri aras\u0131nda 8-ci Q\u0259rargah dan\u0131\u015f\u0131qlar\u0131\u201d toplant\u0131s\u0131nda i\u015ftirak etm\u0259k m\u0259qs\u0259dil\u0259 Ankara \u015f\u0259h\u0259rin\u0259 s\u0259f\u0259r edib. Bu bar\u0259d\u0259 M\u00fcdafi\u0259 Nazirliyi m\u0259lumat yay\u0131b. Bildirilib ki, g\u00f6r\u00fc\u015fd\u0259 iki \u00f6lk\u0259nin h\u0259rbi d\u0259niz q\u00fcvv\u0259l\u0259ri aras\u0131nda \u0259m\u0259kda\u015fl\u0131q m\u0259s\u0259l\u0259l\u0259ri m\u00fczakir\u0259 olunub, qar\u015f\u0131l\u0131ql\u0131 t\u0259cr\u00fcb\u0259 m\u00fcbadil\u0259sinin \u0259h\u0259miyy\u0259ti vur\u011fulan\u0131b v\u0259 m\u00fcxt\u0259lif m\u0259s\u0259l\u0259l\u0259r \u00fczr\u0259 fikir m\u00fcbadil\u0259si apar\u0131l\u0131b. S\u0259f\u0259r zaman\u0131 n\u00fcmay\u0259nd\u0259 hey\u0259ti T\u00fcrkiy\u0259 Respublikas\u0131n\u0131n banisi Mustafa Kamal Atat\u00fcrk\u00fcn d\u0259fn olundu\u011fu m\u0259qb\u0259r\u0259ni \u2013 An\u0131tq\u0259biri ziyar\u0259t edib, m\u0259zar\u0131 \u00f6n\u00fcn\u0259 \u0259klil qoyub v\u0259 xatir\u0259sini ehtiramla yad edib.<\/p>\n","protected":false},"author":2,"featured_media":281551,"comment_status":"closed","ping_status":"closed","sticky":false,"template":"","format":"standard","meta":{"om_disable_all_campaigns":false,"_monsterinsights_skip_tracking":false,"_monsterinsights_sitenote_active":false,"_monsterinsights_sitenote_note":"","_monsterinsights_sitenote_category":0},"categories":[26],"tags":[],"aioseo_notices":[],"gutentor_comment":0,"rttpg_featured_image_url":{"full":["https:\/\/arantv.az\/wp-content\/uploads\/2021\/01\/esas-1.jpg",620,419,false],"landscape":["https:\/\/arantv.az\/wp-content\/uploads\/2021\/01\/esas-1.jpg",620,419,false],"portraits":["https:\/\/arantv.az\/wp-content\/uploads\/2021\/01\/esas-1.jpg",620,419,false],"thumbnail":["https:\/\/arantv.az\/wp-content\/uploads\/2021\/01\/esas-1-150x150.jpg",150,150,true],"medium":["https:\/\/arantv.az\/wp-content\/uploads\/2021\/01\/esas-1-300x203.jpg",300,203,true],"large":["https:\/\/arantv.az\/wp-content\/uploads\/2021\/01\/esas-1.jpg",620,419,false],"1536x1536":["https:\/\/arantv.az\/wp-content\/uploads\/2021\/01\/esas-1.jpg",620,419,false],"2048x2048":["https:\/\/arantv.az\/wp-content\/uploads\/2021\/01\/esas-1.jpg",620,419,false],"post-thumbnail":["https:\/\/arantv.az\/wp-content\/uploads\/2021\/01\/esas-1-240x172.jpg",240,172,true],"advps-thumb-one":["https:\/\/arantv.az\/wp-content\/uploads\/2021\/01\/esas-1.jpg",620,419,false]},"rttpg_author":{"display_name":"V\u00fcsal Rafiqo\u011flu","author_link":"https:\/\/arantv.az\/?author=2"},"rttpg_comment":0,"rttpg_category":"<a href=\"https:\/\/arantv.az\/?cat=26\" rel=\"category\">Sosial<\/a>","rttpg_excerpt":"Az\u0259rbaycan H\u0259rbi D\u0259niz Q\u00fcvv\u0259l\u0259rinin n\u00fcmay\u0259nd\u0259 hey\u0259ti \u201cAz\u0259rbaycan-T\u00fcrkiy\u0259 H\u0259rbi D\u0259niz Q\u00fcvv\u0259l\u0259ri aras\u0131nda 8-ci Q\u0259rargah dan\u0131\u015f\u0131qlar\u0131\u201d toplant\u0131s\u0131nda i\u015ftirak etm\u0259k m\u0259qs\u0259dil\u0259 Ankara \u015f\u0259h\u0259rin\u0259 s\u0259f\u0259r edib. Bu bar\u0259d\u0259 M\u00fcdafi\u0259 Nazirliyi m\u0259lumat yay\u0131b. Bildirilib ki, g\u00f6r\u00fc\u015fd\u0259 iki \u00f6lk\u0259nin h\u0259rbi d\u0259niz q\u00fcvv\u0259l\u0259ri aras\u0131nda \u0259m\u0259kda\u015fl\u0131q m\u0259s\u0259l\u0259l\u0259ri m\u00fczakir\u0259 olunub, qar\u015f\u0131l\u0131ql\u0131 t\u0259cr\u00fcb\u0259 m\u00fcbadil\u0259sinin \u0259h\u0259miyy\u0259ti vur\u011fulan\u0131b v\u0259 m\u00fcxt\u0259lif m\u0259s\u0259l\u0259l\u0259r \u00fczr\u0259 fikir m\u00fcbadil\u0259si apar\u0131l\u0131b. S\u0259f\u0259r zaman\u0131&hellip;","_links":{"self":[{"href":"https:\/\/arantv.az\/index.php?rest_route=\/wp\/v2\/posts\/281550"}],"collection":[{"href":"https:\/\/arantv.az\/index.php?rest_route=\/wp\/v2\/posts"}],"about":[{"href":"https:\/\/arantv.az\/index.php?rest_route=\/wp\/v2\/types\/post"}],"author":[{"embeddable":true,"href":"https:\/\/arantv.az\/index.php?rest_route=\/wp\/v2\/users\/2"}],"replies":[{"embeddable":true,"href":"https:\/\/arantv.az\/index.php?rest_route=%2Fwp%2Fv2%2Fcomments&post=281550"}],"version-history":[{"count":0,"href":"https:\/\/arantv.az\/index.php?rest_route=\/wp\/v2\/posts\/281550\/revisions"}],"wp:featuredmedia":[{"embeddable":true,"href":"https:\/\/arantv.az\/index.php?rest_route=\/wp\/v2\/media\/281551"}],"wp:attachment":[{"href":"https:\/\/arantv.az\/index.php?rest_route=%2Fwp%2Fv2%2Fmedia&parent=281550"}],"wp:term":[{"taxonomy":"category","embeddable":true,"href":"https:\/\/arantv.az\/index.php?rest_route=%2Fwp%2Fv2%2Fcategories&post=281550"},{"taxonomy":"post_tag","embeddable":true,"href":"https:\/\/arantv.az\/index.php?rest_route=%2Fwp%2Fv2%2Ftags&post=281550"}],"curies":[{"name":"wp","href":"https:\/\/api.w.org\/{rel}","templated":true}]}}