{"id":281559,"date":"2021-01-28T19:51:43","date_gmt":"2021-01-28T16:51:43","guid":{"rendered":"http:\/\/arantv.az\/?p=281559"},"modified":"2021-01-28T19:51:43","modified_gmt":"2021-01-28T16:51:43","slug":"protokol-t%c9%99rtib-ed%c9%99n-v%c9%99zif%c9%99li-s%c9%99xsl%c9%99rin-siyahisina-%c9%99lav%c9%99l%c9%99r-edildi","status":"publish","type":"post","link":"https:\/\/arantv.az\/?p=281559","title":{"rendered":"Protokol t\u0259rtib ed\u0259n v\u0259zif\u0259li \u015f\u0259xsl\u0259rin siyah\u0131s\u0131na \u0259lav\u0259l\u0259r edildi"},"content":{"rendered":"<p>Rayon (\u015f\u0259h\u0259r) m\u0259hk\u0259m\u0259l\u0259rinin baxd\u0131\u011f\u0131 inzibati x\u0259talar haqq\u0131nda i\u015fl\u0259r \u00fczr\u0259 protokol t\u0259rtib etm\u0259k s\u0259lahiyy\u0259ti olan v\u0259zif\u0259li \u015f\u0259xsl\u0259rin siyah\u0131s\u0131na \u0259lav\u0259l\u0259r edilib.<\/p>\n<p>Bununla ba\u011fl\u0131 Prezident \u0130lham \u018fliyev m\u00fcvafiq f\u0259rman<a href=\"https:\/\/azertag.az\/xeber\/Azerbaycan_Respublikasi_Prezidentinin_2017_ci_il_3_may_tarixli_1361_nomreli_Fermani_ile_tesdiq_edilmis_Rayon_seher_mehkemelerinin_baxdigi_inzibati_xetalar_haqqinda_isler_uzre_protokol_tertib_etmek_selahiyyeti_olan_vezifeli_sexslerin_Siyahisinda_deyisiklik_edilmesi_barede__Azerbaycan_Respublikasi_Prezidentinin_Fermani-1699273\" target=\"_blank\" rel=\"noopener\">\u00a0imzalay\u0131b<\/a>.<\/p>\n<p>F\u0259rman Az\u0259rbaycan Qida T\u0259hl\u00fck\u0259sizliyi Agentliyinin v\u0259zif\u0259li \u015f\u0259xsl\u0259ri t\u0259r\u0259find\u0259n t\u0259rtib olunan protokollarla \u0259laq\u0259dard\u0131r.<\/p>\n<div id=\"AdviadNativeVideo0\" class=\"AdviadNativeVideo\"><\/div>\n<p>S\u0259n\u0259din \u0259vv\u0259lki variant\u0131na \u0259sas\u0259n, \u0130nzibati X\u0259talar M\u0259c\u0259ll\u0259sinin 221.8-ci madd\u0259sind\u0259 n\u0259z\u0259rd\u0259 tutulmu\u015f inzibati x\u0259talar haqq\u0131nda i\u015fl\u0259r \u00fczr\u0259 protokol Qida T\u0259hl\u00fck\u0259sizliyi Agentliyi ad\u0131ndan \u2013 Agentliyin s\u0259dri, onun m\u00fcavinl\u0259ri, Aparat\u0131n r\u0259hb\u0259ri, onun m\u00fcavini, \u015f\u00f6b\u0259 m\u00fcdiri, onun m\u00fcavini, sektor m\u00fcdiri, ba\u015f m\u0259sl\u0259h\u0259t\u00e7i, b\u00f6y\u00fck m\u0259sl\u0259h\u0259t\u00e7i, apar\u0131c\u0131 m\u0259sl\u0259h\u0259t\u00e7i, m\u0259sl\u0259h\u0259t\u00e7i, regional b\u00f6lm\u0259l\u0259rin r\u0259hb\u0259rl\u0259ri h\u0259yata ke\u00e7irir.<\/p>\n<p>F\u0259rmanla \u201cb\u00f6lm\u0259l\u0259rin r\u0259hb\u0259rl\u0259ri\u201d s\u00f6zl\u0259ri \u201cb\u00f6lm\u0259nin r\u0259hb\u0259ri, onun m\u00fcavini, sektor m\u00fcdiri, ba\u015f m\u0259sl\u0259h\u0259t\u00e7i, b\u00f6y\u00fck m\u0259sl\u0259h\u0259t\u00e7i, apar\u0131c\u0131 m\u0259sl\u0259h\u0259t\u00e7i, m\u0259sl\u0259h\u0259t\u00e7i\u201d s\u00f6zl\u0259ri il\u0259 \u0259v\u0259zl\u0259nib.<\/p>\n","protected":false},"excerpt":{"rendered":"<p>Rayon (\u015f\u0259h\u0259r) m\u0259hk\u0259m\u0259l\u0259rinin baxd\u0131\u011f\u0131 inzibati x\u0259talar haqq\u0131nda i\u015fl\u0259r \u00fczr\u0259 protokol t\u0259rtib etm\u0259k s\u0259lahiyy\u0259ti olan v\u0259zif\u0259li \u015f\u0259xsl\u0259rin siyah\u0131s\u0131na \u0259lav\u0259l\u0259r edilib. Bununla ba\u011fl\u0131 Prezident \u0130lham \u018fliyev m\u00fcvafiq f\u0259rman\u00a0imzalay\u0131b. F\u0259rman Az\u0259rbaycan Qida T\u0259hl\u00fck\u0259sizliyi Agentliyinin v\u0259zif\u0259li \u015f\u0259xsl\u0259ri t\u0259r\u0259find\u0259n t\u0259rtib olunan protokollarla \u0259laq\u0259dard\u0131r. S\u0259n\u0259din \u0259vv\u0259lki variant\u0131na \u0259sas\u0259n, \u0130nzibati X\u0259talar M\u0259c\u0259ll\u0259sinin 221.8-ci madd\u0259sind\u0259 n\u0259z\u0259rd\u0259 tutulmu\u015f inzibati x\u0259talar haqq\u0131nda i\u015fl\u0259r \u00fczr\u0259 protokol Qida T\u0259hl\u00fck\u0259sizliyi Agentliyi ad\u0131ndan \u2013 Agentliyin s\u0259dri, onun m\u00fcavinl\u0259ri, Aparat\u0131n r\u0259hb\u0259ri, onun m\u00fcavini, \u015f\u00f6b\u0259 m\u00fcdiri, onun m\u00fcavini, sektor m\u00fcdiri, ba\u015f m\u0259sl\u0259h\u0259t\u00e7i, b\u00f6y\u00fck m\u0259sl\u0259h\u0259t\u00e7i, apar\u0131c\u0131 m\u0259sl\u0259h\u0259t\u00e7i, m\u0259sl\u0259h\u0259t\u00e7i, regional b\u00f6lm\u0259l\u0259rin r\u0259hb\u0259rl\u0259ri h\u0259yata ke\u00e7irir. F\u0259rmanla \u201cb\u00f6lm\u0259l\u0259rin r\u0259hb\u0259rl\u0259ri\u201d s\u00f6zl\u0259ri&hellip;<\/p>\n","protected":false},"author":2,"featured_media":281560,"comment_status":"closed","ping_status":"closed","sticky":false,"template":"","format":"standard","meta":{"om_disable_all_campaigns":false,"_monsterinsights_skip_tracking":false,"_monsterinsights_sitenote_active":false,"_monsterinsights_sitenote_note":"","_monsterinsights_sitenote_category":0},"categories":[4],"tags":[],"aioseo_notices":[],"gutentor_comment":0,"rttpg_featured_image_url":{"full":["https:\/\/arantv.az\/wp-content\/uploads\/2021\/01\/1609411001091_BUEoWYbr.jpg",620,413,false],"landscape":["https:\/\/arantv.az\/wp-content\/uploads\/2021\/01\/1609411001091_BUEoWYbr.jpg",620,413,false],"portraits":["https:\/\/arantv.az\/wp-content\/uploads\/2021\/01\/1609411001091_BUEoWYbr.jpg",620,413,false],"thumbnail":["https:\/\/arantv.az\/wp-content\/uploads\/2021\/01\/1609411001091_BUEoWYbr-150x150.jpg",150,150,true],"medium":["https:\/\/arantv.az\/wp-content\/uploads\/2021\/01\/1609411001091_BUEoWYbr-300x200.jpg",300,200,true],"large":["https:\/\/arantv.az\/wp-content\/uploads\/2021\/01\/1609411001091_BUEoWYbr.jpg",620,413,false],"1536x1536":["https:\/\/arantv.az\/wp-content\/uploads\/2021\/01\/1609411001091_BUEoWYbr.jpg",620,413,false],"2048x2048":["https:\/\/arantv.az\/wp-content\/uploads\/2021\/01\/1609411001091_BUEoWYbr.jpg",620,413,false],"post-thumbnail":["https:\/\/arantv.az\/wp-content\/uploads\/2021\/01\/1609411001091_BUEoWYbr-240x172.jpg",240,172,true],"advps-thumb-one":["https:\/\/arantv.az\/wp-content\/uploads\/2021\/01\/1609411001091_BUEoWYbr.jpg",620,413,false]},"rttpg_author":{"display_name":"V\u00fcsal Rafiqo\u011flu","author_link":"https:\/\/arantv.az\/?author=2"},"rttpg_comment":0,"rttpg_category":"<a href=\"https:\/\/arantv.az\/?cat=4\" rel=\"category\">Siyas\u0259t<\/a>","rttpg_excerpt":"Rayon (\u015f\u0259h\u0259r) m\u0259hk\u0259m\u0259l\u0259rinin baxd\u0131\u011f\u0131 inzibati x\u0259talar haqq\u0131nda i\u015fl\u0259r \u00fczr\u0259 protokol t\u0259rtib etm\u0259k s\u0259lahiyy\u0259ti olan v\u0259zif\u0259li \u015f\u0259xsl\u0259rin siyah\u0131s\u0131na \u0259lav\u0259l\u0259r edilib. Bununla ba\u011fl\u0131 Prezident \u0130lham \u018fliyev m\u00fcvafiq f\u0259rman\u00a0imzalay\u0131b. F\u0259rman Az\u0259rbaycan Qida T\u0259hl\u00fck\u0259sizliyi Agentliyinin v\u0259zif\u0259li \u015f\u0259xsl\u0259ri t\u0259r\u0259find\u0259n t\u0259rtib olunan protokollarla \u0259laq\u0259dard\u0131r. S\u0259n\u0259din \u0259vv\u0259lki variant\u0131na \u0259sas\u0259n, \u0130nzibati X\u0259talar M\u0259c\u0259ll\u0259sinin 221.8-ci madd\u0259sind\u0259 n\u0259z\u0259rd\u0259 tutulmu\u015f inzibati x\u0259talar haqq\u0131nda i\u015fl\u0259r \u00fczr\u0259 protokol&hellip;","_links":{"self":[{"href":"https:\/\/arantv.az\/index.php?rest_route=\/wp\/v2\/posts\/281559"}],"collection":[{"href":"https:\/\/arantv.az\/index.php?rest_route=\/wp\/v2\/posts"}],"about":[{"href":"https:\/\/arantv.az\/index.php?rest_route=\/wp\/v2\/types\/post"}],"author":[{"embeddable":true,"href":"https:\/\/arantv.az\/index.php?rest_route=\/wp\/v2\/users\/2"}],"replies":[{"embeddable":true,"href":"https:\/\/arantv.az\/index.php?rest_route=%2Fwp%2Fv2%2Fcomments&post=281559"}],"version-history":[{"count":0,"href":"https:\/\/arantv.az\/index.php?rest_route=\/wp\/v2\/posts\/281559\/revisions"}],"wp:featuredmedia":[{"embeddable":true,"href":"https:\/\/arantv.az\/index.php?rest_route=\/wp\/v2\/media\/281560"}],"wp:attachment":[{"href":"https:\/\/arantv.az\/index.php?rest_route=%2Fwp%2Fv2%2Fmedia&parent=281559"}],"wp:term":[{"taxonomy":"category","embeddable":true,"href":"https:\/\/arantv.az\/index.php?rest_route=%2Fwp%2Fv2%2Fcategories&post=281559"},{"taxonomy":"post_tag","embeddable":true,"href":"https:\/\/arantv.az\/index.php?rest_route=%2Fwp%2Fv2%2Ftags&post=281559"}],"curies":[{"name":"wp","href":"https:\/\/api.w.org\/{rel}","templated":true}]}}