{"id":281563,"date":"2021-01-28T19:52:32","date_gmt":"2021-01-28T16:52:32","guid":{"rendered":"http:\/\/arantv.az\/?p=281563"},"modified":"2021-01-28T19:52:32","modified_gmt":"2021-01-28T16:52:32","slug":"mehriban-%c9%99liyeva-xirdalanda-bas-ver%c9%99n-partlayisla-bagli-m%c9%99s%c9%99l%c9%99ni-n%c9%99zar%c9%99t%c9%99-goturdu-foto","status":"publish","type":"post","link":"https:\/\/arantv.az\/?p=281563","title":{"rendered":"Mehriban \u018fliyeva X\u0131rdalanda ba\u015f ver\u0259n partlay\u0131\u015fla ba\u011fl\u0131 m\u0259s\u0259l\u0259ni n\u0259zar\u0259t\u0259 g\u00f6t\u00fcrd\u00fc &#8211; FOTO"},"content":{"rendered":"<p>Ab\u015feron Rayon \u0130cra Hakimiyy\u0259tind\u0259 yanvar\u0131n 25-d\u0259 X\u0131rdalan \u015f\u0259h\u0259rinin 27-ci m\u0259h\u0259ll\u0259sind\u0259 ba\u015f vermi\u015f partlay\u0131\u015f n\u0259tic\u0259sind\u0259 yarars\u0131z v\u0259ziyy\u0259t\u0259 d\u00fc\u015fm\u00fc\u015f 1B sayl\u0131 binan\u0131n sakinl\u0259ri il\u0259 g\u00f6r\u00fc\u015f ke\u00e7irilib.<\/p>\n<p>Ab\u015feron Rayon \u0130cra Hakimiyy\u0259ti M\u0259tbuat xidm\u0259tinin r\u0259hb\u0259ri Seymur Qas\u0131mov\u00a0Oxu.Az-\u0131n sor\u011fusuna cavab olaraq bildirib ki, g\u00f6r\u00fc\u015fd\u0259 R\u0130H ba\u015f\u00e7\u0131s\u0131 \u0130rad\u0259 G\u00fclm\u0259mm\u0259dova v\u0259 Prezident Administrasiyas\u0131n\u0131n m\u0259sul i\u015f\u00e7isi Habil \u018fzm\u0259mm\u0259dov i\u015ftirak edib.<\/p>\n<p>\u0130.G\u00fclm\u0259mm\u0259dova qeyd edib ki, m\u0259s\u0259l\u0259 Az\u0259rbaycan\u0131n Birinci vitse-prezidenti Mehriban \u018fliyevan\u0131n n\u0259zar\u0259tind\u0259dir:<\/p>\n<div id=\"AdviadNativeVideo0\" class=\"AdviadNativeVideo\"><\/div>\n<p>Z\u0259r\u0259r g\u00f6rm\u00fc\u015f 41 ail\u0259nin kiray\u0259 evl\u0259rl\u0259 t\u0259min edildiyini dey\u0259n \u0130.G\u00fclm\u0259mm\u0259dova vur\u011fulay\u0131b ki, haz\u0131rda F\u00f6vq\u0259lad\u0259 Hallar Nazirliyinin \u0259m\u0259kda\u015flar\u0131 t\u0259r\u0259find\u0259n d\u0259ymi\u015f ziyan v\u0259 binan\u0131n dayan\u0131ql\u0131\u011f\u0131 il\u0259 ba\u011fl\u0131 ara\u015fd\u0131rma apar\u0131l\u0131r.<\/p>\n<p>Z\u0259r\u0259r d\u0259ymi\u015f m\u0259nzill\u0259r\u0259 bax\u0131\u015f ke\u00e7irildiyini, m\u00fcvafiq aktlar\u0131n t\u0259rtib edildiyini dey\u0259n \u0130. G\u00fclm\u0259mm\u0259dovan\u0131n s\u00f6zl\u0259rin\u0259 g\u00f6r\u0259, ara\u015fd\u0131rma n\u0259tic\u0259sind\u0259 m\u00fcvafiq q\u0259rar veril\u0259c\u0259k.<\/p>\n<p>Prezident Administrasiyas\u0131n\u0131n m\u0259sul i\u015f\u00e7isi Habil \u018fzm\u0259mm\u0259dov da m\u0259s\u0259l\u0259nin d\u00f6vl\u0259tin diqq\u0259tind\u0259 oldu\u011funu qeyd ed\u0259r\u0259k deyib ki, z\u0259r\u0259r g\u00f6rm\u00fc\u015f sakinl\u0259rin kiray\u0259 evl\u0259rd\u0259 yerl\u0259\u015fdirilm\u0259si birinci n\u00f6vb\u0259d\u0259 g\u00f6r\u00fclm\u0259si vacib olan m\u0259qamd\u0131r:<\/p>\n<p>\u201cQ\u0131\u015f f\u0259sli olmas\u0131 v\u0259 havalar\u0131n soyuq ke\u00e7m\u0259si s\u0259b\u0259bind\u0259n sakinl\u0259r d\u0259rhal normal \u015f\u0259raitli kiray\u0259 m\u0259nzill\u0259rl\u0259 t\u0259min edilib\u201d.<\/p>\n<p>O qeyd edib ki, FHN-nin ver\u0259c\u0259yi q\u0259rardan as\u0131l\u0131 olaraq, apar\u0131lacaq t\u0259mir i\u015fl\u0259ri d\u0259 sur\u0259tli \u015f\u0259kild\u0259 h\u0259yata ke\u00e7iril\u0259c\u0259k.<\/p>\n<div class=\"gallery\">\n<div class=\"gallery-i\"><img src=\"https:\/\/cdn.oxu.az\/uploads\/W1siZiIsIjIwMjEvMDEvMjgvMTcvNTQvMzEvNDE5MDE0NzEtOTk2My00MTlkLTllNWQtMGU2NjEwYjk1MjZmL3p2enYuanBnIl0sWyJwIiwiZW5jb2RlIiwianBnIiwiLXF1YWxpdHkgODAiXSxbInAiLCJ0aHVtYiIsIjU5MHg1OTBcdTAwM2UiXV0?sha=bf41a5e6d8927bec\" alt=\"\" \/><\/p>\n<div class=\"gallery-i-caption\"><\/div>\n<\/div>\n<div class=\"gallery-i\"><img src=\"https:\/\/cdn.oxu.az\/uploads\/W1siZiIsIjIwMjEvMDEvMjgvMTcvNTQvMzEvM2U2MjI1NDEtMGU2ZS00MDIyLWEwNmEtYjk4Y2IzYmRlOTdkL2N6eGMuanBnIl0sWyJwIiwiZW5jb2RlIiwianBnIiwiLXF1YWxpdHkgODAiXSxbInAiLCJ0aHVtYiIsIjU5MHg1OTBcdTAwM2UiXV0?sha=01f31bab3f2a010a\" alt=\"\" \/><\/p>\n<div class=\"gallery-i-caption\"><\/div>\n<\/div>\n<div class=\"gallery-i\"><img src=\"https:\/\/cdn.oxu.az\/uploads\/W1siZiIsIjIwMjEvMDEvMjgvMTcvNTQvMzIvZmIwZmVjNjItZmU5Yy00ZmFiLWI4NzEtODE2MTc2ZDIzMTZlL3h4LmpwZyJdLFsicCIsImVuY29kZSIsImpwZyIsIi1xdWFsaXR5IDgwIl0sWyJwIiwidGh1bWIiLCI1OTB4NTkwXHUwMDNlIl1d?sha=5586aae39c3df515\" alt=\"\" \/><\/p>\n<div class=\"gallery-i-caption\"><\/div>\n<\/div>\n<div class=\"gallery-i\"><img src=\"https:\/\/cdn.oxu.az\/uploads\/W1siZiIsIjIwMjEvMDEvMjgvMTcvNTQvMzIvYzZlNDIxMjktZjYyYi00MzQ5LWFhOTUtM2NhNGY0ZjQ1N2ZhL2lyYWRlLmpwZyJdLFsicCIsImVuY29kZSIsImpwZyIsIi1xdWFsaXR5IDgwIl0sWyJwIiwidGh1bWIiLCI1OTB4NTkwXHUwMDNlIl1d?sha=f54fc83f897090cb\" alt=\"\" \/><\/div>\n<\/div>\n","protected":false},"excerpt":{"rendered":"<p>Ab\u015feron Rayon \u0130cra Hakimiyy\u0259tind\u0259 yanvar\u0131n 25-d\u0259 X\u0131rdalan \u015f\u0259h\u0259rinin 27-ci m\u0259h\u0259ll\u0259sind\u0259 ba\u015f vermi\u015f partlay\u0131\u015f n\u0259tic\u0259sind\u0259 yarars\u0131z v\u0259ziyy\u0259t\u0259 d\u00fc\u015fm\u00fc\u015f 1B sayl\u0131 binan\u0131n sakinl\u0259ri il\u0259 g\u00f6r\u00fc\u015f ke\u00e7irilib. Ab\u015feron Rayon \u0130cra Hakimiyy\u0259ti M\u0259tbuat xidm\u0259tinin r\u0259hb\u0259ri Seymur Qas\u0131mov\u00a0Oxu.Az-\u0131n sor\u011fusuna cavab olaraq bildirib ki, g\u00f6r\u00fc\u015fd\u0259 R\u0130H ba\u015f\u00e7\u0131s\u0131 \u0130rad\u0259 G\u00fclm\u0259mm\u0259dova v\u0259 Prezident Administrasiyas\u0131n\u0131n m\u0259sul i\u015f\u00e7isi Habil \u018fzm\u0259mm\u0259dov i\u015ftirak edib. \u0130.G\u00fclm\u0259mm\u0259dova qeyd edib ki, m\u0259s\u0259l\u0259 Az\u0259rbaycan\u0131n Birinci vitse-prezidenti Mehriban \u018fliyevan\u0131n n\u0259zar\u0259tind\u0259dir: Z\u0259r\u0259r g\u00f6rm\u00fc\u015f 41 ail\u0259nin kiray\u0259 evl\u0259rl\u0259 t\u0259min edildiyini dey\u0259n \u0130.G\u00fclm\u0259mm\u0259dova vur\u011fulay\u0131b ki, haz\u0131rda F\u00f6vq\u0259lad\u0259 Hallar Nazirliyinin \u0259m\u0259kda\u015flar\u0131 t\u0259r\u0259find\u0259n d\u0259ymi\u015f ziyan v\u0259 binan\u0131n dayan\u0131ql\u0131\u011f\u0131 il\u0259 ba\u011fl\u0131 ara\u015fd\u0131rma apar\u0131l\u0131r.&hellip;<\/p>\n","protected":false},"author":2,"featured_media":281564,"comment_status":"closed","ping_status":"closed","sticky":false,"template":"","format":"standard","meta":{"om_disable_all_campaigns":false,"_monsterinsights_skip_tracking":false,"_monsterinsights_sitenote_active":false,"_monsterinsights_sitenote_note":"","_monsterinsights_sitenote_category":0},"categories":[1],"tags":[],"aioseo_notices":[],"gutentor_comment":0,"rttpg_featured_image_url":{"full":["https:\/\/arantv.az\/wp-content\/uploads\/2021\/01\/15478184876205817804_1000x669.jpg",620,412,false],"landscape":["https:\/\/arantv.az\/wp-content\/uploads\/2021\/01\/15478184876205817804_1000x669.jpg",620,412,false],"portraits":["https:\/\/arantv.az\/wp-content\/uploads\/2021\/01\/15478184876205817804_1000x669.jpg",620,412,false],"thumbnail":["https:\/\/arantv.az\/wp-content\/uploads\/2021\/01\/15478184876205817804_1000x669-150x150.jpg",150,150,true],"medium":["https:\/\/arantv.az\/wp-content\/uploads\/2021\/01\/15478184876205817804_1000x669-300x199.jpg",300,199,true],"large":["https:\/\/arantv.az\/wp-content\/uploads\/2021\/01\/15478184876205817804_1000x669.jpg",620,412,false],"1536x1536":["https:\/\/arantv.az\/wp-content\/uploads\/2021\/01\/15478184876205817804_1000x669.jpg",620,412,false],"2048x2048":["https:\/\/arantv.az\/wp-content\/uploads\/2021\/01\/15478184876205817804_1000x669.jpg",620,412,false],"post-thumbnail":["https:\/\/arantv.az\/wp-content\/uploads\/2021\/01\/15478184876205817804_1000x669-240x172.jpg",240,172,true],"advps-thumb-one":["https:\/\/arantv.az\/wp-content\/uploads\/2021\/01\/15478184876205817804_1000x669.jpg",620,412,false]},"rttpg_author":{"display_name":"V\u00fcsal Rafiqo\u011flu","author_link":"https:\/\/arantv.az\/?author=2"},"rttpg_comment":0,"rttpg_category":"<a href=\"https:\/\/arantv.az\/?cat=1\" rel=\"category\">C\u0259miyy\u0259t<\/a>","rttpg_excerpt":"Ab\u015feron Rayon \u0130cra Hakimiyy\u0259tind\u0259 yanvar\u0131n 25-d\u0259 X\u0131rdalan \u015f\u0259h\u0259rinin 27-ci m\u0259h\u0259ll\u0259sind\u0259 ba\u015f vermi\u015f partlay\u0131\u015f n\u0259tic\u0259sind\u0259 yarars\u0131z v\u0259ziyy\u0259t\u0259 d\u00fc\u015fm\u00fc\u015f 1B sayl\u0131 binan\u0131n sakinl\u0259ri il\u0259 g\u00f6r\u00fc\u015f ke\u00e7irilib. Ab\u015feron Rayon \u0130cra Hakimiyy\u0259ti M\u0259tbuat xidm\u0259tinin r\u0259hb\u0259ri Seymur Qas\u0131mov\u00a0Oxu.Az-\u0131n sor\u011fusuna cavab olaraq bildirib ki, g\u00f6r\u00fc\u015fd\u0259 R\u0130H ba\u015f\u00e7\u0131s\u0131 \u0130rad\u0259 G\u00fclm\u0259mm\u0259dova v\u0259 Prezident Administrasiyas\u0131n\u0131n m\u0259sul i\u015f\u00e7isi Habil \u018fzm\u0259mm\u0259dov i\u015ftirak edib. \u0130.G\u00fclm\u0259mm\u0259dova qeyd edib&hellip;","_links":{"self":[{"href":"https:\/\/arantv.az\/index.php?rest_route=\/wp\/v2\/posts\/281563"}],"collection":[{"href":"https:\/\/arantv.az\/index.php?rest_route=\/wp\/v2\/posts"}],"about":[{"href":"https:\/\/arantv.az\/index.php?rest_route=\/wp\/v2\/types\/post"}],"author":[{"embeddable":true,"href":"https:\/\/arantv.az\/index.php?rest_route=\/wp\/v2\/users\/2"}],"replies":[{"embeddable":true,"href":"https:\/\/arantv.az\/index.php?rest_route=%2Fwp%2Fv2%2Fcomments&post=281563"}],"version-history":[{"count":0,"href":"https:\/\/arantv.az\/index.php?rest_route=\/wp\/v2\/posts\/281563\/revisions"}],"wp:featuredmedia":[{"embeddable":true,"href":"https:\/\/arantv.az\/index.php?rest_route=\/wp\/v2\/media\/281564"}],"wp:attachment":[{"href":"https:\/\/arantv.az\/index.php?rest_route=%2Fwp%2Fv2%2Fmedia&parent=281563"}],"wp:term":[{"taxonomy":"category","embeddable":true,"href":"https:\/\/arantv.az\/index.php?rest_route=%2Fwp%2Fv2%2Fcategories&post=281563"},{"taxonomy":"post_tag","embeddable":true,"href":"https:\/\/arantv.az\/index.php?rest_route=%2Fwp%2Fv2%2Ftags&post=281563"}],"curies":[{"name":"wp","href":"https:\/\/api.w.org\/{rel}","templated":true}]}}