{"id":281571,"date":"2021-01-28T19:54:18","date_gmt":"2021-01-28T16:54:18","guid":{"rendered":"http:\/\/arantv.az\/?p=281571"},"modified":"2021-01-28T19:54:18","modified_gmt":"2021-01-28T16:54:18","slug":"t%c9%99rt%c9%99rd%c9%99-minaya-dus%c9%99n-traktorcu-%c9%99lim-uzum-qan-icind%c9%99-idi-video","status":"publish","type":"post","link":"https:\/\/arantv.az\/?p=281571","title":{"rendered":"T\u0259rt\u0259rd\u0259 minaya d\u00fc\u015f\u0259n traktor\u00e7u: \u201c\u018flim, \u00fcz\u00fcm qan i\u00e7ind\u0259 idi\u201d &#8211; V\u0130DEO"},"content":{"rendered":"<article class=\"news\">\n<div class=\"news-inner\">\n<p>\u201cTraktorla i\u015fl\u0259yirdim. H\u0259m d\u0259 telefonla dan\u0131\u015f\u0131rd\u0131m. Bird\u0259n partlay\u0131\u015f ba\u015f verdi. \u018ftraf\u0131 qara t\u00fcst\u00fc b\u00fcr\u00fcd\u00fc. \u00d6z\u00fcm\u00fc traktordan k\u0259nara atd\u0131m. \u018fvv\u0259lc\u0259 \u0259ll\u0259rimi v\u0259 ayaqlar\u0131m\u0131 yoxlad\u0131m. G\u00f6rd\u00fcm ki, ciddi yaram yoxdur. Amma \u0259lim-\u00fcz\u00fcm qan i\u00e7ind\u0259 idi\u201d.<\/p>\n<p>Bunu Trend-\u0259 T\u0259rt\u0259rd\u0259 minaya d\u00fc\u015f\u0259n traktor\u00e7u Elg\u00fcn \u018fl\u0259kb\u0259rov deyib. O, traktorla torpaq \u015fumlayark\u0259n tank \u0259leyhin\u0259 minaya d\u00fc\u015fd\u00fcy\u00fcn\u00fc bildirib:<\/p>\n<div id=\"AdviadNativeVideo0\" class=\"AdviadNativeVideo\"><\/div>\n<p>\u201c\u018flimi ba\u015f\u0131ma vuranda g\u00f6rd\u00fcm ki, ba\u015f\u0131m v\u0259 \u00fcz\u00fcmd\u0259n yaralanm\u0131\u015fam. \u00d6z\u00fcm aya\u011fa qalxd\u0131m, yax\u0131nl\u0131qda sah\u0259nin aqronomu vard\u0131. Onun yan\u0131na getdim, o da m\u0259ni x\u0259st\u0259xanaya \u00e7atd\u0131rd\u0131\u201d.<\/p>\n<p>Xat\u0131rladaq ki, T\u0259rt\u0259r rayonunun i\u015f\u011faldan azad olunmu\u015f Q\u0131z\u0131l oba k\u0259ndinin \u0259razisind\u0259 traktor minaya d\u00fc\u015f\u00fcb. N\u0259tic\u0259d\u0259 traktor\u00e7u, T\u0259rt\u0259r rayon Seyidimli k\u0259nd sakini, 1987-ci il t\u0259v\u0259ll\u00fcdl\u00fc \u018fl\u0259kb\u0259rov Elg\u00fcn Mahmud o\u011flu \u0259l v\u0259 \u00fcz nahiy\u0259sind\u0259n x\u0259sar\u0259tl\u0259r al\u0131b. Yaral\u0131 yax\u0131nl\u0131qda olan \u015f\u0259xsl\u0259rin k\u00f6m\u0259kliyi il\u0259 B\u0259rd\u0259 M\u0259rk\u0259zi Rayon X\u0259st\u0259xanas\u0131na yerl\u0259\u015fdirilib.<\/p>\n<div><iframe loading=\"lazy\" src=\"https:\/\/player.baku.tv\/embed\/32820\" width=\"560\" height=\"315\" frameborder=\"0\" allowfullscreen=\"allowfullscreen\" data-mce-fragment=\"1\"><\/iframe><\/div>\n<\/div>\n<\/article>\n<h2 class=\"news-share-title\"><\/h2>\n","protected":false},"excerpt":{"rendered":"<p>\u201cTraktorla i\u015fl\u0259yirdim. H\u0259m d\u0259 telefonla dan\u0131\u015f\u0131rd\u0131m. Bird\u0259n partlay\u0131\u015f ba\u015f verdi. \u018ftraf\u0131 qara t\u00fcst\u00fc b\u00fcr\u00fcd\u00fc. \u00d6z\u00fcm\u00fc traktordan k\u0259nara atd\u0131m. \u018fvv\u0259lc\u0259 \u0259ll\u0259rimi v\u0259 ayaqlar\u0131m\u0131 yoxlad\u0131m. G\u00f6rd\u00fcm ki, ciddi yaram yoxdur. Amma \u0259lim-\u00fcz\u00fcm qan i\u00e7ind\u0259 idi\u201d. Bunu Trend-\u0259 T\u0259rt\u0259rd\u0259 minaya d\u00fc\u015f\u0259n traktor\u00e7u Elg\u00fcn \u018fl\u0259kb\u0259rov deyib. O, traktorla torpaq \u015fumlayark\u0259n tank \u0259leyhin\u0259 minaya d\u00fc\u015fd\u00fcy\u00fcn\u00fc bildirib: \u201c\u018flimi ba\u015f\u0131ma vuranda g\u00f6rd\u00fcm ki, ba\u015f\u0131m v\u0259 \u00fcz\u00fcmd\u0259n yaralanm\u0131\u015fam. \u00d6z\u00fcm aya\u011fa qalxd\u0131m, yax\u0131nl\u0131qda sah\u0259nin aqronomu vard\u0131. Onun yan\u0131na getdim, o da m\u0259ni x\u0259st\u0259xanaya \u00e7atd\u0131rd\u0131\u201d. Xat\u0131rladaq ki, T\u0259rt\u0259r rayonunun i\u015f\u011faldan azad olunmu\u015f Q\u0131z\u0131l oba k\u0259ndinin \u0259razisind\u0259 traktor minaya d\u00fc\u015f\u00fcb. N\u0259tic\u0259d\u0259&hellip;<\/p>\n","protected":false},"author":2,"featured_media":281572,"comment_status":"closed","ping_status":"closed","sticky":false,"template":"","format":"standard","meta":{"om_disable_all_campaigns":false,"_monsterinsights_skip_tracking":false,"_monsterinsights_sitenote_active":false,"_monsterinsights_sitenote_note":"","_monsterinsights_sitenote_category":0},"categories":[26],"tags":[],"aioseo_notices":[],"gutentor_comment":0,"rttpg_featured_image_url":{"full":["https:\/\/arantv.az\/wp-content\/uploads\/2021\/01\/rt-1.jpg",620,349,false],"landscape":["https:\/\/arantv.az\/wp-content\/uploads\/2021\/01\/rt-1.jpg",620,349,false],"portraits":["https:\/\/arantv.az\/wp-content\/uploads\/2021\/01\/rt-1.jpg",620,349,false],"thumbnail":["https:\/\/arantv.az\/wp-content\/uploads\/2021\/01\/rt-1-150x150.jpg",150,150,true],"medium":["https:\/\/arantv.az\/wp-content\/uploads\/2021\/01\/rt-1-300x169.jpg",300,169,true],"large":["https:\/\/arantv.az\/wp-content\/uploads\/2021\/01\/rt-1.jpg",620,349,false],"1536x1536":["https:\/\/arantv.az\/wp-content\/uploads\/2021\/01\/rt-1.jpg",620,349,false],"2048x2048":["https:\/\/arantv.az\/wp-content\/uploads\/2021\/01\/rt-1.jpg",620,349,false],"post-thumbnail":["https:\/\/arantv.az\/wp-content\/uploads\/2021\/01\/rt-1-240x172.jpg",240,172,true],"advps-thumb-one":["https:\/\/arantv.az\/wp-content\/uploads\/2021\/01\/rt-1.jpg",620,349,false]},"rttpg_author":{"display_name":"V\u00fcsal Rafiqo\u011flu","author_link":"https:\/\/arantv.az\/?author=2"},"rttpg_comment":0,"rttpg_category":"<a href=\"https:\/\/arantv.az\/?cat=26\" rel=\"category\">Sosial<\/a>","rttpg_excerpt":"\u201cTraktorla i\u015fl\u0259yirdim. H\u0259m d\u0259 telefonla dan\u0131\u015f\u0131rd\u0131m. Bird\u0259n partlay\u0131\u015f ba\u015f verdi. \u018ftraf\u0131 qara t\u00fcst\u00fc b\u00fcr\u00fcd\u00fc. \u00d6z\u00fcm\u00fc traktordan k\u0259nara atd\u0131m. \u018fvv\u0259lc\u0259 \u0259ll\u0259rimi v\u0259 ayaqlar\u0131m\u0131 yoxlad\u0131m. G\u00f6rd\u00fcm ki, ciddi yaram yoxdur. Amma \u0259lim-\u00fcz\u00fcm qan i\u00e7ind\u0259 idi\u201d. Bunu Trend-\u0259 T\u0259rt\u0259rd\u0259 minaya d\u00fc\u015f\u0259n traktor\u00e7u Elg\u00fcn \u018fl\u0259kb\u0259rov deyib. O, traktorla torpaq \u015fumlayark\u0259n tank \u0259leyhin\u0259 minaya d\u00fc\u015fd\u00fcy\u00fcn\u00fc bildirib: \u201c\u018flimi ba\u015f\u0131ma vuranda g\u00f6rd\u00fcm&hellip;","_links":{"self":[{"href":"https:\/\/arantv.az\/index.php?rest_route=\/wp\/v2\/posts\/281571"}],"collection":[{"href":"https:\/\/arantv.az\/index.php?rest_route=\/wp\/v2\/posts"}],"about":[{"href":"https:\/\/arantv.az\/index.php?rest_route=\/wp\/v2\/types\/post"}],"author":[{"embeddable":true,"href":"https:\/\/arantv.az\/index.php?rest_route=\/wp\/v2\/users\/2"}],"replies":[{"embeddable":true,"href":"https:\/\/arantv.az\/index.php?rest_route=%2Fwp%2Fv2%2Fcomments&post=281571"}],"version-history":[{"count":0,"href":"https:\/\/arantv.az\/index.php?rest_route=\/wp\/v2\/posts\/281571\/revisions"}],"wp:featuredmedia":[{"embeddable":true,"href":"https:\/\/arantv.az\/index.php?rest_route=\/wp\/v2\/media\/281572"}],"wp:attachment":[{"href":"https:\/\/arantv.az\/index.php?rest_route=%2Fwp%2Fv2%2Fmedia&parent=281571"}],"wp:term":[{"taxonomy":"category","embeddable":true,"href":"https:\/\/arantv.az\/index.php?rest_route=%2Fwp%2Fv2%2Fcategories&post=281571"},{"taxonomy":"post_tag","embeddable":true,"href":"https:\/\/arantv.az\/index.php?rest_route=%2Fwp%2Fv2%2Ftags&post=281571"}],"curies":[{"name":"wp","href":"https:\/\/api.w.org\/{rel}","templated":true}]}}