{"id":281591,"date":"2021-01-28T19:59:38","date_gmt":"2021-01-28T16:59:38","guid":{"rendered":"http:\/\/arantv.az\/?p=281591"},"modified":"2021-01-28T19:59:38","modified_gmt":"2021-01-28T16:59:38","slug":"biz%c9%99-saxta-tarix-lazim-deyil","status":"publish","type":"post","link":"https:\/\/arantv.az\/?p=281591","title":{"rendered":"Biz\u0259 saxta tarix laz\u0131m deyil"},"content":{"rendered":"<p><em>D\u00f6vl\u0259timizin ba\u015f\u00e7\u0131s\u0131 \u0130lham \u018fliyev\u00a0<\/em><em>Ayd\u0131n K\u0259rimovu Prezidentin \u015eu\u015fa rayonunda x\u00fcsusi n\u00fcmay\u0259nd\u0259si t\u0259yin olunmas\u0131 il\u0259 \u0259laq\u0259dar videoformatda q\u0259bul ed\u0259rk\u0259n aliml\u0259rimizin, m\u00fct\u0259x\u0259ssisl\u0259rimizin qar\u015f\u0131s\u0131nda\u00a0 bu t\u0259l\u0259bi qoydu ki, tarixi h\u0259qiq\u0259tl\u0259r daha dol\u011fun \u015f\u0259kild\u0259 \u00e7atd\u0131r\u0131lmal\u0131d\u0131r: torpaqlar\u0131 satan kimdir, torpaqlar\u0131 \u0259sar\u0259td\u0259n qurtaran kimdir<\/em><\/p>\n<p>Hadis\u0259l\u0259r\u0259 \u0259n b\u00f6y\u00fck d\u0259y\u0259ri zaman verir. \u0130ll\u0259r ke\u00e7dikc\u0259 ba\u015f ver\u0259n hadis\u0259l\u0259rin mahiyy\u0259ti daha dol\u011fun \u015f\u0259kild\u0259 d\u0259rk olunur v\u0259 ictimaiyy\u0259t\u0259 \u00e7atd\u0131r\u0131l\u0131r. Ulu \u00f6nd\u0259r Heyd\u0259r \u018fliyev bu ca\u011f\u0131r\u0131\u015f\u0131 edirdi: \u201c Tarixi oldu\u011fu kimi q\u0259bul etm\u0259k, d\u0259rk etm\u0259k v\u0259 oldu\u011fu kimi qiym\u0259tl\u0259ndirm\u0259k laz\u0131md\u0131r,\u00a0 tarixi t\u0259hrif etm\u0259k d\u0259 olmaz, tariximizd\u0259ki qara l\u0259k\u0259l\u0259ri, qara s\u0259hif\u0259l\u0259ri unutmaq da olmaz.\u201d\u00a0 \u00dcmummilli Liderin bu fikirl\u0259rinin davam\u0131 olaraq d\u00f6vl\u0259timizin ba\u015f\u00e7\u0131s\u0131 \u0130lham \u018fliyev Ayd\u0131n K\u0259rimovu Prezidentin \u015eu\u015fa rayonunda x\u00fcsusi n\u00fcmay\u0259nd\u0259si t\u0259yin olunmas\u0131 il\u0259 \u0259laq\u0259dar videoformatda q\u0259bul ed\u0259rk\u0259n bildirmi\u015fdir ki, tariximizin h\u0259qiq\u0259t\u0259 uy\u011fun olmas\u0131 il\u0259 ba\u011fl\u0131\u00a0 aliml\u0259rimiz,\u00a0 m\u00fct\u0259x\u0259ssisl\u0259rimiz g\u0259r\u0259k dol\u011fun m\u0259lumat versinl\u0259r, tariximizi malalamas\u0131nlar. Biz\u0259 saxta tarix laz\u0131m deyil. Sovet d\u00f6vr\u00fcnd\u0259 n\u0259 q\u0259d\u0259r saxta tarixl\u0259 \u00fczl\u0259\u015fmi\u015fdik: \u00abBizim q\u0259hr\u0259manlar\u0131m\u0131z d\u00fc\u015fm\u0259n kimi g\u00f6st\u0259rilirdi. Xalq\u0131m\u0131z\u0131n d\u00fc\u015fm\u0259nl\u0259ri, qani\u00e7\u0259nl\u0259r q\u0259hr\u0259man kimi g\u00f6st\u0259rilirdi. 26 Bak\u0131 komissar\u0131 &#8211; o erm\u0259ni bol\u015fevik quldur d\u0259st\u0259si q\u0259hr\u0259man kimi g\u00f6st\u0259rilirdi. Ancaq onlara qar\u015f\u0131 vuru\u015fan milli v\u0259t\u0259np\u0259rv\u0259r insanlar d\u00fc\u015fm\u0259n kimi g\u00f6st\u0259rilirdi. Biz bunu g\u00f6rm\u00fc\u015f\u00fck. Bizim n\u0259sil bunu g\u00f6r\u00fcb, saxta tarix n\u0259dir. \u0130ndi yen\u0259 kims\u0259 saxta tarix yaratmaq ist\u0259yir. Yen\u0259 kims\u0259 hans\u0131sa f\u0259rarinin, satq\u0131n\u0131n, qorxa\u011f\u0131n g\u00fcnahlar\u0131n\u0131 yumaq ist\u0259yir. Biz buna imkan ver\u0259 bilm\u0259rik. H\u0259r k\u0259s bilm\u0259lidir, torpaqlar\u0131 satan kimdir, torpaqlar\u0131 \u0259sar\u0259td\u0259n qurtaran kimdir.\u00bb<\/p>\n<p>\u00d6nc\u0259 erm\u0259nil\u0259rin yazd\u0131qlar\u0131 saxta tarix\u0259 qar\u015f\u0131 h\u0259qiq\u0259tl\u0259r\u0259 n\u0259z\u0259r salaq. Erm\u0259ni mill\u0259t\u00e7il\u0259ri tarixin m\u00fcxt\u0259lif m\u0259rh\u0259l\u0259l\u0259rind\u0259 mifik \u201cb\u00f6y\u00fck Erm\u0259nistan\u201d ideyas\u0131n\u0131 ger\u00e7\u0259kl\u0259\u015fdirm\u0259k m\u0259qs\u0259dil\u0259 az\u0259rbaycanl\u0131lara v\u0259 t\u00fcrkl\u0259r\u0259\u00a0 qar\u015f\u0131 etnik t\u0259mizl\u0259m\u0259, deportasiya v\u0259 soyq\u0131r\u0131mlar\u0131 h\u0259yata ke\u00e7iribl\u0259r. \u00a0D\u00f6vl\u0259timizin ba\u015f\u00e7\u0131s\u0131\u00a0 \u0130lham \u018fliyevin S\u0259r\u0259ncam\u0131 il\u0259 2018-ci ilin \u00f6lk\u0259mizd\u0259 \u201cAz\u0259rbaycan Xalq C\u00fcmhuriyy\u0259ti ili\u201d elan olunmas\u0131, bunun ard\u0131nca \u201c1918-ci il az\u0259rbaycanl\u0131lar\u0131n soyq\u0131r\u0131m\u0131n\u0131n 100 illiyi haqq\u0131nda\u201d\u00a0 S\u0259r\u0259ncam\u0131n imzalanmas\u0131 m\u0259hz tariximizin h\u0259r bir s\u0259hif\u0259sin\u0259 \u0259trafl\u0131\u00a0 diqq\u0259t y\u00f6n\u0259ltm\u0259y\u0259 geni\u015f imkanlar a\u00e7d\u0131. \u00a0Tarix\u0259 n\u0259z\u0259r salsaq g\u00f6r\u0259rik ki, Az\u0259rbaycan Xalq C\u00fcmhuriyy\u0259tinin h\u00f6kum\u0259ti erm\u0259nil\u0259rin t\u00f6r\u0259tdikl\u0259ri a\u011f\u0131r cinay\u0259tl\u0259rin ara\u015fd\u0131r\u0131lmas\u0131 \u00fc\u00e7\u00fcn F\u00f6vq\u0259lad\u0259 \u0130stintaq Komissiyas\u0131 yaratm\u0131\u015f, komissiyan\u0131n \u00fcz\u0259 \u00e7\u0131xard\u0131\u011f\u0131 h\u0259qiq\u0259tl\u0259rin xalq\u0131n yadda\u015f\u0131nda hifz edilm\u0259si v\u0259 d\u00fcnya ictimaiyy\u0259tin\u0259 \u00e7atd\u0131r\u0131lmas\u0131 \u00fc\u00e7\u00fcn bir s\u0131ra t\u0259dbirl\u0259r g\u00f6rm\u00fc\u015fd\u00fcr. Lakin Xalq C\u00fcmhuriyy\u0259tinin s\u00fcqutundan sonra bu proses dayand\u0131r\u0131lm\u0131\u015f, ba\u015f ver\u0259nl\u0259rin sona q\u0259d\u0259r t\u0259hqiq edilm\u0259sinin v\u0259 ona m\u00fcvafiq siyasi-h\u00fcquqi qiym\u0259t verilm\u0259sinin qar\u015f\u0131s\u0131 al\u0131nm\u0131\u015fd\u0131r. Yaln\u0131z 80 il sonra &#8211; 1998-ci il mart\u0131n 26-da \u00fcmummilli lider Heyd\u0259r \u018fliyevin imzalad\u0131\u011f\u0131 \u201cAz\u0259rbaycanl\u0131lar\u0131n soyq\u0131r\u0131m\u0131 haqq\u0131nda\u201d Az\u0259rbaycan Respublikas\u0131 Prezidentinin F\u0259rman\u0131nda h\u0259min d\u0259h\u015f\u0259tli hadis\u0259l\u0259r\u0259 adekvat siyasi qiym\u0259t verilmi\u015f v\u0259 31 mart \u201cAz\u0259rbaycanl\u0131lar\u0131n Soyq\u0131r\u0131m\u0131 G\u00fcn\u00fc\u201d elan edilmi\u015fdir.<\/p>\n<p>O da m\u0259lumdur ki, Az\u0259rbaycan m\u00fcst\u0259qillik qazand\u0131qdan sonra xalq\u0131m\u0131z\u0131n tarixi ke\u00e7mi\u015finin obyektiv m\u0259nz\u0259r\u0259sini yaratmaq imkan\u0131 \u0259ld\u0259 edilmi\u015fdir. Uzun ill\u0259r gizli saxlan\u0131lan, \u00fcz\u0259rin\u0259 qada\u011fa qoyulmu\u015f h\u0259qiq\u0259tl\u0259r a\u00e7\u0131l\u0131r, t\u0259hrif edilmi\u015f hadis\u0259l\u0259r \u00f6z\u00fcn\u00fcn \u0259sl qiym\u0259tini al\u0131r. M\u0259hz Az\u0259rbaycan xalq\u0131na qar\u015f\u0131 d\u0259f\u0259l\u0259rl\u0259 t\u00f6r\u0259dilmi\u015f soyq\u0131r\u0131mlar da tarixin a\u00e7\u0131lmam\u0131\u015f s\u0259hif\u0259l\u0259rind\u0259n biridir. \u0130r\u0259van, Nax\u00e7\u0131van v\u0259 Qaraba\u011f xanl\u0131qlar\u0131n\u0131n \u0259razil\u0259rind\u0259 m\u0259skunla\u015fd\u0131r\u0131lan erm\u0259nil\u0259r orada ya\u015fayan az\u0259rbaycanl\u0131larla m\u00fcqayis\u0259d\u0259 azl\u0131q t\u0259\u015fkil etm\u0259l\u0259rin\u0259 baxmayaraq \u00f6z havadarlar\u0131n\u0131n himay\u0259si alt\u0131nda \u201cErm\u0259ni vilay\u0259ti\u201d adland\u0131r\u0131lan inzibati b\u00f6lg\u00fcn\u00fcn yarad\u0131lmas\u0131na nail oldular. Bu uydurma d\u00f6vl\u0259tin Az\u0259rbaycan torpaqlar\u0131nda yarad\u0131lmas\u0131na &#8220;b\u0259ra\u0259t qazand\u0131rmaq m\u0259qs\u0259dil\u0259&#8221; erm\u0259ni xalq\u0131n\u0131n tarixinin saxtala\u015fd\u0131r\u0131lmas\u0131na y\u00f6n\u0259lmi\u015f geni\u015fmiqyasl\u0131 proqramlar realla\u015fd\u0131r\u0131lm\u0131\u015fd\u0131r. Az\u0259rbaycan\u0131n v\u0259 \u00fcmum\u0259n Qafqaz\u0131n tarixinin t\u0259hrif olunmas\u0131 h\u0259min proqramlar\u0131n m\u00fch\u00fcm t\u0259rkib hiss\u0259sini t\u0259\u015fkil edirdi.\u00a0 Erm\u0259nil\u0259rin Bak\u0131dan ba\u015flanan v\u0259h\u015filikl\u0259ri Az\u0259rbaycan\u0131 v\u0259 indiki Erm\u0259nistan \u0259razisind\u0259ki Az\u0259rbaycan k\u0259ndl\u0259rini \u0259hat\u0259 etdi. Y\u00fczl\u0259rl\u0259 ya\u015fay\u0131\u015f m\u0259nt\u0259q\u0259si da\u011f\u0131d\u0131l\u0131b yerl\u0259-yeksan edildi, minl\u0259rl\u0259 az\u0259rbaycanl\u0131 v\u0259h\u015fic\u0259sin\u0259 q\u0259tl\u0259 yetirildi. Bu hadis\u0259l\u0259rin t\u0259\u015fkilat\u00e7\u0131lar\u0131 m\u0259s\u0259l\u0259nin mahiyy\u0259tinin a\u00e7\u0131lmas\u0131na, ona d\u00fczg\u00fcn h\u00fcquqi-siyasi qiym\u0259t verilm\u0259sin\u0259 mane\u00e7ilik t\u00f6r\u0259d\u0259r\u0259k az\u0259rbaycanl\u0131lar\u0131n m\u0259nfi obraz\u0131n\u0131 yaratm\u0131\u015f, \u00f6zl\u0259rinin avant\u00fcrist torpaq iddialar\u0131n\u0131 p\u0259rd\u0259l\u0259mi\u015fl\u0259r. Ke\u00e7mi\u015f sovet m\u0259kan\u0131nda m\u00fcnt\u0259z\u0259m \u015f\u0259kild\u0259 yay\u0131lan kitab, jurnal v\u0259 q\u0259zetl\u0259rd\u0259 milli m\u0259d\u0259niyy\u0259timizin, klassik irsimizin, memarl\u0131q abid\u0259l\u0259rimizin \u0259n n\u0259fis n\u00fcmun\u0259l\u0259rinin erm\u0259ni xalq\u0131na m\u0259nsub oldu\u011funu s\u00fcbut etm\u0259y\u0259 \u00e7al\u0131\u015f\u0131rd\u0131lar. El\u0259 o zamanlardan erm\u0259nil\u0259r\u0259 g\u00f6st\u0259ril\u0259n d\u0259st\u0259kl\u0259r bu g\u00fcn\u0259 q\u0259d\u0259r davam etm\u0259kd\u0259dir.\u00a0 1988-ci ild\u0259 erm\u0259nil\u0259rin torpaq iddias\u0131n\u0131n yenid\u0259n ba\u015f qald\u0131rmas\u0131 n\u0259tic\u0259sind\u0259 yaranan Erm\u0259nistan-Az\u0259rbaycan Da\u011fl\u0131q Qaraba\u011f m\u00fcnaqi\u015f\u0259sinin h\u0259lli prosesinin 30 il\u0259d\u0259k \u00a0uzanmas\u0131nda d\u00fcnyan\u0131n ikili siyas\u0259ti, erm\u0259nil\u0259rin ba\u015f\u0131na \u00e7\u0259kil\u0259n s\u0131\u011fallar \u0259sas rol oynam\u0131\u015fd\u0131. \u00a01992-ci ild\u0259 m\u00fcnaqi\u015f\u0259nin h\u0259llind\u0259 vasit\u0259\u00e7ilik missiyas\u0131n\u0131 yerin\u0259 yetirm\u0259k m\u0259qs\u0259dil\u0259 yarad\u0131lan AT\u018fT-in Minsk qrupunun h\u0259ms\u0259dr d\u00f6vl\u0259tl\u0259ri \u2013 AB\u015e, Fransa v\u0259 Rusiya, eyni zamanda, BMT T\u0259hl\u00fck\u0259sizlik \u015euras\u0131n\u0131n daimi \u00fczvl\u0259ridir. Bu xat\u0131rlatman\u0131 ona g\u00f6r\u0259 edirik ki, BMT T\u0259hl\u00fck\u0259sizlik \u015euras\u0131n\u0131n q\u0259bul etdiyi 4 q\u0259tnam\u0259d\u0259 erm\u0259ni i\u015f\u011fal\u00e7\u0131lar\u0131n\u0131n Az\u0259rbaycan \u0259razil\u0259rini qeyd-\u015f\u0259rtsiz azad etm\u0259l\u0259ri t\u0259l\u0259b edils\u0259 d\u0259, erm\u0259nil\u0259r bu q\u0259rar v\u0259 q\u0259tnam\u0259l\u0259r\u0259 m\u0259h\u0259l qoymur, \u201cevin \u0259rk\u00f6y\u00fcn\u201d u\u015fa\u011f\u0131 kimi ist\u0259dikl\u0259ri zaman dan\u0131\u015f\u0131qlar prosesin\u0259 qat\u0131l\u0131r, ist\u0259m\u0259dikl\u0259ri zaman da m\u00fc\u0259yy\u0259n b\u0259han\u0259l\u0259rl\u0259 yay\u0131n\u0131rd\u0131lar. \u00a0Y\u0259ni himay\u0259darlar\u0131ndan ald\u0131qlar\u0131 d\u0259st\u0259kl\u0259r onlarda b\u00f6y\u00fck ruh y\u00fcks\u0259kliyi yaradaraq, daha b\u00f6y\u00fck iddialarla \u00e7\u0131x\u0131\u015f etm\u0259l\u0259rin\u0259 r\u0259vac verirdi. M\u0259hz onlar bu d\u0259st\u0259kd\u0259n yararlanaraq ill\u0259rdir beyn\u0259lxalq ictimaiyy\u0259td\u0259 \u00f6zl\u0259ri bar\u0259d\u0259 \u201cyaz\u0131q, m\u0259zlum, \u0259zil\u0259n v\u0259 d\u00f6y\u00fcl\u0259n\u201d mill\u0259t, az\u0259rbaycanl\u0131lar\u0131n is\u0259 m\u0259nfi obraz\u0131n\u0131 yaratm\u0131\u015fd\u0131lar. \u00a0AB\u015e Konqresinin 1992-ci ild\u0259 Az\u0259rbaycana qar\u015f\u0131 \u0259dal\u0259tsiz 907-ci d\u00fcz\u0259li\u015fi t\u0259tbiq etm\u0259si d\u0259 apar\u0131lan bu \u0259sass\u0131z t\u0259bli\u011fat\u0131n n\u0259tic\u0259si idi. \u00a0Yaln\u0131z 2001-ci ild\u0259 AB\u015e-da ba\u015f ver\u0259n terror akt\u0131 r\u0259smi Va\u015finqtonu bu q\u0259rar\u0131n \u0259dal\u0259tsizliyi bar\u0259d\u0259 d\u00fc\u015f\u00fcnm\u0259y\u0259 v\u0259 onun f\u0259aliyy\u0259tini bir illik dondurmas\u0131 bar\u0259d\u0259 q\u0259rar q\u0259bul etm\u0259y\u0259 s\u00f6vq etdi. H\u0259r zaman qeyd etdiyimiz kimi, d\u00fcnyan\u0131 idar\u0259 ed\u0259n iri d\u00f6vl\u0259tl\u0259r bu v\u0259 ya dig\u0259r \u00f6lk\u0259l\u0259r\u0259 qar\u015f\u0131 at\u0131lan add\u0131mlara, eyni zamanda, ba\u015f ver\u0259n hadis\u0259l\u0259r\u0259 o zaman d\u00fczg\u00fcn d\u0259y\u0259r verm\u0259y\u0259 \u00e7al\u0131\u015f\u0131rlar ki, \u00f6zl\u0259ri h\u0259min hadis\u0259ni ya\u015fay\u0131rlar. D\u00f6vl\u0259timizin ba\u015f\u00e7\u0131s\u0131 bildirir: \u201cS\u0259b\u0259bl\u0259rind\u0259n as\u0131l\u0131 olmayaraq, terror\u00e7ulu\u011fa haqq qazand\u0131r\u0131lmas\u0131 haqq\u0131nda s\u00f6hb\u0259t bel\u0259 ged\u0259 bilm\u0259z. Terror aktlar\u0131n\u0131n kim\u0259 qar\u015f\u0131 t\u00f6r\u0259dilm\u0259sind\u0259n as\u0131l\u0131 olmayaraq, terror t\u0259\u015fkilatlar\u0131 aras\u0131nda f\u0259rq qoyulmamal\u0131d\u0131r. Buna g\u00f6r\u0259, hesab edir\u0259m ki, s\u0259yl\u0259rin geni\u015f \u015f\u0259kild\u0259 birl\u0259\u015fdirilm\u0259si v\u0259 terror\u00e7ulu\u011fa qar\u015f\u0131 h\u0259rt\u0259r\u0259fli \u0259m\u0259kda\u015fl\u0131\u011f\u0131n apar\u0131lmas\u0131 bu m\u00fcbariz\u0259d\u0259 biz\u0259 yard\u0131m\u00e7\u0131 olacaq v\u0259 u\u011furumuzu t\u0259min ed\u0259c\u0259kdir.\u00bb Fransa kimi d\u00f6vl\u0259t he\u00e7 bir ara\u015fd\u0131rma aparmadan erm\u0259nil\u0259r\u0259 sevgisinin n\u00fcmayi\u015fi olan \u201cerm\u0259ni soyq\u0131r\u0131m\u0131\u201dn\u0131 tan\u0131y\u0131b v\u0259 bunu b\u00fct\u00fcn d\u00f6vl\u0259tl\u0259rd\u0259n t\u0259l\u0259b edir. H\u0259tta senatda \u201cerm\u0259ni soyq\u0131r\u0131m\u0131\u201dn\u0131 tan\u0131mayanlara qar\u015f\u0131 c\u0259zan\u0131n t\u0259tbiq olunmas\u0131 il\u0259 ba\u011fl\u0131 layih\u0259 m\u00fczakir\u0259y\u0259 \u00e7\u0131xar\u0131ld\u0131. M\u0259hz bu kimi ikili yana\u015fmalar bu v\u0259 ya dig\u0259r \u00f6lk\u0259l\u0259rd\u0259 ba\u015f ver\u0259n m\u00fcnaqi\u015f\u0259l\u0259rin nizamlanmas\u0131 prosesinin uzanmas\u0131na s\u0259b\u0259b olur.<\/p>\n<p>\u018fb\u0259s yer\u0259 44 g\u00fcnl\u00fck \u0130kinci Qaraba\u011f m\u00fcharib\u0259si h\u0259qiq\u0259t an\u0131 kimi d\u0259y\u0259rl\u0259ndirilmir. 44 g\u00fcn bir daha kimin haqq\u0131n-\u0259dal\u0259tin, kimin \u015f\u0259rin yan\u0131nda oldu\u011funu t\u0259sdiql\u0259di. Bu d\u00f6n\u0259md\u0259 d\u0259 Fransa erm\u0259ni sevgisini qabar\u0131q \u015f\u0259kild\u0259 b\u00fcruz\u0259 verdi. Fransa Senat\u0131n\u0131n Qondarma \u201cDa\u011fl\u0131q Qaraba\u011f respublikas\u0131\u201dn\u0131n tan\u0131nmas\u0131 il\u0259 ba\u011fl\u0131 q\u0259tnam\u0259ni q\u0259bul etm\u0259sinin Az\u0259rbaycan \u00fc\u00e7\u00fcn adi ka\u011f\u0131z par\u00e7as\u0131ndan ba\u015fqa bir \u015fey olmad\u0131\u011f\u0131 ayd\u0131nd\u0131r, amma Fransa bu kimi add\u0131mlar\u0131 il\u0259 \u0259dal\u0259t meyar\u0131na hans\u0131 prinsipl\u0259rd\u0259n yana\u015fd\u0131\u011f\u0131n\u0131 ortaya qoydu. Bu kimi ikili standartlar \u00e7\u0259r\u00e7iv\u0259sind\u0259 yana\u015fmalar\u0131 xeyli sayda qeyd ed\u0259 bil\u0259rik. \u018fsas olan bu q\u0259r\u0259zli t\u0259bli\u011fatlara qar\u015f\u0131 Az\u0259rbaycan\u0131n tarixi faktlara, real h\u0259qiq\u0259tl\u0259r\u0259 \u0259saslanan siyas\u0259tinin qoyulmas\u0131, Q\u0259l\u0259b\u0259nin qazan\u0131lmas\u0131d\u0131r. D\u00f6vl\u0259timizin ba\u015f\u00e7\u0131s\u0131 \u0130lham \u018fliyevin qeyd etdiyi kimi,\u00a0 Az\u0259rbaycan bu ill\u0259r \u0259rzind\u0259 g\u00fccl\u0259ndi, m\u00fcnaqi\u015f\u0259nin h\u0259lli \u00fc\u00e7\u00fcn m\u00f6hk\u0259m h\u00fcquqi baza yarad\u0131ld\u0131.\u00a0 Az\u0259rbaycan\u0131n d\u00f6y\u00fc\u015f meydan\u0131nda q\u0259l\u0259b\u0259 qazanmas\u0131nda diplomatik m\u00fcst\u0259vid\u0259 q\u0259l\u0259b\u0259l\u0259ri d\u0259 \u0259h\u0259miyy\u0259tli rol oynad\u0131. \u00c7\u00fcnki Az\u0259rbaycan \u0259sg\u0259ri ba\u015fqas\u0131n\u0131n deyil, \u00f6z torpaqlar\u0131m\u0131zda d\u00f6y\u00fc\u015fd\u00fc, 30 illik i\u015f\u011fala son qoydu. Erm\u0259ni silahl\u0131 q\u00fcvv\u0259l\u0259ri is\u0259 bizim torpaqlarda d\u00f6y\u00fc\u015fd\u00fc, onlar\u0131 iti qovan kimi qovduq. M\u00fcz\u0259ff\u0259r Ali Ba\u015f Komandan \u0130lham \u018fliyev V\u0259t\u0259n m\u00fcharib\u0259sinin ilk g\u00fcn\u00fcnd\u0259n bu t\u0259l\u0259bi ir\u0259li s\u00fcrd\u00fc ki, Erm\u0259nistan silahl\u0131 q\u00fcvv\u0259l\u0259ri torpaqlar\u0131m\u0131zdan \u00f6z xo\u015fu il\u0259 \u00e7\u0131xs\u0131nlar, yoxsa onlar\u0131 iti qovan kimi qovaca\u011f\u0131q.<\/p>\n<p>Bu g\u00fcn \u0130kinci Qaraba\u011f m\u00fcharib\u0259si art\u0131q tarixd\u0259 qal\u0131b. C\u0259nab \u0130lham \u018fliyev 44 g\u00fcnl\u00fck m\u00fcharib\u0259 d\u00f6vr\u00fcnd\u0259, eyni zamanda, ondan sonra xalqa h\u0259r bir m\u00fcraci\u0259tind\u0259 bu m\u0259qam\u0131 x\u00fcsusi qeyd edirdi ki, tarix\u00e7il\u0259r ba\u015f ver\u0259nl\u0259r bar\u0259d\u0259 daha yax\u015f\u0131 m\u0259lumatl\u0131d\u0131rlar. Bu \u00e7a\u011f\u0131r\u0131\u015f\u0131n \u00f6z\u00fc t\u0259bii ki, \u00f6zl\u00fcy\u00fcnd\u0259 bel\u0259 bir t\u0259l\u0259bi ortaya qoyur ki, yeni tariximiz daha dol\u011fun \u015f\u0259kild\u0259 yaz\u0131lmal\u0131, \u0130kinci Qaraba\u011f m\u00fcharib\u0259sin\u0259 ged\u0259n yol d\u00fczg\u00fcn t\u0259hlil edilm\u0259li, Erm\u0259nistan\u0131n yeni \u0259razil\u0259r u\u011frunda m\u00fcharib\u0259 planlar\u0131 daha \u0259trafl\u0131 \u015f\u0259kild\u0259 beyn\u0259lxalq ictimaiyy\u0259t\u0259 \u00e7atd\u0131r\u0131lmal\u0131, bir s\u00f6zl\u0259, tarixin saxtala\u015fd\u0131r\u0131lmas\u0131na yol verilm\u0259m\u0259lidir. D\u00f6vl\u0259timizin ba\u015f\u00e7\u0131s\u0131 t\u0259r\u0259find\u0259n\u00a0 i\u015f\u011faldan azad edilmi\u015f \u0259razil\u0259rimizd\u0259\u00a0 b\u0259rpa v\u0259 quruculuq i\u015fl\u0259ri apar\u0131lark\u0259n h\u0259r bir rayonda, k\u0259ndd\u0259\u00a0 i\u015f\u011fal zaman\u0131 da\u011f\u0131d\u0131lm\u0131\u015f b\u00f6y\u00fck bir \u0259razinin saxlan\u0131lmas\u0131 il\u0259 ba\u011fl\u0131 g\u00f6st\u0259ri\u015f verilib. Bu tap\u015f\u0131r\u0131q tariximizin qorunmas\u0131na, \u0259n \u0259sas\u0131 bizim bug\u00fcn\u0259d\u0259k nec\u0259 v\u0259h\u015fi bir xalq il\u0259 \u00fcz-\u00fcz\u0259 dayand\u0131\u011f\u0131m\u0131z\u0131n bir daha d\u00fcnyaya \u00e7atd\u0131r\u0131lmas\u0131na y\u00f6n\u0259l\u0259n add\u0131md\u0131r. H\u0259min \u0259razil\u0259rd\u0259 muzeyl\u0259r yarad\u0131lacaq. D\u00f6vl\u0259timizin ba\u015f\u00e7\u0131s\u0131 \u0130lham \u018fliyevin s\u0259r\u0259ncamlar\u0131 \u0259sas\u0131nda Z\u0259f\u0259r G\u00fcn\u00fc il\u0259 yana\u015f\u0131, An\u0131m G\u00fcn\u00fcn\u00fcn t\u0259sis edilm\u0259si, Bak\u0131 \u015f\u0259h\u0259rind\u0259 V\u0259t\u0259n m\u00fcharib\u0259si memorial kompleksinin v\u0259 Z\u0259f\u0259r muzeyinin yarad\u0131lmas\u0131 v\u0259 sair kimi biri-birind\u0259n m\u00fch\u00fcm add\u0131mlar h\u0259qiq\u0259tl\u0259rimizin t\u0259bli\u011find\u0259 \u0259h\u0259miyy\u0259tli rol oynayacaq. V\u0259t\u0259n m\u00fcharib\u0259si memorial kompleksi v\u0259 Z\u0259f\u0259r muzeyi Az\u0259rbaycan xalq\u0131n\u0131n V\u0259t\u0259n m\u00fcharib\u0259sind\u0259 g\u00f6st\u0259rdiyi misilsiz q\u0259hr\u0259manl\u0131\u011f\u0131n v\u0259 qazand\u0131\u011f\u0131 m\u00f6ht\u0259\u015f\u0259m tarixi Z\u0259f\u0259rin n\u00fcmayi\u015f etdirilm\u0259si, \u015f\u0259hidl\u0259rimizin \u0259ziz xatir\u0259sinin \u0259b\u0259dil\u0259\u015fdirilm\u0259si m\u0259qs\u0259dil\u0259 yarad\u0131l\u0131r.<\/p>\n<p>Son ill\u0259rd\u0259 \u00a0apar\u0131lan ara\u015fd\u0131rmalar n\u0259tic\u0259sind\u0259\u00a0 erm\u0259ni v\u0259h\u015filikl\u0259rin\u0259 i\u015f\u0131q salan\u00a0 \u00e7oxlu sayda yeni faktlar v\u0259 s\u0259n\u0259dl\u0259r toplan\u0131b. \u00a0\u00a0M\u0259hz bu faktlar\u0131n, s\u0259n\u0259dl\u0259rin daha \u00e7oxluq t\u0259\u015fkil etm\u0259sin\u0259 inamdan ir\u0259li g\u0259lir ki, \u00f6lk\u0259 Prezidenti \u0130lham \u018fliyev Az\u0259rbaycan Milli Elml\u0259r Akademiyas\u0131n\u0131n illik \u00fcmumi y\u0131\u011f\u0131nca\u011f\u0131nda bu ara\u015fd\u0131rmalar\u0131n miqyas\u0131n\u0131n daha da geni\u015fl\u0259ndirilm\u0259sinin, faktlar\u0131n dili il\u0259 yeni kitablar\u0131n \u00e7ap olunmas\u0131n\u0131n v\u0259 m\u00fcxt\u0259lif dill\u0259r\u0259 t\u0259rc\u00fcm\u0259 edilm\u0259sinin\u00a0 vacibliyini bildirmi\u015fdir.<\/p>\n<p>M\u00fcasir d\u00f6vr\u00fcn informasiya m\u00fcbariz\u0259si d\u00f6vr\u00fc oldu\u011funu unutmamal\u0131y\u0131q. T\u0259bli\u011fat\u0131 tarixi h\u0259qiq\u0259tl\u0259r\u0259 \u0259saslanan d\u00f6vl\u0259t \u00a0bu m\u00fcbariz\u0259d\u0259n qalib \u00e7\u0131x\u0131r. 44 g\u00fcnl\u00fck m\u00fcharib\u0259d\u0259 Az\u0259rbaycan\u0131n Q\u0259l\u0259b\u0259si bunun bariz n\u00fcmun\u0259sidir. \u018fb\u0259s yer\u0259 deyilmir ki, tarix faktlara \u0259saslan\u0131r, faktlar\u0131n dili il\u0259 dan\u0131\u015f\u0131r. Tarixin yadda\u015f\u0131na s\u00f6yk\u0259n\u0259r\u0259k b\u00fct\u00fcn reall\u0131qlar\u0131 d\u00fcnya ictimaiyy\u0259tin\u0259 \u00e7atd\u0131rmaq \u00fc\u00e7\u00fcn 44 g\u00fcnl\u00fck m\u00fcharib\u0259d\u0259\u00a0 n\u00fcmayi\u015f etdirdiyimiz yumru\u011fumuzu daha da m\u00f6hk\u0259ml\u0259ndirm\u0259li, tarixi sahibl\u0259rin\u0259 qay\u0131dan torpaqlar\u0131m\u0131zda quruculuq v\u0259 b\u0259rpa i\u015fl\u0259rini aparmal\u0131, Qaraba\u011f\u0131 c\u0259nn\u0259t m\u0259kana \u00e7evirm\u0259liyik. C\u0259nab \u0130lham \u018fliyev Ayd\u0131n K\u0259rimovu q\u0259bul ed\u0259rk\u0259n \u201cBiz \u015eu\u015fan\u0131 d\u00fcnyan\u0131n \u0259n g\u00f6z\u0259l \u015f\u0259h\u0259rl\u0259rind\u0259n birin\u0259 \u00e7evirm\u0259liyik v\u0259 \u00e7evir\u0259c\u0259yik. M\u0259n bu s\u00f6z\u00fc vermi\u015f\u0259m v\u0259 bu s\u00f6z\u00fcm\u00fc d\u0259 icra ed\u0259c\u0259y\u0259m\u201d s\u00f6yl\u0259y\u0259r\u0259k bu m\u00fch\u00fcm m\u0259qama diqq\u0259t \u00e7\u0259kmi\u015fdir ki, nec\u0259 ki, \u0259vv\u0259lki d\u00f6vrl\u0259rd\u0259 demi\u015fdim biz he\u00e7 vaxt Az\u0259rbaycan torpa\u011f\u0131nda ikinci erm\u0259ni d\u00f6vl\u0259tinin yaranmas\u0131na imkan verm\u0259y\u0259c\u0259yik v\u0259 verm\u0259dik: \u201cDemi\u015fdim ki, Az\u0259rbaycan bayra\u011f\u0131 \u015eu\u015fada qald\u0131r\u0131lacaq v\u0259 qald\u0131r\u0131ld\u0131. Demi\u015fdim ki, \u015eu\u015fas\u0131z q\u0259l\u0259b\u0259miz yar\u0131m\u00e7\u0131q olacaq v\u0259 o vaxt m\u00fcharib\u0259 d\u00f6vr\u00fcnd\u0259 bundan art\u0131\u011f\u0131n\u0131 dey\u0259 bilmirdim. \u00c7\u00fcnki m\u00fcharib\u0259nin apar\u0131lmas\u0131n\u0131n m\u0259xfiliyi g\u00f6zl\u0259nilm\u0259li idi. M\u00fcharib\u0259nin ilk g\u00fcnl\u0259rind\u0259n biz bilirdik ki, h\u0259d\u0259fimiz n\u0259dir v\u0259 \u015eu\u015faya do\u011fru u\u011furla ir\u0259lil\u0259yirdik. \u018fg\u0259r m\u00fcharib\u0259nin gedi\u015fat\u0131na h\u0259r bir m\u00fct\u0259x\u0259ssis n\u0259z\u0259r salsa, g\u00f6r\u0259r ki, bizim strateji h\u0259d\u0259fimiz n\u0259 idi. Biz Erm\u0259nistan t\u0259r\u0259find\u0259n qurulmu\u015f istehkamlar\u0131 yararaq c\u0259nub istiqam\u0259tind\u0259n i\u015f\u011fal edilmi\u015f torpaqlara daxil olduq, onlar\u0131 azad etdik v\u0259 m\u00fcxt\u0259lif istiqam\u0259tl\u0259r \u00fczr\u0259 \u0259ks-h\u00fccuma ke\u00e7dik.\u201d U\u011furlu \u0259m\u0259liyyat n\u0259tic\u0259sind\u0259 \u00a0C\u0259bray\u0131l, F\u00fczuli, Hadrut, Xocav\u0259nd rayonlar\u0131n\u0131n bir hiss\u0259si, Murovda\u011f y\u00fcks\u0259kliyi, K\u0259lb\u0259c\u0259r rayonunun bir hiss\u0259si, Z\u0259ngilan, Qubadl\u0131, La\u00e7\u0131n rayonlar\u0131n\u0131n c\u0259nub hiss\u0259si v\u0259 \u015eu\u015fa \u015f\u0259h\u0259ri azad edildi. H\u0259d\u0259f Qaraba\u011f\u0131n tac\u0131 olan \u015eu\u015fa idi v\u0259 noyabr\u0131n 8-d\u0259 Az\u0259rbaycan bayra\u011f\u0131 \u015eu\u015fada qald\u0131r\u0131ld\u0131. Ondan sonra d\u00fc\u015fm\u0259n diz \u00e7\u00f6kd\u00fc, t\u0259slim oldu, a\u011f bayraq qald\u0131rd\u0131. 10 noyabr \u00fc\u00e7t\u0259r\u0259fli raz\u0131la\u015fmas\u0131na uy\u011fun olaraq K\u0259lb\u0259c\u0259r, La\u00e7\u0131n, A\u011fdam rayonlar\u0131n\u0131 \u00a0bir g\u00fcll\u0259 atmadan geri ald\u0131q. \u015eu\u015fan\u0131n azad olunmas\u0131 g\u00fcn\u00fc Z\u0259f\u0259r G\u00fcn\u00fc elan edildi. Bu, tarixdir. B\u00fct\u00fcn bu reall\u0131qlar yeni tariximizl\u0259 ba\u011fl\u0131 yaz\u0131lacaq d\u0259rslikl\u0259rd\u0259, kitablarda \u00f6z \u0259ksini tapacaq. 44 g\u00fcnl\u00fck \u0130kinci Qaraba\u011f m\u00fcharib\u0259si\u00a0 \u00a0Az\u0259rbaycan xalq\u0131n\u0131n \u0259yilm\u0259z ruhunun d\u00fcnyaya t\u0259qdimat\u0131d\u0131r.<\/p>\n","protected":false},"excerpt":{"rendered":"<p>D\u00f6vl\u0259timizin ba\u015f\u00e7\u0131s\u0131 \u0130lham \u018fliyev\u00a0Ayd\u0131n K\u0259rimovu Prezidentin \u015eu\u015fa rayonunda x\u00fcsusi n\u00fcmay\u0259nd\u0259si t\u0259yin olunmas\u0131 il\u0259 \u0259laq\u0259dar videoformatda q\u0259bul ed\u0259rk\u0259n aliml\u0259rimizin, m\u00fct\u0259x\u0259ssisl\u0259rimizin qar\u015f\u0131s\u0131nda\u00a0 bu t\u0259l\u0259bi qoydu ki, tarixi h\u0259qiq\u0259tl\u0259r daha dol\u011fun \u015f\u0259kild\u0259 \u00e7atd\u0131r\u0131lmal\u0131d\u0131r: torpaqlar\u0131 satan kimdir, torpaqlar\u0131 \u0259sar\u0259td\u0259n qurtaran kimdir Hadis\u0259l\u0259r\u0259 \u0259n b\u00f6y\u00fck d\u0259y\u0259ri zaman verir. \u0130ll\u0259r ke\u00e7dikc\u0259 ba\u015f ver\u0259n hadis\u0259l\u0259rin mahiyy\u0259ti daha dol\u011fun \u015f\u0259kild\u0259 d\u0259rk olunur v\u0259 ictimaiyy\u0259t\u0259 \u00e7atd\u0131r\u0131l\u0131r. Ulu \u00f6nd\u0259r Heyd\u0259r \u018fliyev bu ca\u011f\u0131r\u0131\u015f\u0131 edirdi: \u201c Tarixi oldu\u011fu kimi q\u0259bul etm\u0259k, d\u0259rk etm\u0259k v\u0259 oldu\u011fu kimi qiym\u0259tl\u0259ndirm\u0259k laz\u0131md\u0131r,\u00a0 tarixi t\u0259hrif etm\u0259k d\u0259 olmaz, tariximizd\u0259ki qara l\u0259k\u0259l\u0259ri, qara s\u0259hif\u0259l\u0259ri unutmaq da olmaz.\u201d\u00a0&hellip;<\/p>\n","protected":false},"author":2,"featured_media":281592,"comment_status":"closed","ping_status":"closed","sticky":false,"template":"","format":"standard","meta":{"om_disable_all_campaigns":false,"_monsterinsights_skip_tracking":false,"_monsterinsights_sitenote_active":false,"_monsterinsights_sitenote_note":"","_monsterinsights_sitenote_category":0},"categories":[8],"tags":[],"aioseo_notices":[],"gutentor_comment":0,"rttpg_featured_image_url":{"full":["https:\/\/arantv.az\/wp-content\/uploads\/2021\/01\/818cdcf0160404565084039169911098748-1.jpg",975,540,false],"landscape":["https:\/\/arantv.az\/wp-content\/uploads\/2021\/01\/818cdcf0160404565084039169911098748-1.jpg",975,540,false],"portraits":["https:\/\/arantv.az\/wp-content\/uploads\/2021\/01\/818cdcf0160404565084039169911098748-1.jpg",975,540,false],"thumbnail":["https:\/\/arantv.az\/wp-content\/uploads\/2021\/01\/818cdcf0160404565084039169911098748-1-150x150.jpg",150,150,true],"medium":["https:\/\/arantv.az\/wp-content\/uploads\/2021\/01\/818cdcf0160404565084039169911098748-1-300x166.jpg",300,166,true],"large":["https:\/\/arantv.az\/wp-content\/uploads\/2021\/01\/818cdcf0160404565084039169911098748-1.jpg",640,354,false],"1536x1536":["https:\/\/arantv.az\/wp-content\/uploads\/2021\/01\/818cdcf0160404565084039169911098748-1.jpg",975,540,false],"2048x2048":["https:\/\/arantv.az\/wp-content\/uploads\/2021\/01\/818cdcf0160404565084039169911098748-1.jpg",975,540,false],"post-thumbnail":["https:\/\/arantv.az\/wp-content\/uploads\/2021\/01\/818cdcf0160404565084039169911098748-1-240x172.jpg",240,172,true],"advps-thumb-one":["https:\/\/arantv.az\/wp-content\/uploads\/2021\/01\/818cdcf0160404565084039169911098748-1.jpg",975,540,false]},"rttpg_author":{"display_name":"V\u00fcsal Rafiqo\u011flu","author_link":"https:\/\/arantv.az\/?author=2"},"rttpg_comment":0,"rttpg_category":"<a href=\"https:\/\/arantv.az\/?cat=8\" rel=\"category\">\u018fsas s\u0259hif\u0259<\/a>","rttpg_excerpt":"D\u00f6vl\u0259timizin ba\u015f\u00e7\u0131s\u0131 \u0130lham \u018fliyev\u00a0Ayd\u0131n K\u0259rimovu Prezidentin \u015eu\u015fa rayonunda x\u00fcsusi n\u00fcmay\u0259nd\u0259si t\u0259yin olunmas\u0131 il\u0259 \u0259laq\u0259dar videoformatda q\u0259bul ed\u0259rk\u0259n aliml\u0259rimizin, m\u00fct\u0259x\u0259ssisl\u0259rimizin qar\u015f\u0131s\u0131nda\u00a0 bu t\u0259l\u0259bi qoydu ki, tarixi h\u0259qiq\u0259tl\u0259r daha dol\u011fun \u015f\u0259kild\u0259 \u00e7atd\u0131r\u0131lmal\u0131d\u0131r: torpaqlar\u0131 satan kimdir, torpaqlar\u0131 \u0259sar\u0259td\u0259n qurtaran kimdir Hadis\u0259l\u0259r\u0259 \u0259n b\u00f6y\u00fck d\u0259y\u0259ri zaman verir. \u0130ll\u0259r ke\u00e7dikc\u0259 ba\u015f ver\u0259n hadis\u0259l\u0259rin mahiyy\u0259ti daha dol\u011fun \u015f\u0259kild\u0259 d\u0259rk olunur v\u0259&hellip;","_links":{"self":[{"href":"https:\/\/arantv.az\/index.php?rest_route=\/wp\/v2\/posts\/281591"}],"collection":[{"href":"https:\/\/arantv.az\/index.php?rest_route=\/wp\/v2\/posts"}],"about":[{"href":"https:\/\/arantv.az\/index.php?rest_route=\/wp\/v2\/types\/post"}],"author":[{"embeddable":true,"href":"https:\/\/arantv.az\/index.php?rest_route=\/wp\/v2\/users\/2"}],"replies":[{"embeddable":true,"href":"https:\/\/arantv.az\/index.php?rest_route=%2Fwp%2Fv2%2Fcomments&post=281591"}],"version-history":[{"count":0,"href":"https:\/\/arantv.az\/index.php?rest_route=\/wp\/v2\/posts\/281591\/revisions"}],"wp:featuredmedia":[{"embeddable":true,"href":"https:\/\/arantv.az\/index.php?rest_route=\/wp\/v2\/media\/281592"}],"wp:attachment":[{"href":"https:\/\/arantv.az\/index.php?rest_route=%2Fwp%2Fv2%2Fmedia&parent=281591"}],"wp:term":[{"taxonomy":"category","embeddable":true,"href":"https:\/\/arantv.az\/index.php?rest_route=%2Fwp%2Fv2%2Fcategories&post=281591"},{"taxonomy":"post_tag","embeddable":true,"href":"https:\/\/arantv.az\/index.php?rest_route=%2Fwp%2Fv2%2Ftags&post=281591"}],"curies":[{"name":"wp","href":"https:\/\/api.w.org\/{rel}","templated":true}]}}