{"id":281595,"date":"2021-01-28T20:01:35","date_gmt":"2021-01-28T17:01:35","guid":{"rendered":"http:\/\/arantv.az\/?p=281595"},"modified":"2021-01-28T20:01:35","modified_gmt":"2021-01-28T17:01:35","slug":"qarabag-dirc%c9%99lis-fondu-xalqimizin-birlik-v%c9%99-h%c9%99mr%c9%99yliyinin-r%c9%99mzidir","status":"publish","type":"post","link":"https:\/\/arantv.az\/?p=281595","title":{"rendered":"Qaraba\u011f Dir\u00e7\u0259li\u015f Fondu xalq\u0131m\u0131z\u0131n birlik v\u0259 h\u0259mr\u0259yliyinin r\u0259mzidir."},"content":{"rendered":"<p>\u0130\u015f\u011faldan azad olunmu\u015f \u0259razil\u0259rimizd\u0259 quruculuq i\u015fl\u0259rin\u0259 d\u0259st\u0259k verm\u0259k h\u0259r bir az\u0259rbaycanl\u0131n\u0131n arzusu v\u0259 \u015f\u0259r\u0259f borcudur. \u00c7\u00fcnki bu d\u0259st\u0259k h\u0259m d\u0259 bizim q\u0259l\u0259b\u0259miz\u0259, q\u00fcdr\u0259tli v\u0259 g\u00fccl\u00fc Az\u0259rbaycan namin\u0259 milli birlik ideyas\u0131na, suveren v\u0259 t\u0259hl\u00fck\u0259siz ya\u015famaq m\u0259qs\u0259dimiz\u0259 m\u00fch\u00fcm t\u00f6hf\u0259 olacaq. M\u0259hz b\u00fct\u00fcn vacib m\u0259qamlar\u0131 n\u0259z\u0259r\u0259 alaraq Prezident \u0130lham \u018fliyev 2021-ci il yanvar\u0131n 4-d\u0259 \u201cQaraba\u011f Dir\u00e7\u0259li\u015f Fondu\u201d publik h\u00fcquqi \u015f\u0259xsin yarad\u0131lmas\u0131, yanvar\u0131n 19-da is\u0259 bu Fondun f\u0259aliyy\u0259tinin t\u0259min edilm\u0259si haqq\u0131nda f\u0259rmanlar imzalay\u0131b.<\/p>\n<p>Qaraba\u011f Dir\u00e7\u0259li\u015f Fondu azad olunmu\u015f \u0259razil\u0259rimizin b\u0259rpa prosesind\u0259 k\u00f6n\u00fcll\u00fcl\u00fck v\u0259 b\u0259rab\u0259rh\u00fcquqluluq prinsipi \u0259sas\u0131nda i\u015ftirak etm\u0259k ist\u0259y\u0259n b\u00fct\u00fcn v\u0259t\u0259nda\u015flar\u0131m\u0131z \u00fc\u00e7\u00fcn yarad\u0131lm\u0131\u015f vahid institutdur. Beyn\u0259lxalq t\u0259cr\u00fcb\u0259d\u0259 postkonflikt b\u0259rpa fondlar\u0131 m\u00fcnaqi\u015f\u0259 n\u0259tic\u0259sind\u0259 d\u0259ymi\u015f ziyan\u0131n t\u0259hlili, \u0259razil\u0259rin minalardan t\u0259mizl\u0259nm\u0259si, infrastrukturun b\u0259rpas\u0131, s\u0259hiyy\u0259 v\u0259 t\u0259hsil kimi xidm\u0259tl\u0259rin b\u0259rpas\u0131, m\u0259cburi k\u00f6\u00e7k\u00fcnl\u0259rin evl\u0259rin\u0259 qaytar\u0131lmas\u0131, iqtisadi b\u0259rpa kimi bir \u00e7ox m\u0259s\u0259l\u0259l\u0259ri \u0259hat\u0259 edir. Qaraba\u011f Dir\u00e7\u0259li\u015f Fondu b\u00fct\u00fcn bu m\u0259s\u0259l\u0259l\u0259ri \u0259hat\u0259 etm\u0259kl\u0259 geni\u015f funksionall\u0131\u011fa malikdir. F\u0259rmanda da g\u00f6st\u0259rilir ki, Fondun yarad\u0131lmas\u0131nda \u0259sas m\u0259qs\u0259d i\u015f\u011faldan azad olunmu\u015f \u0259razil\u0259rd\u0259 dayan\u0131ql\u0131 m\u0259skunla\u015fma \u00fc\u00e7\u00fcn m\u00fcasir v\u0259 layiqli h\u0259yat\u0131n t\u0259min edilm\u0259si, b\u00fct\u00fcn sah\u0259l\u0259rd\u0259 quruculuq &#8211; b\u0259rpa v\u0259 abadl\u0131q i\u015fl\u0259rinin apar\u0131lmas\u0131, habel\u0259 t\u0259hl\u00fck\u0259siz ya\u015fay\u0131\u015f\u0131n, s\u0259m\u0259r\u0259li f\u0259aliyy\u0259tin v\u0259 rifah\u0131n davaml\u0131 artmas\u0131n\u0131n d\u0259st\u0259kl\u0259nm\u0259sidir.<\/p>\n<p>Dig\u0259r t\u0259r\u0259fd\u0259n yeni yarad\u0131lan bu Fond xalq\u0131m\u0131z\u0131n Qaraba\u011f\u0131n b\u0259rpas\u0131nda birlik v\u0259 i\u015ftirak\u0131n\u0131n t\u0259minat\u00e7\u0131s\u0131 olacaq. Postkonflikt d\u00f6vr\u00fcn\u00fcn b\u0259rpas\u0131 b\u00f6y\u00fck maliyy\u0259 v\u0259saiti v\u0259 resurslar\u0131n s\u0259f\u0259rb\u0259rliyini t\u0259l\u0259b ed\u0259n uzunm\u00fcdd\u0259tli bir prosesdir. Buna g\u00f6r\u0259 d\u0259 bu m\u0259rh\u0259l\u0259d\u0259 iqtisadi g\u00fccl\u0259rin birl\u0259\u015fdirilm\u0259si s\u00f6z\u00fcged\u0259n prosesin s\u00fcr\u0259tli, \u015f\u0259ffaf v\u0259 s\u0259m\u0259r\u0259li formada h\u0259yata ke\u00e7irilm\u0259sin\u0259 \u015f\u0259rait yaradacaq. Postkonflikt d\u00f6vr\u00fcnd\u0259 d\u00f6vl\u0259t &#8211; \u00f6z\u0259l sektor \u0259m\u0259kda\u015fl\u0131\u011f\u0131n\u0131n Qaraba\u011f\u0131n dir\u00e7\u0259li\u015fin\u0259 t\u00f6hf\u0259si b\u00f6y\u00fck ola bil\u0259r. Bel\u0259 ki, d\u00f6vl\u0259tin maliyy\u0259 v\u0259 iqtisadi resurslar\u0131n\u0131n s\u0259rh\u0259dsiz olmad\u0131\u011f\u0131n\u0131 n\u0259z\u0259r\u0259 alsaq, m\u00fcxt\u0259lif layih\u0259l\u0259rd\u0259 \u00f6z\u0259l institutlar\u0131n bu proses\u0259 c\u0259lb olunmas\u0131 iqtisadi b\u0259rpa prosesini tezl\u0259\u015fdir\u0259 v\u0259 eyni zamanda, qurulan infrastruktur layih\u0259l\u0259rinin m\u00fcasirliyini v\u0259 r\u0259qab\u0259t qabiliyy\u0259tliliyini art\u0131ra bil\u0259r.<\/p>\n<p>Fondun \u0259sasnam\u0259sind\u0259 yer alacaq \u0259sas m\u0259s\u0259l\u0259l\u0259rd\u0259n biri maliyy\u0259l\u0259\u015fm\u0259 m\u0259nb\u0259l\u0259ri il\u0259 ba\u011fl\u0131d\u0131r. F\u0259rmana \u0259sas\u0259n, Qaraba\u011f Dir\u00e7\u0259li\u015f Fondunun \u0259sas maliyy\u0259 v\u0259saitl\u0259ri fiziki v\u0259 h\u00fcquqi \u015f\u0259xsl\u0259rin ian\u0259l\u0259ri, qrantlar v\u0259 qanunla qada\u011fan olunmayan dig\u0259r m\u0259nb\u0259l\u0259r hesab\u0131na formala\u015f\u0131r. 2021-ci ilin d\u00f6vl\u0259t b\u00fcdc\u0259sind\u0259 \u0259sasl\u0131 x\u0259rcl\u0259r \u00fc\u00e7\u00fcn n\u0259z\u0259rd\u0259 tutulan v\u0259saitin 2,2 milyard manat\u0131 i\u015f\u011faldan azad olunmu\u015f tarixi \u0259razil\u0259rimiz\u0259 b\u00f6y\u00fck qay\u0131d\u0131\u015f\u0131n t\u0259min edilm\u0259sin\u0259 x\u0259rcl\u0259n\u0259c\u0259k. M\u0259lum oldu\u011fu kimi, erm\u0259ni vandallar\u0131n\u0131n 30 il \u0259rzind\u0259 ya\u015fay\u0131\u015f v\u0259 ictimai binalar\u0131 yerl\u0259-yeksan ed\u0259r\u0259k da\u011f\u0131tmalar\u0131, b\u00fct\u00fcn infrastruktur obyektl\u0259rini, maddi-m\u0259d\u0259niyy\u0259t abid\u0259l\u0259rini m\u0259hv etm\u0259l\u0259ri, yeralt\u0131 s\u0259rv\u0259tl\u0259rimizi v\u0259h\u015fic\u0259sin\u0259 talan etm\u0259l\u0259ri n\u0259tic\u0259sind\u0259 d\u0259ymi\u015f ziyan\u0131n aradan qald\u0131r\u0131lmas\u0131 v\u0259 h\u0259min \u0259razil\u0259r\u0259 yenid\u0259n h\u0259yat\u0131n v\u0259 iqtisadi inki\u015faf\u0131n qay\u0131tmas\u0131 b\u00f6y\u00fck v\u0259sait t\u0259l\u0259b edir. B\u00fct\u00fcn bunlar\u0131 n\u0259z\u0259r\u0259 alsaq bu prosesd\u0259 b\u00fcdc\u0259d\u0259n k\u0259nar v\u0259saitl\u0259rin d\u0259 c\u0259lb olunmas\u0131 Qaraba\u011fa qay\u0131d\u0131\u015f\u0131m\u0131z\u0131 s\u00fcr\u0259tl\u0259ndir\u0259c\u0259k.<\/p>\n<p>Haz\u0131rda \u0259n m\u00fch\u00fcm m\u0259s\u0259l\u0259l\u0259rd\u0259n biri i\u015f\u011faldan azad olunmu\u015f \u0259razil\u0259rimizin s\u00fcr\u0259tli \u015f\u0259kild\u0259 b\u0259rpas\u0131 il\u0259 ba\u011fl\u0131d\u0131r. Qaraba\u011f Dir\u00e7\u0259li\u015f Fondunun s\u00fcr\u0259tli \u015f\u0259kild\u0259 f\u0259aliyy\u0259t qurmas\u0131, bu f\u0259aliyy\u0259t \u00e7\u0259r\u00e7iv\u0259sind\u0259, eyni zamanda, \u015f\u00fcbh\u0259siz ki, \u00f6lk\u0259 daxilind\u0259n v\u0259 xaricind\u0259n g\u0259l\u0259c\u0259k qlobal v\u0259 irimiqyasl\u0131, Qaraba\u011f\u0131n inki\u015faf strategiyas\u0131na m\u00fch\u00fcm t\u00f6hf\u0259l\u0259r ver\u0259 bil\u0259c\u0259k layih\u0259l\u0259r bu prosesd\u0259 b\u00f6y\u00fck bir imkan qayna\u011f\u0131 olacaq. Bu Fondun yarad\u0131lmas\u0131 bir daha g\u00f6st\u0259rir ki, Az\u0259rbaycan d\u00f6vl\u0259tinin v\u0259 Prezidentinin m\u0259qs\u0259di t\u0259kc\u0259 \u0259razil\u0259rimizin erm\u0259ni i\u015f\u011fal\u0131ndan azad edilm\u0259si deyil, eyni zamanda, azad edilmi\u015f \u0259razil\u0259rin h\u0259rt\u0259r\u0259fli b\u0259rpa edil\u0259r\u0259k Az\u0259rbaycan\u0131n sabit inki\u015faf ed\u0259n b\u00f6y\u00fck hiss\u0259si il\u0259 b\u0259rab\u0259rl\u0259\u015fdirilm\u0259si v\u0259 \u00f6lk\u0259nin sosial-iqtisadi sistemin\u0259 daxil edilm\u0259si d\u0259 \u0259sas h\u0259d\u0259fl\u0259rimizd\u0259n biridir. B\u00fct\u00fcn bu prosesl\u0259rl\u0259 ba\u011fl\u0131 \u015eu\u015fadan tutmu\u015f K\u0259lb\u0259c\u0259r\u0259 q\u0259d\u0259r i\u015f\u011faldan azad edilmi\u015f rayonlar\u0131n h\u0259r birin\u0259 spesifik yana\u015fma t\u0259tbiq olunacaq. \u00c7\u00fcnki Z\u0259ngilan, Qubadl\u0131 rayonlar\u0131n\u0131n iqtisadiyyat\u0131, sosial h\u0259yat\u0131, imkanlar\u0131 il\u0259 \u015eu\u015fa, K\u0259lb\u0259c\u0259r, La\u00e7\u0131n, A\u011fdam v\u0259 F\u00fczulinin imkanlar\u0131 f\u0259rqlidir.<\/p>\n","protected":false},"excerpt":{"rendered":"<p>\u0130\u015f\u011faldan azad olunmu\u015f \u0259razil\u0259rimizd\u0259 quruculuq i\u015fl\u0259rin\u0259 d\u0259st\u0259k verm\u0259k h\u0259r bir az\u0259rbaycanl\u0131n\u0131n arzusu v\u0259 \u015f\u0259r\u0259f borcudur. \u00c7\u00fcnki bu d\u0259st\u0259k h\u0259m d\u0259 bizim q\u0259l\u0259b\u0259miz\u0259, q\u00fcdr\u0259tli v\u0259 g\u00fccl\u00fc Az\u0259rbaycan namin\u0259 milli birlik ideyas\u0131na, suveren v\u0259 t\u0259hl\u00fck\u0259siz ya\u015famaq m\u0259qs\u0259dimiz\u0259 m\u00fch\u00fcm t\u00f6hf\u0259 olacaq. M\u0259hz b\u00fct\u00fcn vacib m\u0259qamlar\u0131 n\u0259z\u0259r\u0259 alaraq Prezident \u0130lham \u018fliyev 2021-ci il yanvar\u0131n 4-d\u0259 \u201cQaraba\u011f Dir\u00e7\u0259li\u015f Fondu\u201d publik h\u00fcquqi \u015f\u0259xsin yarad\u0131lmas\u0131, yanvar\u0131n 19-da is\u0259 bu Fondun f\u0259aliyy\u0259tinin t\u0259min edilm\u0259si haqq\u0131nda f\u0259rmanlar imzalay\u0131b. Qaraba\u011f Dir\u00e7\u0259li\u015f Fondu azad olunmu\u015f \u0259razil\u0259rimizin b\u0259rpa prosesind\u0259 k\u00f6n\u00fcll\u00fcl\u00fck v\u0259 b\u0259rab\u0259rh\u00fcquqluluq prinsipi \u0259sas\u0131nda i\u015ftirak etm\u0259k ist\u0259y\u0259n b\u00fct\u00fcn v\u0259t\u0259nda\u015flar\u0131m\u0131z \u00fc\u00e7\u00fcn yarad\u0131lm\u0131\u015f vahid&hellip;<\/p>\n","protected":false},"author":2,"featured_media":281596,"comment_status":"closed","ping_status":"closed","sticky":false,"template":"","format":"standard","meta":{"om_disable_all_campaigns":false,"_monsterinsights_skip_tracking":false,"_monsterinsights_sitenote_active":false,"_monsterinsights_sitenote_note":"","_monsterinsights_sitenote_category":0},"categories":[26],"tags":[],"aioseo_notices":[],"gutentor_comment":0,"rttpg_featured_image_url":{"full":["https:\/\/arantv.az\/wp-content\/uploads\/2021\/01\/a267f93616074962974991774901047797-2.jpg",975,540,false],"landscape":["https:\/\/arantv.az\/wp-content\/uploads\/2021\/01\/a267f93616074962974991774901047797-2.jpg",975,540,false],"portraits":["https:\/\/arantv.az\/wp-content\/uploads\/2021\/01\/a267f93616074962974991774901047797-2.jpg",975,540,false],"thumbnail":["https:\/\/arantv.az\/wp-content\/uploads\/2021\/01\/a267f93616074962974991774901047797-2-150x150.jpg",150,150,true],"medium":["https:\/\/arantv.az\/wp-content\/uploads\/2021\/01\/a267f93616074962974991774901047797-2-300x166.jpg",300,166,true],"large":["https:\/\/arantv.az\/wp-content\/uploads\/2021\/01\/a267f93616074962974991774901047797-2.jpg",640,354,false],"1536x1536":["https:\/\/arantv.az\/wp-content\/uploads\/2021\/01\/a267f93616074962974991774901047797-2.jpg",975,540,false],"2048x2048":["https:\/\/arantv.az\/wp-content\/uploads\/2021\/01\/a267f93616074962974991774901047797-2.jpg",975,540,false],"post-thumbnail":["https:\/\/arantv.az\/wp-content\/uploads\/2021\/01\/a267f93616074962974991774901047797-2-240x172.jpg",240,172,true],"advps-thumb-one":["https:\/\/arantv.az\/wp-content\/uploads\/2021\/01\/a267f93616074962974991774901047797-2.jpg",975,540,false]},"rttpg_author":{"display_name":"V\u00fcsal Rafiqo\u011flu","author_link":"https:\/\/arantv.az\/?author=2"},"rttpg_comment":0,"rttpg_category":"<a href=\"https:\/\/arantv.az\/?cat=26\" rel=\"category\">Sosial<\/a>","rttpg_excerpt":"\u0130\u015f\u011faldan azad olunmu\u015f \u0259razil\u0259rimizd\u0259 quruculuq i\u015fl\u0259rin\u0259 d\u0259st\u0259k verm\u0259k h\u0259r bir az\u0259rbaycanl\u0131n\u0131n arzusu v\u0259 \u015f\u0259r\u0259f borcudur. \u00c7\u00fcnki bu d\u0259st\u0259k h\u0259m d\u0259 bizim q\u0259l\u0259b\u0259miz\u0259, q\u00fcdr\u0259tli v\u0259 g\u00fccl\u00fc Az\u0259rbaycan namin\u0259 milli birlik ideyas\u0131na, suveren v\u0259 t\u0259hl\u00fck\u0259siz ya\u015famaq m\u0259qs\u0259dimiz\u0259 m\u00fch\u00fcm t\u00f6hf\u0259 olacaq. M\u0259hz b\u00fct\u00fcn vacib m\u0259qamlar\u0131 n\u0259z\u0259r\u0259 alaraq Prezident \u0130lham \u018fliyev 2021-ci il yanvar\u0131n 4-d\u0259 \u201cQaraba\u011f Dir\u00e7\u0259li\u015f Fondu\u201d publik&hellip;","_links":{"self":[{"href":"https:\/\/arantv.az\/index.php?rest_route=\/wp\/v2\/posts\/281595"}],"collection":[{"href":"https:\/\/arantv.az\/index.php?rest_route=\/wp\/v2\/posts"}],"about":[{"href":"https:\/\/arantv.az\/index.php?rest_route=\/wp\/v2\/types\/post"}],"author":[{"embeddable":true,"href":"https:\/\/arantv.az\/index.php?rest_route=\/wp\/v2\/users\/2"}],"replies":[{"embeddable":true,"href":"https:\/\/arantv.az\/index.php?rest_route=%2Fwp%2Fv2%2Fcomments&post=281595"}],"version-history":[{"count":0,"href":"https:\/\/arantv.az\/index.php?rest_route=\/wp\/v2\/posts\/281595\/revisions"}],"wp:featuredmedia":[{"embeddable":true,"href":"https:\/\/arantv.az\/index.php?rest_route=\/wp\/v2\/media\/281596"}],"wp:attachment":[{"href":"https:\/\/arantv.az\/index.php?rest_route=%2Fwp%2Fv2%2Fmedia&parent=281595"}],"wp:term":[{"taxonomy":"category","embeddable":true,"href":"https:\/\/arantv.az\/index.php?rest_route=%2Fwp%2Fv2%2Fcategories&post=281595"},{"taxonomy":"post_tag","embeddable":true,"href":"https:\/\/arantv.az\/index.php?rest_route=%2Fwp%2Fv2%2Ftags&post=281595"}],"curies":[{"name":"wp","href":"https:\/\/api.w.org\/{rel}","templated":true}]}}