{"id":281611,"date":"2021-01-28T20:07:00","date_gmt":"2021-01-28T17:07:00","guid":{"rendered":"http:\/\/arantv.az\/?p=281611"},"modified":"2021-01-28T20:07:00","modified_gmt":"2021-01-28T17:07:00","slug":"s%c9%99hid-m%c9%99d%c9%99niyy%c9%99t-iscil%c9%99rinin-ail%c9%99-uzvl%c9%99ri-v%c9%99-doyusl%c9%99rd%c9%99-yaralanan-%c9%99m%c9%99kdaslarla-gorus-kecirilib-foto","status":"publish","type":"post","link":"https:\/\/arantv.az\/?p=281611","title":{"rendered":"\u015e\u0259hid m\u0259d\u0259niyy\u0259t i\u015f\u00e7il\u0259rinin ail\u0259 \u00fczvl\u0259ri v\u0259 d\u00f6y\u00fc\u015fl\u0259rd\u0259 yaralanan \u0259m\u0259kda\u015flarla g\u00f6r\u00fc\u015f ke\u00e7irilib &#8211; FOTO"},"content":{"rendered":"<p>M\u0259d\u0259niyy\u0259t naziri Anar K\u0259rimovun tap\u015f\u0131r\u0131\u011f\u0131na \u0259sas\u0259n yanvar\u0131n 27-d\u0259 Milli Kitabxanada V\u0259t\u0259n m\u00fcharib\u0259sind\u0259 q\u0259hr\u0259manl\u0131q g\u00f6st\u0259r\u0259r\u0259k \u015f\u0259hidlik zirv\u0259sin\u0259 ucalan m\u0259d\u0259niyy\u0259t i\u015f\u00e7il\u0259rinin ail\u0259 \u00fczvl\u0259ri v\u0259 d\u00f6y\u00fc\u015fl\u0259rd\u0259 yaralanan m\u0259d\u0259niyy\u0259t i\u015f\u00e7il\u0259ri il\u0259 g\u00f6r\u00fc\u015f ke\u00e7irilib.<\/p>\n<p>Bu bar\u0259d\u0259 M\u0259d\u0259niyy\u0259t Nazirliyi m\u0259lumat yay\u0131b.<\/p>\n<p>Bildirilib ki, ilk olaraq V\u0259t\u0259n m\u00fcharib\u0259si \u015f\u0259hidl\u0259rinin \u0259ziz xatir\u0259si bir d\u0259qiq\u0259lik s\u00fckutla yad edilib.<\/p>\n<div id=\"AdviadNativeVideo0\" class=\"AdviadNativeVideo\"><\/div>\n<p>M\u0259d\u0259niyy\u0259t Nazirliyinin Regional siyas\u0259t \u015f\u00f6b\u0259sinin m\u00fcdiri v\u0259zif\u0259sini icra ed\u0259n V\u00fcqar M\u0259mm\u0259dov \u00e7\u0131x\u0131\u015f ed\u0259r\u0259k 44 g\u00fcnl\u00fck V\u0259t\u0259n m\u00fcharib\u0259sind\u0259 qazan\u0131lan Q\u0259l\u0259b\u0259 m\u00fcnasib\u0259til\u0259 t\u0259dbir i\u015ftirak\u00e7\u0131lar\u0131n\u0131 t\u0259brik edib. Bildirib ki, xalq\u0131m\u0131z\u0131n bir yumruq kimi Ali Ba\u015f Komandan\u0131n \u0259traf\u0131nda birl\u0259\u015fm\u0259si n\u0259tic\u0259sind\u0259 m\u00fcz\u0259ff\u0259r Ordumuz 30 il\u0259 yax\u0131n h\u0259sr\u0259tind\u0259 oldu\u011fumuz Qaraba\u011f\u0131m\u0131z\u0131 i\u015f\u011faldan azad etdi.<\/p>\n<p>V\u00fcqar M\u0259mm\u0259dov qeyd edib ki, tarixi Z\u0259f\u0259rl\u0259 ba\u015fa \u00e7atan m\u00fcharib\u0259d\u0259 8 n\u0259f\u0259r m\u0259d\u0259niyy\u0259t i\u015f\u00e7isi \u015f\u0259hidlik zirv\u0259sin\u0259 ucal\u0131b, 10 n\u0259f\u0259r m\u0259d\u0259niyy\u0259t i\u015f\u00e7isi yaralan\u0131b. M\u0259d\u0259niyy\u0259t sah\u0259sind\u0259 \u00e7al\u0131\u015fan 160-dan \u00e7ox insan\u0131n yax\u0131n qohumu \u015f\u0259hid olub: \u201c\u00d6lk\u0259mizin \u0259razi b\u00fct\u00f6vl\u00fcy\u00fc u\u011frunda ged\u0259n d\u00f6y\u00fc\u015fl\u0259rd\u0259 \u015f\u0259hidlik zirv\u0259sin\u0259 y\u00fcks\u0259lmi\u015f v\u0259 yaralanm\u0131\u015f m\u0259d\u0259niyy\u0259t i\u015f\u00e7il\u0259rinin ail\u0259l\u0259rin\u0259 nazirlik t\u0259r\u0259find\u0259n maddi yard\u0131m g\u00f6st\u0259rilib. M\u0259s\u0259l\u0259 Az\u0259rbaycan Respublikas\u0131 M\u0259d\u0259niyy\u0259t Nazirliyinin daim diqq\u0259tind\u0259 saxlan\u0131lacaq v\u0259 bundan sonra da bu istiqam\u0259td\u0259 \u0259h\u0259miyy\u0259tli add\u0131mlar at\u0131lacaq. Bel\u0259 ki, \u0259vv\u0259ll\u0259r \u00e7al\u0131\u015fd\u0131\u011f\u0131 m\u00fc\u0259ssis\u0259l\u0259rd\u0259 v\u0259 aidiyy\u0259ti rayonlar\u0131n apar\u0131c\u0131 m\u0259d\u0259niyy\u0259t m\u00fc\u0259ssis\u0259l\u0259rind\u0259 \u015f\u0259hidl\u0259r\u0259 dair gu\u015f\u0259l\u0259rin yarad\u0131lmas\u0131, regionlarda f\u0259aliyy\u0259t g\u00f6st\u0259r\u0259n xalq teatrlar\u0131 t\u0259r\u0259find\u0259n V\u0259t\u0259n m\u00fcharib\u0259sind\u0259 i\u015ftirak etmi\u015f, \u015f\u0259hid olmu\u015f v\u0259 yaralanm\u0131\u015f \u015f\u0259xsl\u0259rin ke\u00e7diyi d\u00f6y\u00fc\u015f yolunu \u0259ks etdir\u0259n tama\u015falar\u0131n haz\u0131rlanmas\u0131, 27 sentyabr &#8211; An\u0131m G\u00fcn\u00fcnd\u0259, habel\u0259 dig\u0259r \u0259lam\u0259tdar g\u00fcnl\u0259rd\u0259 \u015f\u0259hidl\u0259r\u0259 h\u0259sr olunmu\u015f xatir\u0259 v\u0259 d\u0259st\u0259k t\u0259dbirl\u0259rinin t\u0259\u015fkili kimi i\u015fl\u0259r h\u0259yata ke\u00e7iril\u0259c\u0259kdir\u201d.<\/p>\n<p>V.M\u0259mm\u0259dov \u00e7\u0131x\u0131\u015f\u0131n\u0131n sonunda V\u0259t\u0259n torpa\u011f\u0131n\u0131n azadl\u0131\u011f\u0131 kimi m\u00fcq\u0259dd\u0259s amal u\u011frunda \u00f6z\u00fcn\u00fc f\u0259da etmi\u015f b\u00fct\u00fcn \u015f\u0259hidl\u0259rimiz\u0259 Allahdan r\u0259hm\u0259t, ail\u0259l\u0259rin\u0259, yax\u0131nlar\u0131na m\u0259tan\u0259t, yaral\u0131lara \u015f\u0259fa dil\u0259di.<\/p>\n<p>Daha sonra \u015f\u0259hid m\u0259d\u0259niyy\u0259t i\u015f\u00e7il\u0259rinin ail\u0259 \u00fczvl\u0259ri \u00e7\u0131x\u0131\u015f ed\u0259r\u0259k \u00f6vladlar\u0131n\u0131n adlar\u0131n\u0131n \u0259b\u0259dil\u0259\u015fdirilm\u0259si haqq\u0131nda t\u0259klifl\u0259rini ir\u0259li s\u00fcrd\u00fcl\u0259r. D\u00f6y\u00fc\u015fl\u0259rd\u0259 yaralanm\u0131\u015f m\u0259d\u0259niyy\u0259t i\u015f\u00e7il\u0259ri is\u0259 onlara g\u00f6st\u0259ril\u0259n diqq\u0259t\u0259 g\u00f6r\u0259 M\u0259d\u0259niyy\u0259t Nazirliyin\u0259 t\u0259\u015f\u0259kk\u00fcrl\u0259rini bildirdil\u0259r.<\/p>\n<p>Sonda V\u0259t\u0259n m\u00fcharib\u0259sind\u0259 can\u0131n\u0131 f\u0259da ed\u0259n m\u0259d\u0259niyy\u0259t i\u015f\u00e7il\u0259rin\u0259 h\u0259sr olunmu\u015f video\u00e7arx n\u00fcmayi\u015f olundu.<\/p>\n<p>Qeyd ed\u0259k ki, torpaqlar\u0131m\u0131z\u0131n i\u015f\u011faldan azad edilm\u0259si u\u011frunda ged\u0259n d\u00f6y\u00fc\u015fl\u0259rd\u0259 minl\u0259rl\u0259 V\u0259t\u0259n \u00f6vlad\u0131 il\u0259 b\u0259rab\u0259r, m\u0259d\u0259niyy\u0259t m\u00fc\u0259ssis\u0259l\u0259rind\u0259 \u00e7al\u0131\u015fan insanlar da k\u00f6n\u00fcll\u00fc ordu s\u0131ralar\u0131na yaz\u0131l\u0131b v\u0259 onlardan 65 n\u0259f\u0259ri s\u0259f\u0259rb\u0259rliy\u0259 c\u0259lb olunub. M\u00fcxt\u0259lif d\u00f6y\u00fc\u015f b\u00f6lg\u0259l\u0259rind\u0259 q\u0259hr\u0259manl\u0131q g\u00f6st\u0259r\u0259n m\u0259d\u0259niyy\u0259t i\u015f\u00e7il\u0259rind\u0259n 8 n\u0259f\u0259r \u2013 F\u00fczuli \u015f\u0259h\u0259r 3 n\u00f6mr\u0259li U\u015faq Musiqi M\u0259kt\u0259binin m\u00fc\u0259llimi To\u011frul Hac\u0131yev, Qobustan \u015f\u0259h\u0259r R.Behbudov ad\u0131na U\u015faq \u0130nc\u0259s\u0259n\u0259t M\u0259kt\u0259binin m\u00fc\u0259llimi Rauf \u018fliyev, G\u0259nc\u0259 \u015f\u0259h\u0259r Nizami m\u0259qb\u0259r\u0259sinin b\u0259l\u0259d\u00e7isi Hikm\u0259t M\u0259mm\u0259dov, G\u00f6y\u00e7ay \u015f\u0259h\u0259r U\u015faq Musiqi M\u0259kt\u0259binin m\u00fc\u0259llimi Alim \u0130brahimov, C\u0259bray\u0131l rayon Mahmudlu k\u0259nd U\u015faq Musiqi M\u0259kt\u0259binin m\u00fc\u0259llimi Zamin R\u0259himov, L\u0259nk\u0259ran \u015f\u0259h\u0259r M\u0259d\u0259niyy\u0259t M\u0259rk\u0259zinin kurs r\u0259hb\u0259ri Tural H\u00fcmm\u0259tov, Az\u0259rbaycan D\u00f6vl\u0259t Akademik Musiqili Teatr\u0131n i\u015f\u0131q operatoru \u018flia\u011fa M\u0259mm\u0259dov, T\u0259rt\u0259r \u015f\u0259h\u0259r U\u015faq Musiqi M\u0259kt\u0259binin m\u00fc\u0259llimi Mehman \u018fliyev \u015f\u0259hidlik zirv\u0259sin\u0259 ucal\u0131blar.<\/p>\n<p>10 n\u0259f\u0259r m\u0259d\u0259niyy\u0259t i\u015f\u00e7isi \u2013 \u0130smay\u0131ll\u0131 Regional M\u0259d\u0259niyy\u0259t \u0130dar\u0259sinin apar\u0131c\u0131 m\u00fct\u0259x\u0259ssisi Orxan Babazad\u0259, F.\u018fmirov ad\u0131na G\u0259nc\u0259 D\u00f6vl\u0259t Filarmoniyas\u0131n\u0131n \u201cG\u00f6yg\u00f6l\u201d D\u00f6vl\u0259t Mahn\u0131 v\u0259 R\u0259qs Ansambl\u0131n\u0131n \u00fczv\u00fc F\u0259rrux H\u0259s\u0259nov, Balak\u0259n rayon 1 sayl\u0131 \u015f\u0259h\u0259r S\u0259n\u0259tkarl\u0131q klubunun m\u00fcdiri Turan Musayev, C.Cabbarl\u0131 ad\u0131na L\u0259nk\u0259ran \u015f\u0259h\u0259r 1 n\u00f6mr\u0259li U\u015faq Musiqi M\u0259kt\u0259binin t\u0259s\u0259rr\u00fcfat m\u00fcdiri C\u0259mal\u0259ddin \u015eahm\u0259mm\u0259dov, Yevlax \u015f\u0259h\u0259r 6 n\u00f6mr\u0259li Diyar\u015f\u00fcnasl\u0131q klubunun metodisti \u018fl\u0259mdar Quliyev, Ab\u015feron rayon Qobu q\u0259s\u0259b\u0259 U\u015faq \u0130nc\u0259s\u0259n\u0259t M\u0259kt\u0259binin m\u00fc\u0259llimi M\u0259sim M\u0259simzad\u0259, Leopold v\u0259 Mstislav Rostopovi\u00e7l\u0259rin Ev-Muzeyinin elmi i\u015f\u00e7isi V\u00fcqar M\u0259mm\u0259dzad\u0259, \u201cDublaj\u201d studiyas\u0131n\u0131n montaj\u00e7\u0131s\u0131 \u00d6m\u0259r Mirz\u0259xanov, Akademik Milli Dram Teatr\u0131n r\u0259ssam\u0131 T\u0259rlan \u018fsg\u0259rli v\u0259 Az\u0259rbaycan D\u00f6vl\u0259t Akademik Filarmoniyas\u0131n\u0131n r\u0259qqas\u0131 Firdovsi Eyvazov d\u00f6y\u00fc\u015fl\u0259rd\u0259 yaralan\u0131blar.<\/p>\n<p>Onu da bildir\u0259k ki, Az\u0259rbaycan Respublikas\u0131 Prezidentinin m\u00fcvafiq s\u0259r\u0259ncamlar\u0131na \u0259sas\u0259n, \u015f\u0259hid m\u0259d\u0259niyy\u0259ti i\u015f\u00e7il\u0259ri \u018flia\u011fa M\u0259mm\u0259dov, To\u011frul Hac\u0131yev, Rauf \u018fliyev, Hikm\u0259t M\u0259mm\u0259dov, Alim \u0130brahimov, Zamin R\u0259himov, Tural H\u00fcmm\u0259tov \u00f6l\u00fcml\u0259rind\u0259n sonra \u201cV\u0259t\u0259n u\u011frunda\u201d medal\u0131 il\u0259 t\u0259ltif edilibl\u0259r. H\u0259m\u00e7inin d\u00f6y\u00fc\u015fl\u0259rd\u0259 yaralanm\u0131\u015f m\u0259d\u0259niyy\u0259t i\u015f\u00e7il\u0259ri d\u0259 m\u00fcxt\u0259lif medallarla t\u0259ltif olunmu\u015flar.<\/p>\n<div class=\"gallery\">\n<div class=\"gallery-i\"><img src=\"https:\/\/cdn.oxu.az\/uploads\/W1siZiIsIjIwMjEvMDEvMjgvMjAvNDEvMDEvZDljZjdmMmItZTk3Ni00N2MwLThkOGItZmQyNmY3ODJhNGNlLzc3LmpwZyJdLFsicCIsImVuY29kZSIsImpwZyIsIi1xdWFsaXR5IDgwIl0sWyJwIiwidGh1bWIiLCI1OTB4NTkwXHUwMDNlIl1d?sha=1b08802bd4b3542d\" alt=\"\" \/><\/p>\n<div class=\"gallery-i-caption\"><\/div>\n<\/div>\n<div class=\"gallery-i\"><img src=\"https:\/\/cdn.oxu.az\/uploads\/W1siZiIsIjIwMjEvMDEvMjgvMjAvNDEvMDEvYTQ3ZTczOGMtZDgwYi00MDVjLTljMWEtODkxMzFlNGNlYWI1LzY2LmpwZyJdLFsicCIsImVuY29kZSIsImpwZyIsIi1xdWFsaXR5IDgwIl0sWyJwIiwidGh1bWIiLCI1OTB4NTkwXHUwMDNlIl1d?sha=4c5a2cbe73661ecf\" alt=\"\" \/><\/p>\n<div class=\"gallery-i-caption\"><\/div>\n<\/div>\n<div class=\"gallery-i\"><img src=\"https:\/\/cdn.oxu.az\/uploads\/W1siZiIsIjIwMjEvMDEvMjgvMjAvNDEvMDEvY2YyNDYzYWUtYzU2NC00NTY4LTg1OWQtYmNiZGQ1N2M4NDljLzQ0LmpwZyJdLFsicCIsImVuY29kZSIsImpwZyIsIi1xdWFsaXR5IDgwIl0sWyJwIiwidGh1bWIiLCI1OTB4NTkwXHUwMDNlIl1d?sha=99d24fa4c2328832\" alt=\"\" \/><\/p>\n<div class=\"gallery-i-caption\"><\/div>\n<\/div>\n<div class=\"gallery-i\"><img src=\"https:\/\/cdn.oxu.az\/uploads\/W1siZiIsIjIwMjEvMDEvMjgvMjAvNDEvMDEvOGM1OGVlMmEtYjU1MS00ODBmLTgwY2EtODExZDU1ZTM0NjlkLzMzLmpwZyJdLFsicCIsImVuY29kZSIsImpwZyIsIi1xdWFsaXR5IDgwIl0sWyJwIiwidGh1bWIiLCI1OTB4NTkwXHUwMDNlIl1d?sha=7988571616e110a3\" alt=\"\" \/><\/p>\n<div class=\"gallery-i-caption\"><\/div>\n<\/div>\n<div class=\"gallery-i\"><img src=\"https:\/\/cdn.oxu.az\/uploads\/W1siZiIsIjIwMjEvMDEvMjgvMjAvNDEvMDEvNGZiNDQyZDgtMTJmNi00ZTQyLWJkMDgtOGY0N2Q4NGM1NzQxLzIyLmpwZyJdLFsicCIsImVuY29kZSIsImpwZyIsIi1xdWFsaXR5IDgwIl0sWyJwIiwidGh1bWIiLCI1OTB4NTkwXHUwMDNlIl1d?sha=bed8ea144c9f9fe1\" alt=\"\" \/><\/p>\n<div class=\"gallery-i-caption\"><\/div>\n<\/div>\n<div class=\"gallery-i\"><img src=\"https:\/\/cdn.oxu.az\/uploads\/W1siZiIsIjIwMjEvMDEvMjgvMjAvNDEvMDIvMGI4YzVkOTgtZDc4OC00OGExLWEwZWQtNjllMDM1YjViMTM3LzExLmpwZyJdLFsicCIsImVuY29kZSIsImpwZyIsIi1xdWFsaXR5IDgwIl0sWyJwIiwidGh1bWIiLCI1OTB4NTkwXHUwMDNlIl1d?sha=ed4756d8dec48d44\" alt=\"\" \/><\/div>\n<\/div>\n","protected":false},"excerpt":{"rendered":"<p>M\u0259d\u0259niyy\u0259t naziri Anar K\u0259rimovun tap\u015f\u0131r\u0131\u011f\u0131na \u0259sas\u0259n yanvar\u0131n 27-d\u0259 Milli Kitabxanada V\u0259t\u0259n m\u00fcharib\u0259sind\u0259 q\u0259hr\u0259manl\u0131q g\u00f6st\u0259r\u0259r\u0259k \u015f\u0259hidlik zirv\u0259sin\u0259 ucalan m\u0259d\u0259niyy\u0259t i\u015f\u00e7il\u0259rinin ail\u0259 \u00fczvl\u0259ri v\u0259 d\u00f6y\u00fc\u015fl\u0259rd\u0259 yaralanan m\u0259d\u0259niyy\u0259t i\u015f\u00e7il\u0259ri il\u0259 g\u00f6r\u00fc\u015f ke\u00e7irilib. Bu bar\u0259d\u0259 M\u0259d\u0259niyy\u0259t Nazirliyi m\u0259lumat yay\u0131b. Bildirilib ki, ilk olaraq V\u0259t\u0259n m\u00fcharib\u0259si \u015f\u0259hidl\u0259rinin \u0259ziz xatir\u0259si bir d\u0259qiq\u0259lik s\u00fckutla yad edilib. M\u0259d\u0259niyy\u0259t Nazirliyinin Regional siyas\u0259t \u015f\u00f6b\u0259sinin m\u00fcdiri v\u0259zif\u0259sini icra ed\u0259n V\u00fcqar M\u0259mm\u0259dov \u00e7\u0131x\u0131\u015f ed\u0259r\u0259k 44 g\u00fcnl\u00fck V\u0259t\u0259n m\u00fcharib\u0259sind\u0259 qazan\u0131lan Q\u0259l\u0259b\u0259 m\u00fcnasib\u0259til\u0259 t\u0259dbir i\u015ftirak\u00e7\u0131lar\u0131n\u0131 t\u0259brik edib. Bildirib ki, xalq\u0131m\u0131z\u0131n bir yumruq kimi Ali Ba\u015f Komandan\u0131n \u0259traf\u0131nda birl\u0259\u015fm\u0259si n\u0259tic\u0259sind\u0259 m\u00fcz\u0259ff\u0259r Ordumuz 30 il\u0259 yax\u0131n&hellip;<\/p>\n","protected":false},"author":2,"featured_media":281612,"comment_status":"closed","ping_status":"closed","sticky":false,"template":"","format":"standard","meta":{"om_disable_all_campaigns":false,"_monsterinsights_skip_tracking":false,"_monsterinsights_sitenote_active":false,"_monsterinsights_sitenote_note":"","_monsterinsights_sitenote_category":0},"categories":[26],"tags":[],"aioseo_notices":[],"gutentor_comment":0,"rttpg_featured_image_url":{"full":["https:\/\/arantv.az\/wp-content\/uploads\/2021\/01\/esas-2.jpg",620,356,false],"landscape":["https:\/\/arantv.az\/wp-content\/uploads\/2021\/01\/esas-2.jpg",620,356,false],"portraits":["https:\/\/arantv.az\/wp-content\/uploads\/2021\/01\/esas-2.jpg",620,356,false],"thumbnail":["https:\/\/arantv.az\/wp-content\/uploads\/2021\/01\/esas-2-150x150.jpg",150,150,true],"medium":["https:\/\/arantv.az\/wp-content\/uploads\/2021\/01\/esas-2-300x172.jpg",300,172,true],"large":["https:\/\/arantv.az\/wp-content\/uploads\/2021\/01\/esas-2.jpg",620,356,false],"1536x1536":["https:\/\/arantv.az\/wp-content\/uploads\/2021\/01\/esas-2.jpg",620,356,false],"2048x2048":["https:\/\/arantv.az\/wp-content\/uploads\/2021\/01\/esas-2.jpg",620,356,false],"post-thumbnail":["https:\/\/arantv.az\/wp-content\/uploads\/2021\/01\/esas-2-240x172.jpg",240,172,true],"advps-thumb-one":["https:\/\/arantv.az\/wp-content\/uploads\/2021\/01\/esas-2.jpg",620,356,false]},"rttpg_author":{"display_name":"V\u00fcsal Rafiqo\u011flu","author_link":"https:\/\/arantv.az\/?author=2"},"rttpg_comment":0,"rttpg_category":"<a href=\"https:\/\/arantv.az\/?cat=26\" rel=\"category\">Sosial<\/a>","rttpg_excerpt":"M\u0259d\u0259niyy\u0259t naziri Anar K\u0259rimovun tap\u015f\u0131r\u0131\u011f\u0131na \u0259sas\u0259n yanvar\u0131n 27-d\u0259 Milli Kitabxanada V\u0259t\u0259n m\u00fcharib\u0259sind\u0259 q\u0259hr\u0259manl\u0131q g\u00f6st\u0259r\u0259r\u0259k \u015f\u0259hidlik zirv\u0259sin\u0259 ucalan m\u0259d\u0259niyy\u0259t i\u015f\u00e7il\u0259rinin ail\u0259 \u00fczvl\u0259ri v\u0259 d\u00f6y\u00fc\u015fl\u0259rd\u0259 yaralanan m\u0259d\u0259niyy\u0259t i\u015f\u00e7il\u0259ri il\u0259 g\u00f6r\u00fc\u015f ke\u00e7irilib. Bu bar\u0259d\u0259 M\u0259d\u0259niyy\u0259t Nazirliyi m\u0259lumat yay\u0131b. Bildirilib ki, ilk olaraq V\u0259t\u0259n m\u00fcharib\u0259si \u015f\u0259hidl\u0259rinin \u0259ziz xatir\u0259si bir d\u0259qiq\u0259lik s\u00fckutla yad edilib. M\u0259d\u0259niyy\u0259t Nazirliyinin Regional siyas\u0259t \u015f\u00f6b\u0259sinin m\u00fcdiri&hellip;","_links":{"self":[{"href":"https:\/\/arantv.az\/index.php?rest_route=\/wp\/v2\/posts\/281611"}],"collection":[{"href":"https:\/\/arantv.az\/index.php?rest_route=\/wp\/v2\/posts"}],"about":[{"href":"https:\/\/arantv.az\/index.php?rest_route=\/wp\/v2\/types\/post"}],"author":[{"embeddable":true,"href":"https:\/\/arantv.az\/index.php?rest_route=\/wp\/v2\/users\/2"}],"replies":[{"embeddable":true,"href":"https:\/\/arantv.az\/index.php?rest_route=%2Fwp%2Fv2%2Fcomments&post=281611"}],"version-history":[{"count":0,"href":"https:\/\/arantv.az\/index.php?rest_route=\/wp\/v2\/posts\/281611\/revisions"}],"wp:featuredmedia":[{"embeddable":true,"href":"https:\/\/arantv.az\/index.php?rest_route=\/wp\/v2\/media\/281612"}],"wp:attachment":[{"href":"https:\/\/arantv.az\/index.php?rest_route=%2Fwp%2Fv2%2Fmedia&parent=281611"}],"wp:term":[{"taxonomy":"category","embeddable":true,"href":"https:\/\/arantv.az\/index.php?rest_route=%2Fwp%2Fv2%2Fcategories&post=281611"},{"taxonomy":"post_tag","embeddable":true,"href":"https:\/\/arantv.az\/index.php?rest_route=%2Fwp%2Fv2%2Ftags&post=281611"}],"curies":[{"name":"wp","href":"https:\/\/api.w.org\/{rel}","templated":true}]}}