{"id":281637,"date":"2021-01-29T08:04:27","date_gmt":"2021-01-29T05:04:27","guid":{"rendered":"http:\/\/arantv.az\/?p=281637"},"modified":"2021-01-29T08:04:27","modified_gmt":"2021-01-29T05:04:27","slug":"qazaxistanda-latin-h%c9%99rfl%c9%99rin%c9%99-uygunlasdirilmis-yeni-%c9%99lifba-t%c9%99qdim-olundu-foto","status":"publish","type":"post","link":"https:\/\/arantv.az\/?p=281637","title":{"rendered":"Qazax\u0131standa lat\u0131n h\u0259rfl\u0259rin\u0259 uy\u011funla\u015fd\u0131r\u0131lm\u0131\u015f yeni \u0259lifba t\u0259qdim olundu &#8211; FOTO"},"content":{"rendered":"<p>Qazax\u0131stan Milli \u018flifba Komissiyas\u0131 2023-2031-ci illl\u0259rd\u0259 t\u0259dric\u0259n t\u0259tbiq edil\u0259c\u0259k Lat\u0131n h\u0259rfl\u0259rin\u0259 uy\u011funla\u015fd\u0131r\u0131lm\u0131\u015f yeni qazax \u0259lifbas\u0131n\u0131 t\u0259qdim edib.<\/p>\n<p>T\u00fcrkiy\u0259nin \u201cH\u00fcrriyy\u0259t\u201d n\u0259\u015frinin m\u0259lumat\u0131na g\u00f6r\u0259, t\u0259qdimat Ba\u015f nazir Askar Mamin\u0131n s\u0259drliyi il\u0259 ke\u00e7iril\u0259n toplant\u0131da ba\u015f tutub.<\/p>\n<p>\u201c\u018flifban\u0131n t\u0259kmill\u0259\u015fdirilmi\u015f versiyas\u0131 qazax dilinin yay\u0131lmas\u0131na yeni bir t\u0259kan ver\u0259c\u0259k v\u0259 m\u00fcasirl\u0259\u015fm\u0259sin\u0259 k\u00f6m\u0259k ed\u0259c\u0259k\u201d, &#8211; dey\u0259 A.Mamin bildirib.<\/p>\n<div id=\"AdviadNativeVideo0\" class=\"AdviadNativeVideo\"><\/div>\n<p>\u0130clasda qeyd olunub ki, \u018fhm\u0259d Baytursunov ad\u0131na Dil\u00e7ilik \u0130nstitutu t\u0259r\u0259find\u0259n haz\u0131rlanan \u0259lifba &#8220;bir s\u0259s-bir h\u0259rf&#8221; prinsipin\u0259 \u0259saslan\u0131r.<\/p>\n<p>Lat\u0131n h\u0259rfl\u0259rin\u0259 uy\u011funla\u015fd\u0131r\u0131lm\u0131\u015f yeni qazax \u0259lifbas\u0131nda 9-u sait olan 31 \u0259sas h\u0259rf var. Ancaq \u0259lifbaya daxil olmayan \u201cx\u201d v\u0259 \u201cw\u201d kimi h\u0259rfl\u0259r xarici m\u0259n\u015f\u0259li s\u00f6zl\u0259rd\u0259 istifad\u0259 edil\u0259c\u0259k.<\/p>\n<p>Bundan \u0259lav\u0259, Qazax\u0131stan t\u00fcrkc\u0259sin\u0259 aid b\u0259zi s\u0259sl\u0259r c\u00fct n\u00f6qt\u0259li, uzant\u0131, \u00e7\u0259ng\u0259l v\u0259 q\u0131saltma i\u015far\u0259si kimi i\u015far\u0259l\u0259rl\u0259 m\u00fc\u0259yy\u0259nl\u0259\u015fdiril\u0259c\u0259k.<\/p>\n<p>S\u00f6z\u00fcged\u0259n \u0259lifban\u0131n haz\u0131rlanmas\u0131 prosesind\u0259 40-dan \u00e7ox n\u00fcmun\u0259 ara\u015fd\u0131r\u0131l\u0131b. H\u0259m\u00e7inin yeni \u0259lifba il\u0259 yazma v\u0259 oxuma bar\u0259d\u0259 sor\u011fular apar\u0131l\u0131b.<\/p>\n<p>Qeyd ed\u0259k ki, 1940-c\u0131 ild\u0259n b\u0259ri Kiril \u0259lifbas\u0131ndan istifad\u0259 ed\u0259n Qazax\u0131stan 2017-ci ild\u0259 t\u0259dric\u0259n Lat\u0131n \u0259lifbas\u0131na ke\u00e7m\u0259y\u0259 q\u0259rar verib.<\/p>\n<div class=\"gallery\">\n<div class=\"gallery-i\"><img src=\"https:\/\/cdn.oxu.az\/uploads\/W1siZiIsIjIwMjEvMDEvMjgvMjIvMzQvMTEvYjdmYWU2ZTktNzBiZi00NzIwLTkzYjctZTdkMTRmZmNjNzMyLzYwMTJlNDU1N2FmNTA3MjAyOGJmNjg4ZiAoMSkuanBnIl0sWyJwIiwiZW5jb2RlIiwianBnIiwiLXF1YWxpdHkgODAiXSxbInAiLCJ0aHVtYiIsIjU5MHg1OTBcdTAwM2UiXV0?sha=b001f85b4cb8d51e\" alt=\"\" \/><\/div>\n<\/div>\n","protected":false},"excerpt":{"rendered":"<p>Qazax\u0131stan Milli \u018flifba Komissiyas\u0131 2023-2031-ci illl\u0259rd\u0259 t\u0259dric\u0259n t\u0259tbiq edil\u0259c\u0259k Lat\u0131n h\u0259rfl\u0259rin\u0259 uy\u011funla\u015fd\u0131r\u0131lm\u0131\u015f yeni qazax \u0259lifbas\u0131n\u0131 t\u0259qdim edib. T\u00fcrkiy\u0259nin \u201cH\u00fcrriyy\u0259t\u201d n\u0259\u015frinin m\u0259lumat\u0131na g\u00f6r\u0259, t\u0259qdimat Ba\u015f nazir Askar Mamin\u0131n s\u0259drliyi il\u0259 ke\u00e7iril\u0259n toplant\u0131da ba\u015f tutub. \u201c\u018flifban\u0131n t\u0259kmill\u0259\u015fdirilmi\u015f versiyas\u0131 qazax dilinin yay\u0131lmas\u0131na yeni bir t\u0259kan ver\u0259c\u0259k v\u0259 m\u00fcasirl\u0259\u015fm\u0259sin\u0259 k\u00f6m\u0259k ed\u0259c\u0259k\u201d, &#8211; dey\u0259 A.Mamin bildirib. \u0130clasda qeyd olunub ki, \u018fhm\u0259d Baytursunov ad\u0131na Dil\u00e7ilik \u0130nstitutu t\u0259r\u0259find\u0259n haz\u0131rlanan \u0259lifba &#8220;bir s\u0259s-bir h\u0259rf&#8221; prinsipin\u0259 \u0259saslan\u0131r. Lat\u0131n h\u0259rfl\u0259rin\u0259 uy\u011funla\u015fd\u0131r\u0131lm\u0131\u015f yeni qazax \u0259lifbas\u0131nda 9-u sait olan 31 \u0259sas h\u0259rf var. Ancaq \u0259lifbaya daxil olmayan \u201cx\u201d v\u0259 \u201cw\u201d kimi h\u0259rfl\u0259r&hellip;<\/p>\n","protected":false},"author":2,"featured_media":281638,"comment_status":"closed","ping_status":"closed","sticky":false,"template":"","format":"standard","meta":{"om_disable_all_campaigns":false,"_monsterinsights_skip_tracking":false,"_monsterinsights_sitenote_active":false,"_monsterinsights_sitenote_note":"","_monsterinsights_sitenote_category":0},"categories":[7],"tags":[],"aioseo_notices":[],"gutentor_comment":0,"rttpg_featured_image_url":{"full":["https:\/\/arantv.az\/wp-content\/uploads\/2021\/01\/575c95de6224505.jpg",620,413,false],"landscape":["https:\/\/arantv.az\/wp-content\/uploads\/2021\/01\/575c95de6224505.jpg",620,413,false],"portraits":["https:\/\/arantv.az\/wp-content\/uploads\/2021\/01\/575c95de6224505.jpg",620,413,false],"thumbnail":["https:\/\/arantv.az\/wp-content\/uploads\/2021\/01\/575c95de6224505-150x150.jpg",150,150,true],"medium":["https:\/\/arantv.az\/wp-content\/uploads\/2021\/01\/575c95de6224505-300x200.jpg",300,200,true],"large":["https:\/\/arantv.az\/wp-content\/uploads\/2021\/01\/575c95de6224505.jpg",620,413,false],"1536x1536":["https:\/\/arantv.az\/wp-content\/uploads\/2021\/01\/575c95de6224505.jpg",620,413,false],"2048x2048":["https:\/\/arantv.az\/wp-content\/uploads\/2021\/01\/575c95de6224505.jpg",620,413,false],"post-thumbnail":["https:\/\/arantv.az\/wp-content\/uploads\/2021\/01\/575c95de6224505-240x172.jpg",240,172,true],"advps-thumb-one":["https:\/\/arantv.az\/wp-content\/uploads\/2021\/01\/575c95de6224505.jpg",620,413,false]},"rttpg_author":{"display_name":"V\u00fcsal Rafiqo\u011flu","author_link":"https:\/\/arantv.az\/?author=2"},"rttpg_comment":0,"rttpg_category":"<a href=\"https:\/\/arantv.az\/?cat=7\" rel=\"category\">D\u00fcnya<\/a>","rttpg_excerpt":"Qazax\u0131stan Milli \u018flifba Komissiyas\u0131 2023-2031-ci illl\u0259rd\u0259 t\u0259dric\u0259n t\u0259tbiq edil\u0259c\u0259k Lat\u0131n h\u0259rfl\u0259rin\u0259 uy\u011funla\u015fd\u0131r\u0131lm\u0131\u015f yeni qazax \u0259lifbas\u0131n\u0131 t\u0259qdim edib. T\u00fcrkiy\u0259nin \u201cH\u00fcrriyy\u0259t\u201d n\u0259\u015frinin m\u0259lumat\u0131na g\u00f6r\u0259, t\u0259qdimat Ba\u015f nazir Askar Mamin\u0131n s\u0259drliyi il\u0259 ke\u00e7iril\u0259n toplant\u0131da ba\u015f tutub. \u201c\u018flifban\u0131n t\u0259kmill\u0259\u015fdirilmi\u015f versiyas\u0131 qazax dilinin yay\u0131lmas\u0131na yeni bir t\u0259kan ver\u0259c\u0259k v\u0259 m\u00fcasirl\u0259\u015fm\u0259sin\u0259 k\u00f6m\u0259k ed\u0259c\u0259k\u201d, &#8211; dey\u0259 A.Mamin bildirib. \u0130clasda qeyd olunub ki,&hellip;","_links":{"self":[{"href":"https:\/\/arantv.az\/index.php?rest_route=\/wp\/v2\/posts\/281637"}],"collection":[{"href":"https:\/\/arantv.az\/index.php?rest_route=\/wp\/v2\/posts"}],"about":[{"href":"https:\/\/arantv.az\/index.php?rest_route=\/wp\/v2\/types\/post"}],"author":[{"embeddable":true,"href":"https:\/\/arantv.az\/index.php?rest_route=\/wp\/v2\/users\/2"}],"replies":[{"embeddable":true,"href":"https:\/\/arantv.az\/index.php?rest_route=%2Fwp%2Fv2%2Fcomments&post=281637"}],"version-history":[{"count":0,"href":"https:\/\/arantv.az\/index.php?rest_route=\/wp\/v2\/posts\/281637\/revisions"}],"wp:featuredmedia":[{"embeddable":true,"href":"https:\/\/arantv.az\/index.php?rest_route=\/wp\/v2\/media\/281638"}],"wp:attachment":[{"href":"https:\/\/arantv.az\/index.php?rest_route=%2Fwp%2Fv2%2Fmedia&parent=281637"}],"wp:term":[{"taxonomy":"category","embeddable":true,"href":"https:\/\/arantv.az\/index.php?rest_route=%2Fwp%2Fv2%2Fcategories&post=281637"},{"taxonomy":"post_tag","embeddable":true,"href":"https:\/\/arantv.az\/index.php?rest_route=%2Fwp%2Fv2%2Ftags&post=281637"}],"curies":[{"name":"wp","href":"https:\/\/api.w.org\/{rel}","templated":true}]}}