{"id":281641,"date":"2021-01-29T08:05:05","date_gmt":"2021-01-29T05:05:05","guid":{"rendered":"http:\/\/arantv.az\/?p=281641"},"modified":"2021-01-29T08:05:05","modified_gmt":"2021-01-29T05:05:05","slug":"s%c9%99hid-%c9%99hm%c9%99dli-elm%c9%99ddinin-25-yasi-qeyd-olundu-foto","status":"publish","type":"post","link":"https:\/\/arantv.az\/?p=281641","title":{"rendered":"\u015e\u0259hid \u018fhm\u0259dli Elm\u0259ddinin 25 ya\u015f\u0131 qeyd olundu &#8211; FOTO"},"content":{"rendered":"<p>V\u0259t\u0259n m\u00fcharib\u0259sinin \u015f\u0259hidi \u018fhm\u0259dli Elm\u0259ddinin do\u011fum g\u00fcn\u00fc qeyd edilib.<\/p>\n<p>\u201cReport\u201dun m\u0259lumat\u0131na g\u00f6r\u0259, \u015f\u0259hidin 25 ya\u015f\u0131 tamam olub.<\/p>\n<p>Elm\u0259ddin G\u00fclver\u0259n o\u011flu \u018fhm\u0259dli 28 yanvar 1996-ci ild\u0259 Bil\u0259suvar rayonunun T\u0259z\u0259k\u0259nd k\u0259ndind\u0259 do\u011fulub.<\/p>\n<div id=\"AdviadNativeVideo0\" class=\"AdviadNativeVideo\"><\/div>\n<p>T\u0259z\u0259k\u0259nd k\u0259nd orta m\u0259kt\u0259bind\u0259 orta t\u0259hsilini al\u0131b. Daha sonra h\u0259qiqi h\u0259rbi xidm\u0259td\u0259 olub.<br \/>\nAz\u0259rbaycan Respublikas\u0131n\u0131n \u0259razi b\u00fct\u00f6vl\u00fcy\u00fc u\u011frunda 27 sentyabr 2020-ci il tarixd\u0259n ba\u015flayan V\u0259t\u0259n m\u00fcharib\u0259sin\u0259 ilk g\u00fcnl\u0259rd\u0259n qo\u015fulub.<\/p>\n<p>Bir s\u0131ra u\u011furlu \u0259m\u0259liyyatlarda i\u015ftirak edib. Son d\u0259f\u0259 Xocav\u0259nd rayonu istiqam\u0259tind\u0259 ged\u0259n d\u00f6y\u00fc\u015fl\u0259rd\u0259 i\u015ftirak edib v\u0259 d\u00fc\u015fm\u0259n h\u00fccumunun qar\u015f\u0131s\u0131n\u0131 alark\u0259n q\u0259hr\u0259mancas\u0131na \u015f\u0259hid olub.<\/p>\n<p>\u015e\u0259hid Elm\u0259ddin \u018fhm\u0259dli 19 noyabr 2020-ci il tarixd\u0259 Bil\u0259suvar rayonu T\u0259z\u0259k\u0259nd k\u0259nd q\u0259biristanl\u0131\u011f\u0131nda d\u0259fn edilib.<\/p>\n<p>G\u00f6st\u0259rdiyi igidlikl\u0259r\u0259 g\u00f6r\u0259, Ali Ba\u015f Komandan t\u0259r\u0259find\u0259n Elm\u0259ddin \u018fhm\u0259dli \u00f6l\u00fcm\u00fcnd\u0259n sonra \u201dV\u0259t\u0259n u\u011frunda\u201d v\u0259 \u201cXocav\u0259ndin azad olunmas\u0131na g\u00f6r\u0259\u201d medallar\u0131 il\u0259 t\u0259ltif edilib. \u015e\u0259hidimiz evli idi.<\/p>\n<p>Bu g\u00fcn onun ail\u0259si ilk d\u0259f\u0259 olaraq Elm\u0259ddinsiz do\u011fum g\u00fcn\u00fcn\u00fc qeyd edibl\u0259r. \u015e\u0259hidinin m\u0259zar\u0131\u00a0ziyar\u0259t edilib, ruhuna dualar oxunub.<\/p>\n<div class=\"gallery\">\n<div class=\"gallery-i\"><img src=\"https:\/\/cdn.oxu.az\/uploads\/W1siZiIsIjIwMjEvMDEvMjkvMDAvMTYvMDIvYmY4ZDNkY2UtYjExOS00MDJlLWI1ZTItNjkyODhjYWY5MzcyL3NlaGlkMS5qcGciXSxbInAiLCJlbmNvZGUiLCJqcGciLCItcXVhbGl0eSA4MCJdLFsicCIsInRodW1iIiwiNTkweDU5MFx1MDAzZSJdXQ?sha=b12d14a29b34d050\" alt=\"\" \/><\/p>\n<div class=\"gallery-i-caption\"><\/div>\n<\/div>\n<div class=\"gallery-i\"><img src=\"https:\/\/cdn.oxu.az\/uploads\/W1siZiIsIjIwMjEvMDEvMjkvMDAvMTYvMDIvOThmNWZhZDUtMDY3OS00ZmU0LWIzN2EtYTViYmE0YTgwNGUzL3NlaGlkLmpwZyJdLFsicCIsImVuY29kZSIsImpwZyIsIi1xdWFsaXR5IDgwIl0sWyJwIiwidGh1bWIiLCI1OTB4NTkwXHUwMDNlIl1d?sha=fde0b6500a99692d\" alt=\"\" \/><\/div>\n<\/div>\n","protected":false},"excerpt":{"rendered":"<p>V\u0259t\u0259n m\u00fcharib\u0259sinin \u015f\u0259hidi \u018fhm\u0259dli Elm\u0259ddinin do\u011fum g\u00fcn\u00fc qeyd edilib. \u201cReport\u201dun m\u0259lumat\u0131na g\u00f6r\u0259, \u015f\u0259hidin 25 ya\u015f\u0131 tamam olub. Elm\u0259ddin G\u00fclver\u0259n o\u011flu \u018fhm\u0259dli 28 yanvar 1996-ci ild\u0259 Bil\u0259suvar rayonunun T\u0259z\u0259k\u0259nd k\u0259ndind\u0259 do\u011fulub. T\u0259z\u0259k\u0259nd k\u0259nd orta m\u0259kt\u0259bind\u0259 orta t\u0259hsilini al\u0131b. Daha sonra h\u0259qiqi h\u0259rbi xidm\u0259td\u0259 olub. Az\u0259rbaycan Respublikas\u0131n\u0131n \u0259razi b\u00fct\u00f6vl\u00fcy\u00fc u\u011frunda 27 sentyabr 2020-ci il tarixd\u0259n ba\u015flayan V\u0259t\u0259n m\u00fcharib\u0259sin\u0259 ilk g\u00fcnl\u0259rd\u0259n qo\u015fulub. Bir s\u0131ra u\u011furlu \u0259m\u0259liyyatlarda i\u015ftirak edib. Son d\u0259f\u0259 Xocav\u0259nd rayonu istiqam\u0259tind\u0259 ged\u0259n d\u00f6y\u00fc\u015fl\u0259rd\u0259 i\u015ftirak edib v\u0259 d\u00fc\u015fm\u0259n h\u00fccumunun qar\u015f\u0131s\u0131n\u0131 alark\u0259n q\u0259hr\u0259mancas\u0131na \u015f\u0259hid olub. \u015e\u0259hid Elm\u0259ddin \u018fhm\u0259dli 19 noyabr 2020-ci il tarixd\u0259&hellip;<\/p>\n","protected":false},"author":2,"featured_media":281642,"comment_status":"closed","ping_status":"closed","sticky":false,"template":"","format":"standard","meta":{"om_disable_all_campaigns":false,"_monsterinsights_skip_tracking":false,"_monsterinsights_sitenote_active":false,"_monsterinsights_sitenote_note":"","_monsterinsights_sitenote_category":0},"categories":[26],"tags":[],"aioseo_notices":[],"gutentor_comment":0,"rttpg_featured_image_url":{"full":["https:\/\/arantv.az\/wp-content\/uploads\/2021\/01\/sehid11.jpg",620,420,false],"landscape":["https:\/\/arantv.az\/wp-content\/uploads\/2021\/01\/sehid11.jpg",620,420,false],"portraits":["https:\/\/arantv.az\/wp-content\/uploads\/2021\/01\/sehid11.jpg",620,420,false],"thumbnail":["https:\/\/arantv.az\/wp-content\/uploads\/2021\/01\/sehid11-150x150.jpg",150,150,true],"medium":["https:\/\/arantv.az\/wp-content\/uploads\/2021\/01\/sehid11-300x203.jpg",300,203,true],"large":["https:\/\/arantv.az\/wp-content\/uploads\/2021\/01\/sehid11.jpg",620,420,false],"1536x1536":["https:\/\/arantv.az\/wp-content\/uploads\/2021\/01\/sehid11.jpg",620,420,false],"2048x2048":["https:\/\/arantv.az\/wp-content\/uploads\/2021\/01\/sehid11.jpg",620,420,false],"post-thumbnail":["https:\/\/arantv.az\/wp-content\/uploads\/2021\/01\/sehid11-240x172.jpg",240,172,true],"advps-thumb-one":["https:\/\/arantv.az\/wp-content\/uploads\/2021\/01\/sehid11.jpg",620,420,false]},"rttpg_author":{"display_name":"V\u00fcsal Rafiqo\u011flu","author_link":"https:\/\/arantv.az\/?author=2"},"rttpg_comment":0,"rttpg_category":"<a href=\"https:\/\/arantv.az\/?cat=26\" rel=\"category\">Sosial<\/a>","rttpg_excerpt":"V\u0259t\u0259n m\u00fcharib\u0259sinin \u015f\u0259hidi \u018fhm\u0259dli Elm\u0259ddinin do\u011fum g\u00fcn\u00fc qeyd edilib. \u201cReport\u201dun m\u0259lumat\u0131na g\u00f6r\u0259, \u015f\u0259hidin 25 ya\u015f\u0131 tamam olub. Elm\u0259ddin G\u00fclver\u0259n o\u011flu \u018fhm\u0259dli 28 yanvar 1996-ci ild\u0259 Bil\u0259suvar rayonunun T\u0259z\u0259k\u0259nd k\u0259ndind\u0259 do\u011fulub. T\u0259z\u0259k\u0259nd k\u0259nd orta m\u0259kt\u0259bind\u0259 orta t\u0259hsilini al\u0131b. Daha sonra h\u0259qiqi h\u0259rbi xidm\u0259td\u0259 olub. Az\u0259rbaycan Respublikas\u0131n\u0131n \u0259razi b\u00fct\u00f6vl\u00fcy\u00fc u\u011frunda 27 sentyabr 2020-ci il tarixd\u0259n ba\u015flayan V\u0259t\u0259n&hellip;","_links":{"self":[{"href":"https:\/\/arantv.az\/index.php?rest_route=\/wp\/v2\/posts\/281641"}],"collection":[{"href":"https:\/\/arantv.az\/index.php?rest_route=\/wp\/v2\/posts"}],"about":[{"href":"https:\/\/arantv.az\/index.php?rest_route=\/wp\/v2\/types\/post"}],"author":[{"embeddable":true,"href":"https:\/\/arantv.az\/index.php?rest_route=\/wp\/v2\/users\/2"}],"replies":[{"embeddable":true,"href":"https:\/\/arantv.az\/index.php?rest_route=%2Fwp%2Fv2%2Fcomments&post=281641"}],"version-history":[{"count":0,"href":"https:\/\/arantv.az\/index.php?rest_route=\/wp\/v2\/posts\/281641\/revisions"}],"wp:featuredmedia":[{"embeddable":true,"href":"https:\/\/arantv.az\/index.php?rest_route=\/wp\/v2\/media\/281642"}],"wp:attachment":[{"href":"https:\/\/arantv.az\/index.php?rest_route=%2Fwp%2Fv2%2Fmedia&parent=281641"}],"wp:term":[{"taxonomy":"category","embeddable":true,"href":"https:\/\/arantv.az\/index.php?rest_route=%2Fwp%2Fv2%2Fcategories&post=281641"},{"taxonomy":"post_tag","embeddable":true,"href":"https:\/\/arantv.az\/index.php?rest_route=%2Fwp%2Fv2%2Ftags&post=281641"}],"curies":[{"name":"wp","href":"https:\/\/api.w.org\/{rel}","templated":true}]}}