{"id":281645,"date":"2021-01-29T08:05:47","date_gmt":"2021-01-29T05:05:47","guid":{"rendered":"http:\/\/arantv.az\/?p=281645"},"modified":"2021-01-29T08:05:47","modified_gmt":"2021-01-29T05:05:47","slug":"milli-m%c9%99clisin-yaz-sessiyasinin-ilk-iclasinin-gund%c9%99liyi-aciqlandi","status":"publish","type":"post","link":"https:\/\/arantv.az\/?p=281645","title":{"rendered":"Milli M\u0259clisin yaz sessiyas\u0131n\u0131n ilk iclas\u0131n\u0131n g\u00fcnd\u0259liyi a\u00e7\u0131qland\u0131"},"content":{"rendered":"<p>Milli M\u0259clisin fevral\u0131n 1-d\u0259 ke\u00e7iril\u0259c\u0259k yaz sessiyas\u0131n\u0131n ilk iclas\u0131n\u0131n g\u00fcnd\u0259liyi m\u0259lum olub.<\/p>\n<p>\u201cQafqazinfo\u201d x\u0259b\u0259r verir ki, iclas\u0131n g\u00fcnd\u0259liyin\u0259 19 m\u0259s\u0259l\u0259 daxil edilib.<\/p>\n<p>\u0130clasda 2021-ci ilin yaz sessiyas\u0131n\u0131n qanunvericilik plan\u0131 haqq\u0131nda m\u0259s\u0259l\u0259, Milli M\u0259clisin \u0130ntizam Komissiyas\u0131n\u0131n yenid\u0259n t\u0259\u015fkil edilm\u0259si haqq\u0131nda, \u201cM\u0259\u015f\u011fulluq haqq\u0131nda\u201d \u201cNormativ h\u00fcquqi aktlar haqq\u0131nda\u201d, \u201cYol h\u0259r\u0259k\u0259ti haqq\u0131nda\u201d, \u201cNotariat haqq\u0131nda\u201d v\u0259.s qanunlara d\u0259yi\u015fiklikl\u0259r layih\u0259si m\u00fczakir\u0259 edil\u0259c\u0259k.<\/p>\n","protected":false},"excerpt":{"rendered":"<p>Milli M\u0259clisin fevral\u0131n 1-d\u0259 ke\u00e7iril\u0259c\u0259k yaz sessiyas\u0131n\u0131n ilk iclas\u0131n\u0131n g\u00fcnd\u0259liyi m\u0259lum olub. \u201cQafqazinfo\u201d x\u0259b\u0259r verir ki, iclas\u0131n g\u00fcnd\u0259liyin\u0259 19 m\u0259s\u0259l\u0259 daxil edilib. \u0130clasda 2021-ci ilin yaz sessiyas\u0131n\u0131n qanunvericilik plan\u0131 haqq\u0131nda m\u0259s\u0259l\u0259, Milli M\u0259clisin \u0130ntizam Komissiyas\u0131n\u0131n yenid\u0259n t\u0259\u015fkil edilm\u0259si haqq\u0131nda, \u201cM\u0259\u015f\u011fulluq haqq\u0131nda\u201d \u201cNormativ h\u00fcquqi aktlar haqq\u0131nda\u201d, \u201cYol h\u0259r\u0259k\u0259ti haqq\u0131nda\u201d, \u201cNotariat haqq\u0131nda\u201d v\u0259.s qanunlara d\u0259yi\u015fiklikl\u0259r layih\u0259si m\u00fczakir\u0259 edil\u0259c\u0259k.<\/p>\n","protected":false},"author":2,"featured_media":281646,"comment_status":"closed","ping_status":"closed","sticky":false,"template":"","format":"standard","meta":{"om_disable_all_campaigns":false,"_monsterinsights_skip_tracking":false,"_monsterinsights_sitenote_active":false,"_monsterinsights_sitenote_note":"","_monsterinsights_sitenote_category":0},"categories":[19],"tags":[],"aioseo_notices":[],"gutentor_comment":0,"rttpg_featured_image_url":{"full":["https:\/\/arantv.az\/wp-content\/uploads\/2021\/01\/milli-meclis.jpg",620,413,false],"landscape":["https:\/\/arantv.az\/wp-content\/uploads\/2021\/01\/milli-meclis.jpg",620,413,false],"portraits":["https:\/\/arantv.az\/wp-content\/uploads\/2021\/01\/milli-meclis.jpg",620,413,false],"thumbnail":["https:\/\/arantv.az\/wp-content\/uploads\/2021\/01\/milli-meclis-150x150.jpg",150,150,true],"medium":["https:\/\/arantv.az\/wp-content\/uploads\/2021\/01\/milli-meclis-300x200.jpg",300,200,true],"large":["https:\/\/arantv.az\/wp-content\/uploads\/2021\/01\/milli-meclis.jpg",620,413,false],"1536x1536":["https:\/\/arantv.az\/wp-content\/uploads\/2021\/01\/milli-meclis.jpg",620,413,false],"2048x2048":["https:\/\/arantv.az\/wp-content\/uploads\/2021\/01\/milli-meclis.jpg",620,413,false],"post-thumbnail":["https:\/\/arantv.az\/wp-content\/uploads\/2021\/01\/milli-meclis-240x172.jpg",240,172,true],"advps-thumb-one":["https:\/\/arantv.az\/wp-content\/uploads\/2021\/01\/milli-meclis.jpg",620,413,false]},"rttpg_author":{"display_name":"V\u00fcsal Rafiqo\u011flu","author_link":"https:\/\/arantv.az\/?author=2"},"rttpg_comment":0,"rttpg_category":"<a href=\"https:\/\/arantv.az\/?cat=19\" rel=\"category\">G\u00fcnd\u0259m<\/a>","rttpg_excerpt":"Milli M\u0259clisin fevral\u0131n 1-d\u0259 ke\u00e7iril\u0259c\u0259k yaz sessiyas\u0131n\u0131n ilk iclas\u0131n\u0131n g\u00fcnd\u0259liyi m\u0259lum olub. \u201cQafqazinfo\u201d x\u0259b\u0259r verir ki, iclas\u0131n g\u00fcnd\u0259liyin\u0259 19 m\u0259s\u0259l\u0259 daxil edilib. \u0130clasda 2021-ci ilin yaz sessiyas\u0131n\u0131n qanunvericilik plan\u0131 haqq\u0131nda m\u0259s\u0259l\u0259, Milli M\u0259clisin \u0130ntizam Komissiyas\u0131n\u0131n yenid\u0259n t\u0259\u015fkil edilm\u0259si haqq\u0131nda, \u201cM\u0259\u015f\u011fulluq haqq\u0131nda\u201d \u201cNormativ h\u00fcquqi aktlar haqq\u0131nda\u201d, \u201cYol h\u0259r\u0259k\u0259ti haqq\u0131nda\u201d, \u201cNotariat haqq\u0131nda\u201d v\u0259.s qanunlara d\u0259yi\u015fiklikl\u0259r layih\u0259si m\u00fczakir\u0259&hellip;","_links":{"self":[{"href":"https:\/\/arantv.az\/index.php?rest_route=\/wp\/v2\/posts\/281645"}],"collection":[{"href":"https:\/\/arantv.az\/index.php?rest_route=\/wp\/v2\/posts"}],"about":[{"href":"https:\/\/arantv.az\/index.php?rest_route=\/wp\/v2\/types\/post"}],"author":[{"embeddable":true,"href":"https:\/\/arantv.az\/index.php?rest_route=\/wp\/v2\/users\/2"}],"replies":[{"embeddable":true,"href":"https:\/\/arantv.az\/index.php?rest_route=%2Fwp%2Fv2%2Fcomments&post=281645"}],"version-history":[{"count":0,"href":"https:\/\/arantv.az\/index.php?rest_route=\/wp\/v2\/posts\/281645\/revisions"}],"wp:featuredmedia":[{"embeddable":true,"href":"https:\/\/arantv.az\/index.php?rest_route=\/wp\/v2\/media\/281646"}],"wp:attachment":[{"href":"https:\/\/arantv.az\/index.php?rest_route=%2Fwp%2Fv2%2Fmedia&parent=281645"}],"wp:term":[{"taxonomy":"category","embeddable":true,"href":"https:\/\/arantv.az\/index.php?rest_route=%2Fwp%2Fv2%2Fcategories&post=281645"},{"taxonomy":"post_tag","embeddable":true,"href":"https:\/\/arantv.az\/index.php?rest_route=%2Fwp%2Fv2%2Ftags&post=281645"}],"curies":[{"name":"wp","href":"https:\/\/api.w.org\/{rel}","templated":true}]}}