{"id":281649,"date":"2021-01-29T08:06:31","date_gmt":"2021-01-29T05:06:31","guid":{"rendered":"http:\/\/arantv.az\/?p=281649"},"modified":"2021-01-29T08:06:31","modified_gmt":"2021-01-29T05:06:31","slug":"badamdardaki-surusm%c9%99d%c9%99n-bir-ictimai-ias%c9%99-obyekti-iki-f%c9%99rdi-yasayis-evi-z%c9%99r%c9%99r-gorub-yenil%c9%99nib-foto","status":"publish","type":"post","link":"https:\/\/arantv.az\/?p=281649","title":{"rendered":"Badamdardak\u0131 s\u00fcr\u00fc\u015fm\u0259d\u0259n bir ictimai ia\u015f\u0259 obyekti, iki f\u0259rdi ya\u015fay\u0131\u015f evi z\u0259r\u0259r g\u00f6r\u00fcb &#8211; YEN\u0130L\u018fN\u0130B+ FOTO"},"content":{"rendered":"<p>Badamdar q\u0259s\u0259b\u0259sind\u0259 torpaq s\u00fcr\u00fc\u015fm\u0259si \u0259v\u0259\u0259l ba\u015f verdiyi \u0259razid\u0259 aktivl\u0259\u015fib. S\u0259bail Rayon \u0130cra Hakimiyy\u0259tinin ba\u015f\u00e7\u0131s\u0131 V\u00fcqar Zeynalov v\u0259 rayon Polis \u0130dar\u0259sinin r\u0259isi, F\u00f6vq\u0259lad\u0259 Hallar Nazirliyinin \u0259m\u0259kda\u015flar\u0131\u00a0v\u0259 dig\u0259r aidiyy\u0259ti qurumlar\u0131n n\u00fcmay\u0259nd\u0259l\u0259ri d\u0259rhal hadis\u0259 yerin\u0259 g\u0259libl\u0259r.<\/p>\n<p>Bunu\u00a0APA-n\u0131n hadis\u0259 yerind\u0259 olan m\u00fcxbirin\u0259 a\u00e7\u0131qlamas\u0131nda S\u0259bail Rayon \u0130cra Hakimiyy\u0259ti ba\u015f\u00e7\u0131s\u0131n\u0131n m\u00fcavini V\u00fcqar \u015e\u0131x\u0259mm\u0259dov bildirib.<\/p>\n<p>Onun s\u00f6zl\u0259rin\u0259 g\u00f6r\u0259, ilkin m\u00fc\u015fahid\u0259 zaman\u0131 m\u0259lum olub ki, bir ictimai ia\u015f\u0259 obyekti, iki f\u0259rdi ya\u015fay\u0131\u015f evi z\u0259r\u0259r g\u00f6r\u00fcb. H\u0259min evl\u0259rd\u0259 ya\u015fayan sakinl\u0259r d\u0259rhal t\u0259xliy\u0259 edilib:<\/p>\n<p>\u201cEyni zamanda s\u00fcr\u00fc\u015fm\u0259 zaman\u0131 torpaq alt\u0131nda bir minik avtomobili qal\u0131b. Xo\u015fb\u0259xtlikd\u0259n he\u00e7 bir t\u0259l\u0259fat yoxdur\u201d.<\/p>\n<p><strong>22:28<\/strong><\/p>\n<p>Bak\u0131n\u0131n S\u0259b\u0259il rayonu \u0259razisind\u0259, Badamdar \u015fossesind\u0259 ba\u015f vermi\u015f torpaq s\u00fcr\u00fc\u015fm\u0259si ilkin m\u0259lumata \u0259sas\u0259n, \u0259vv\u0259l qeyd\u0259 al\u0131nan hiss\u0259d\u0259 aktivl\u0259\u015fib.<\/p>\n<p>S\u0259bail Rayon \u0130cra Hakimiyy\u0259tinin ba\u015f\u00e7\u0131s\u0131 V\u00fcqar Zeynalov hadis\u0259 yerin\u0259 g\u0259lib.<\/p>\n<p>S\u00fcr\u00fc\u015fm\u0259 n\u0259tic\u0259sind\u0259 bir ia\u015f\u0259 xidm\u0259ti obyekti v\u0259 iki f\u0259rdi ya\u015fay\u0131\u015f evi z\u0259r\u0259r g\u00f6r\u00fcb.<\/p>\n<p>\u018ftrafda ya\u015fayan insanlar t\u0259xliy\u0259 olunub.<\/p>\n<p>Hadis\u0259 yerin\u0259 F\u00f6vq\u0259lad\u0259 Hallar Nazirliyinin v\u0259 S\u0259bail Rayon Polis \u0130dar\u0259sinin r\u0259hb\u0259ri Cavid Muradov v\u0259 polis \u0259m\u0259kda\u015flar\u0131 da c\u0259lb olunub.<\/p>\n<p>Da\u011f\u0131nt\u0131lar alt\u0131nda \u201cMersedes\u201d markal\u0131 avtomobilin qald\u0131\u011f\u0131 bildirilib.<\/p>\n<p>\u018flav\u0259 m\u0259lumat veril\u0259c\u0259k.<\/p>\n<p>&nbsp;<\/p>\n<p><strong>22:08<\/strong><\/p>\n<p>Bak\u0131n\u0131n Badamdar q\u0259s\u0259b\u0259sind\u0259 n\u00f6vb\u0259ti d\u0259f\u0259 torpaq s\u00fcr\u00fc\u015fm\u0259si ba\u015f verib.<\/p>\n<p>\u201cQafqazinfo\u201d x\u0259b\u0259r verir ki, s\u00fcr\u00fc\u015fm\u0259 n\u0259tic\u0259sind\u0259 bir s\u0131ra obyektl\u0259r\u0259 ziddi ziyan d\u0259yib.<\/p>\n<p>Haz\u0131rda aidiyy\u0259ti qurumlar \u0259raziy\u0259 bax\u0131\u015f ke\u00e7irir.<\/p>\n<div class=\"gallery\">\n<div class=\"gallery-i\"><img src=\"https:\/\/cdn.oxu.az\/uploads\/W1siZiIsIjIwMjEvMDEvMjgvMjIvMDYvMzUvNzJlZjFjNWUtNWE4Ny00OWJmLThlOTItOGU1MDlkYmI1ODFjL3N1cjIuanBnIl0sWyJwIiwiZW5jb2RlIiwianBnIiwiLXF1YWxpdHkgODAiXSxbInAiLCJ0aHVtYiIsIjU5MHg1OTBcdTAwM2UiXV0?sha=d70e3df8b6d64409\" alt=\"\" \/><\/p>\n<div class=\"gallery-i-caption\"><\/div>\n<\/div>\n<div class=\"gallery-i\"><img src=\"https:\/\/cdn.oxu.az\/uploads\/W1siZiIsIjIwMjEvMDEvMjgvMjIvMDYvMzUvZmIzZTQyYTctN2ZhNC00YmY0LWExMTctN2FlZDA2YWNiZjQ4L3N1cjMuanBnIl0sWyJwIiwiZW5jb2RlIiwianBnIiwiLXF1YWxpdHkgODAiXSxbInAiLCJ0aHVtYiIsIjU5MHg1OTBcdTAwM2UiXV0?sha=ccd54988331874c7\" alt=\"\" \/><\/p>\n<div class=\"gallery-i-caption\"><\/div>\n<\/div>\n<div class=\"gallery-i\"><img src=\"https:\/\/cdn.oxu.az\/uploads\/W1siZiIsIjIwMjEvMDEvMjgvMjIvMDYvMzUvNmFmNzMwZjMtMDgyNC00MmU2LWEwNmMtYWRhMjJjOGRiYmY1L3N1cjQuanBnIl0sWyJwIiwiZW5jb2RlIiwianBnIiwiLXF1YWxpdHkgODAiXSxbInAiLCJ0aHVtYiIsIjU5MHg1OTBcdTAwM2UiXV0?sha=c2f07f754d59298a\" alt=\"\" \/><\/p>\n<div class=\"gallery-i-caption\"><\/div>\n<\/div>\n<div class=\"gallery-i\"><img src=\"https:\/\/cdn.oxu.az\/uploads\/W1siZiIsIjIwMjEvMDEvMjgvMjIvMDYvMzUvNzUyNjg4MzgtMmViNC00NThmLWE5MzAtYzI1ZmFmY2FiYjczL3N1cjUuanBnIl0sWyJwIiwiZW5jb2RlIiwianBnIiwiLXF1YWxpdHkgODAiXSxbInAiLCJ0aHVtYiIsIjU5MHg1OTBcdTAwM2UiXV0?sha=697ce37702dab406\" alt=\"\" \/><\/p>\n<div class=\"gallery-i-caption\"><\/div>\n<\/div>\n<div class=\"gallery-i\"><img src=\"https:\/\/cdn.oxu.az\/uploads\/W1siZiIsIjIwMjEvMDEvMjgvMjIvMDYvMzUvYjA0YWY2MmUtNjU4Yy00Y2YwLThlOWUtMDFkZjI0NjE2ODhmL3N1cjYuanBnIl0sWyJwIiwiZW5jb2RlIiwianBnIiwiLXF1YWxpdHkgODAiXSxbInAiLCJ0aHVtYiIsIjU5MHg1OTBcdTAwM2UiXV0?sha=8f123af5e409e922\" alt=\"\" \/><\/div>\n<\/div>\n","protected":false},"excerpt":{"rendered":"<p>Badamdar q\u0259s\u0259b\u0259sind\u0259 torpaq s\u00fcr\u00fc\u015fm\u0259si \u0259v\u0259\u0259l ba\u015f verdiyi \u0259razid\u0259 aktivl\u0259\u015fib. S\u0259bail Rayon \u0130cra Hakimiyy\u0259tinin ba\u015f\u00e7\u0131s\u0131 V\u00fcqar Zeynalov v\u0259 rayon Polis \u0130dar\u0259sinin r\u0259isi, F\u00f6vq\u0259lad\u0259 Hallar Nazirliyinin \u0259m\u0259kda\u015flar\u0131\u00a0v\u0259 dig\u0259r aidiyy\u0259ti qurumlar\u0131n n\u00fcmay\u0259nd\u0259l\u0259ri d\u0259rhal hadis\u0259 yerin\u0259 g\u0259libl\u0259r. Bunu\u00a0APA-n\u0131n hadis\u0259 yerind\u0259 olan m\u00fcxbirin\u0259 a\u00e7\u0131qlamas\u0131nda S\u0259bail Rayon \u0130cra Hakimiyy\u0259ti ba\u015f\u00e7\u0131s\u0131n\u0131n m\u00fcavini V\u00fcqar \u015e\u0131x\u0259mm\u0259dov bildirib. Onun s\u00f6zl\u0259rin\u0259 g\u00f6r\u0259, ilkin m\u00fc\u015fahid\u0259 zaman\u0131 m\u0259lum olub ki, bir ictimai ia\u015f\u0259 obyekti, iki f\u0259rdi ya\u015fay\u0131\u015f evi z\u0259r\u0259r g\u00f6r\u00fcb. H\u0259min evl\u0259rd\u0259 ya\u015fayan sakinl\u0259r d\u0259rhal t\u0259xliy\u0259 edilib: \u201cEyni zamanda s\u00fcr\u00fc\u015fm\u0259 zaman\u0131 torpaq alt\u0131nda bir minik avtomobili qal\u0131b. Xo\u015fb\u0259xtlikd\u0259n he\u00e7 bir t\u0259l\u0259fat yoxdur\u201d. 22:28&hellip;<\/p>\n","protected":false},"author":2,"featured_media":281650,"comment_status":"closed","ping_status":"closed","sticky":false,"template":"","format":"standard","meta":{"om_disable_all_campaigns":false,"_monsterinsights_skip_tracking":false,"_monsterinsights_sitenote_active":false,"_monsterinsights_sitenote_note":"","_monsterinsights_sitenote_category":0},"categories":[26],"tags":[],"aioseo_notices":[],"gutentor_comment":0,"rttpg_featured_image_url":{"full":["https:\/\/arantv.az\/wp-content\/uploads\/2021\/01\/sur1.jpg",620,389,false],"landscape":["https:\/\/arantv.az\/wp-content\/uploads\/2021\/01\/sur1.jpg",620,389,false],"portraits":["https:\/\/arantv.az\/wp-content\/uploads\/2021\/01\/sur1.jpg",620,389,false],"thumbnail":["https:\/\/arantv.az\/wp-content\/uploads\/2021\/01\/sur1-150x150.jpg",150,150,true],"medium":["https:\/\/arantv.az\/wp-content\/uploads\/2021\/01\/sur1-300x188.jpg",300,188,true],"large":["https:\/\/arantv.az\/wp-content\/uploads\/2021\/01\/sur1.jpg",620,389,false],"1536x1536":["https:\/\/arantv.az\/wp-content\/uploads\/2021\/01\/sur1.jpg",620,389,false],"2048x2048":["https:\/\/arantv.az\/wp-content\/uploads\/2021\/01\/sur1.jpg",620,389,false],"post-thumbnail":["https:\/\/arantv.az\/wp-content\/uploads\/2021\/01\/sur1-240x172.jpg",240,172,true],"advps-thumb-one":["https:\/\/arantv.az\/wp-content\/uploads\/2021\/01\/sur1.jpg",620,389,false]},"rttpg_author":{"display_name":"V\u00fcsal Rafiqo\u011flu","author_link":"https:\/\/arantv.az\/?author=2"},"rttpg_comment":0,"rttpg_category":"<a href=\"https:\/\/arantv.az\/?cat=26\" rel=\"category\">Sosial<\/a>","rttpg_excerpt":"Badamdar q\u0259s\u0259b\u0259sind\u0259 torpaq s\u00fcr\u00fc\u015fm\u0259si \u0259v\u0259\u0259l ba\u015f verdiyi \u0259razid\u0259 aktivl\u0259\u015fib. S\u0259bail Rayon \u0130cra Hakimiyy\u0259tinin ba\u015f\u00e7\u0131s\u0131 V\u00fcqar Zeynalov v\u0259 rayon Polis \u0130dar\u0259sinin r\u0259isi, F\u00f6vq\u0259lad\u0259 Hallar Nazirliyinin \u0259m\u0259kda\u015flar\u0131\u00a0v\u0259 dig\u0259r aidiyy\u0259ti qurumlar\u0131n n\u00fcmay\u0259nd\u0259l\u0259ri d\u0259rhal hadis\u0259 yerin\u0259 g\u0259libl\u0259r. Bunu\u00a0APA-n\u0131n hadis\u0259 yerind\u0259 olan m\u00fcxbirin\u0259 a\u00e7\u0131qlamas\u0131nda S\u0259bail Rayon \u0130cra Hakimiyy\u0259ti ba\u015f\u00e7\u0131s\u0131n\u0131n m\u00fcavini V\u00fcqar \u015e\u0131x\u0259mm\u0259dov bildirib. Onun s\u00f6zl\u0259rin\u0259 g\u00f6r\u0259, ilkin m\u00fc\u015fahid\u0259 zaman\u0131 m\u0259lum&hellip;","_links":{"self":[{"href":"https:\/\/arantv.az\/index.php?rest_route=\/wp\/v2\/posts\/281649"}],"collection":[{"href":"https:\/\/arantv.az\/index.php?rest_route=\/wp\/v2\/posts"}],"about":[{"href":"https:\/\/arantv.az\/index.php?rest_route=\/wp\/v2\/types\/post"}],"author":[{"embeddable":true,"href":"https:\/\/arantv.az\/index.php?rest_route=\/wp\/v2\/users\/2"}],"replies":[{"embeddable":true,"href":"https:\/\/arantv.az\/index.php?rest_route=%2Fwp%2Fv2%2Fcomments&post=281649"}],"version-history":[{"count":0,"href":"https:\/\/arantv.az\/index.php?rest_route=\/wp\/v2\/posts\/281649\/revisions"}],"wp:featuredmedia":[{"embeddable":true,"href":"https:\/\/arantv.az\/index.php?rest_route=\/wp\/v2\/media\/281650"}],"wp:attachment":[{"href":"https:\/\/arantv.az\/index.php?rest_route=%2Fwp%2Fv2%2Fmedia&parent=281649"}],"wp:term":[{"taxonomy":"category","embeddable":true,"href":"https:\/\/arantv.az\/index.php?rest_route=%2Fwp%2Fv2%2Fcategories&post=281649"},{"taxonomy":"post_tag","embeddable":true,"href":"https:\/\/arantv.az\/index.php?rest_route=%2Fwp%2Fv2%2Ftags&post=281649"}],"curies":[{"name":"wp","href":"https:\/\/api.w.org\/{rel}","templated":true}]}}