{"id":281653,"date":"2021-01-29T08:08:17","date_gmt":"2021-01-29T05:08:17","guid":{"rendered":"http:\/\/arantv.az\/?p=281653"},"modified":"2021-01-29T08:08:17","modified_gmt":"2021-01-29T05:08:17","slug":"mehriban-%c9%99liyeva-r%c9%99misl%c9%99-bagli-gost%c9%99ris-verdi-foto-video","status":"publish","type":"post","link":"https:\/\/arantv.az\/?p=281653","title":{"rendered":"Mehriban \u018fliyeva R\u0259mi\u015fl\u0259 ba\u011fl\u0131 g\u00f6st\u0259ri\u015f verdi &#8211; FOTO\/V\u0130DEO"},"content":{"rendered":"<p>Az\u0259rbaycan\u0131n Birinci vitse-prezidenti Mehriban \u018fliyevan\u0131n tap\u015f\u0131r\u0131\u011f\u0131 il\u0259 xalq artisti Rafiq H\u00fcseynov (R\u0259mi\u015f) x\u0259st\u0259xanaya yerl\u0259\u015fdirilib.<\/p>\n<p>Bu bar\u0259d\u0259\u00a0Unikal.org-a s\u0259n\u0259tkar\u0131n h\u0259yat yolda\u015f\u0131 G\u00fcll\u00fc H\u00fcseynova m\u0259lumat verib:<\/p>\n<article class=\"news\">\n<div class=\"news-inner\">\n<p>\u201cSa\u011f olsun Mehriban xan\u0131m g\u00f6st\u0259ri\u015f verdi. R\u0259mi\u015f Bak\u0131 Sa\u011flaml\u0131q M\u0259rk\u0259zin\u0259 g\u0259tirildi. Haz\u0131rda o, reanimasiyadad\u0131r. S\u0259hh\u0259ti il\u0259 ba\u011fl\u0131 m\u0259n\u0259 h\u0259l\u0259lik m\u0259lumat verilm\u0259yib\u201d.<\/p>\n<div class=\"gallery\">\n<div class=\"gallery-i\"><img src=\"https:\/\/cdn.oxu.az\/uploads\/W1siZiIsIjIwMjEvMDEvMjgvMjMvMDMvNDgvNmQyMzc2NjEtMWE5Ny00ZTFhLThmZmQtYTI5YTkwYjM1ZDk0LzE2MTE4NTEyNzAuMTU1NjUyOTI2N19yZW1pc2guanBnIl0sWyJwIiwiZW5jb2RlIiwianBnIiwiLXF1YWxpdHkgODAiXSxbInAiLCJ0aHVtYiIsIjU5MHg1OTBcdTAwM2UiXV0?sha=a213464ca5d7c595\" alt=\"\" \/><\/p>\n<div class=\"gallery-i-caption\"><\/div>\n<\/div>\n<\/div>\n<div>\n<div><iframe loading=\"lazy\" src=\"https:\/\/www.youtube.com\/embed\/OMiUIhINROQ\" width=\"560\" height=\"315\" frameborder=\"0\" allowfullscreen=\"allowfullscreen\" data-mce-fragment=\"1\"><\/iframe><\/div>\n<\/div>\n<\/div>\n<\/article>\n<h2 class=\"news-share-title\"><\/h2>\n","protected":false},"excerpt":{"rendered":"<p>Az\u0259rbaycan\u0131n Birinci vitse-prezidenti Mehriban \u018fliyevan\u0131n tap\u015f\u0131r\u0131\u011f\u0131 il\u0259 xalq artisti Rafiq H\u00fcseynov (R\u0259mi\u015f) x\u0259st\u0259xanaya yerl\u0259\u015fdirilib. Bu bar\u0259d\u0259\u00a0Unikal.org-a s\u0259n\u0259tkar\u0131n h\u0259yat yolda\u015f\u0131 G\u00fcll\u00fc H\u00fcseynova m\u0259lumat verib: \u201cSa\u011f olsun Mehriban xan\u0131m g\u00f6st\u0259ri\u015f verdi. R\u0259mi\u015f Bak\u0131 Sa\u011flaml\u0131q M\u0259rk\u0259zin\u0259 g\u0259tirildi. Haz\u0131rda o, reanimasiyadad\u0131r. S\u0259hh\u0259ti il\u0259 ba\u011fl\u0131 m\u0259n\u0259 h\u0259l\u0259lik m\u0259lumat verilm\u0259yib\u201d.<\/p>\n","protected":false},"author":2,"featured_media":281654,"comment_status":"closed","ping_status":"closed","sticky":false,"template":"","format":"standard","meta":{"om_disable_all_campaigns":false,"_monsterinsights_skip_tracking":false,"_monsterinsights_sitenote_active":false,"_monsterinsights_sitenote_note":"","_monsterinsights_sitenote_category":0},"categories":[4],"tags":[],"aioseo_notices":[],"gutentor_comment":0,"rttpg_featured_image_url":{"full":["https:\/\/arantv.az\/wp-content\/uploads\/2021\/01\/MEHR\u00c4\u00b0BAN_AL\u00c4\u00b0EVA.jpg",620,406,false],"landscape":["https:\/\/arantv.az\/wp-content\/uploads\/2021\/01\/MEHR\u00c4\u00b0BAN_AL\u00c4\u00b0EVA.jpg",620,406,false],"portraits":["https:\/\/arantv.az\/wp-content\/uploads\/2021\/01\/MEHR\u00c4\u00b0BAN_AL\u00c4\u00b0EVA.jpg",620,406,false],"thumbnail":["https:\/\/arantv.az\/wp-content\/uploads\/2021\/01\/MEHR\u00c4\u00b0BAN_AL\u00c4\u00b0EVA-150x150.jpg",150,150,true],"medium":["https:\/\/arantv.az\/wp-content\/uploads\/2021\/01\/MEHR\u00c4\u00b0BAN_AL\u00c4\u00b0EVA-300x196.jpg",300,196,true],"large":["https:\/\/arantv.az\/wp-content\/uploads\/2021\/01\/MEHR\u00c4\u00b0BAN_AL\u00c4\u00b0EVA.jpg",620,406,false],"1536x1536":["https:\/\/arantv.az\/wp-content\/uploads\/2021\/01\/MEHR\u00c4\u00b0BAN_AL\u00c4\u00b0EVA.jpg",620,406,false],"2048x2048":["https:\/\/arantv.az\/wp-content\/uploads\/2021\/01\/MEHR\u00c4\u00b0BAN_AL\u00c4\u00b0EVA.jpg",620,406,false],"post-thumbnail":["https:\/\/arantv.az\/wp-content\/uploads\/2021\/01\/MEHR\u00c4\u00b0BAN_AL\u00c4\u00b0EVA-240x172.jpg",240,172,true],"advps-thumb-one":["https:\/\/arantv.az\/wp-content\/uploads\/2021\/01\/MEHR\u00c4\u00b0BAN_AL\u00c4\u00b0EVA.jpg",620,406,false]},"rttpg_author":{"display_name":"V\u00fcsal Rafiqo\u011flu","author_link":"https:\/\/arantv.az\/?author=2"},"rttpg_comment":0,"rttpg_category":"<a href=\"https:\/\/arantv.az\/?cat=4\" rel=\"category\">Siyas\u0259t<\/a>","rttpg_excerpt":"Az\u0259rbaycan\u0131n Birinci vitse-prezidenti Mehriban \u018fliyevan\u0131n tap\u015f\u0131r\u0131\u011f\u0131 il\u0259 xalq artisti Rafiq H\u00fcseynov (R\u0259mi\u015f) x\u0259st\u0259xanaya yerl\u0259\u015fdirilib. Bu bar\u0259d\u0259\u00a0Unikal.org-a s\u0259n\u0259tkar\u0131n h\u0259yat yolda\u015f\u0131 G\u00fcll\u00fc H\u00fcseynova m\u0259lumat verib: \u201cSa\u011f olsun Mehriban xan\u0131m g\u00f6st\u0259ri\u015f verdi. R\u0259mi\u015f Bak\u0131 Sa\u011flaml\u0131q M\u0259rk\u0259zin\u0259 g\u0259tirildi. Haz\u0131rda o, reanimasiyadad\u0131r. S\u0259hh\u0259ti il\u0259 ba\u011fl\u0131 m\u0259n\u0259 h\u0259l\u0259lik m\u0259lumat verilm\u0259yib\u201d.","_links":{"self":[{"href":"https:\/\/arantv.az\/index.php?rest_route=\/wp\/v2\/posts\/281653"}],"collection":[{"href":"https:\/\/arantv.az\/index.php?rest_route=\/wp\/v2\/posts"}],"about":[{"href":"https:\/\/arantv.az\/index.php?rest_route=\/wp\/v2\/types\/post"}],"author":[{"embeddable":true,"href":"https:\/\/arantv.az\/index.php?rest_route=\/wp\/v2\/users\/2"}],"replies":[{"embeddable":true,"href":"https:\/\/arantv.az\/index.php?rest_route=%2Fwp%2Fv2%2Fcomments&post=281653"}],"version-history":[{"count":0,"href":"https:\/\/arantv.az\/index.php?rest_route=\/wp\/v2\/posts\/281653\/revisions"}],"wp:featuredmedia":[{"embeddable":true,"href":"https:\/\/arantv.az\/index.php?rest_route=\/wp\/v2\/media\/281654"}],"wp:attachment":[{"href":"https:\/\/arantv.az\/index.php?rest_route=%2Fwp%2Fv2%2Fmedia&parent=281653"}],"wp:term":[{"taxonomy":"category","embeddable":true,"href":"https:\/\/arantv.az\/index.php?rest_route=%2Fwp%2Fv2%2Fcategories&post=281653"},{"taxonomy":"post_tag","embeddable":true,"href":"https:\/\/arantv.az\/index.php?rest_route=%2Fwp%2Fv2%2Ftags&post=281653"}],"curies":[{"name":"wp","href":"https:\/\/api.w.org\/{rel}","templated":true}]}}