{"id":281657,"date":"2021-01-29T08:09:04","date_gmt":"2021-01-29T05:09:04","guid":{"rendered":"http:\/\/arantv.az\/?p=281657"},"modified":"2021-01-29T08:09:04","modified_gmt":"2021-01-29T05:09:04","slug":"susada-avtomobil-q%c9%99zasinda-x%c9%99sar%c9%99t-alan-h%c9%99rbci-13-gun-sonra-v%c9%99fat-etdi","status":"publish","type":"post","link":"https:\/\/arantv.az\/?p=281657","title":{"rendered":"\u015eu\u015fada avtomobil q\u0259zas\u0131nda x\u0259sar\u0259t alan h\u0259rb\u00e7i 13 g\u00fcn sonra v\u0259fat etdi"},"content":{"rendered":"<p>Yanvar\u0131n 15-d\u0259 \u015eu\u015fa istiqam\u0259tind\u0259 avtomobil q\u0259zas\u0131nda a\u011f\u0131r x\u0259sar\u0259t alan Az\u0259rbaycan ordusunun h\u0259rb\u00e7isi &#8211; Xudat rayon sakini, 1998-ci il t\u0259v\u0259ll\u00fcdl\u00fc M\u0259mm\u0259dov Kamil \u015eamil o\u011flu bu g\u00fcn hospitalda\u00a0 h\u0259yat\u0131n\u0131 itirib.<\/p>\n<div id=\"AdviadNativeVideo0\" class=\"AdviadNativeVideo\"><\/div>\n<p>M\u00fcdafi\u0259 Nazirliyind\u0259n fakt\u0131 APA-ya t\u0259sdiq edibl\u0259r.<\/p>\n<p>Qeyd ed\u0259k ki, yanvar ay\u0131n\u0131n 15-d\u0259 ba\u015f ver\u0259n q\u0259za zaman\u0131 daha bir h\u0259rb\u00e7imiz h\u0259lak olmu\u015fdu.<\/p>\n","protected":false},"excerpt":{"rendered":"<p>Yanvar\u0131n 15-d\u0259 \u015eu\u015fa istiqam\u0259tind\u0259 avtomobil q\u0259zas\u0131nda a\u011f\u0131r x\u0259sar\u0259t alan Az\u0259rbaycan ordusunun h\u0259rb\u00e7isi &#8211; Xudat rayon sakini, 1998-ci il t\u0259v\u0259ll\u00fcdl\u00fc M\u0259mm\u0259dov Kamil \u015eamil o\u011flu bu g\u00fcn hospitalda\u00a0 h\u0259yat\u0131n\u0131 itirib. M\u00fcdafi\u0259 Nazirliyind\u0259n fakt\u0131 APA-ya t\u0259sdiq edibl\u0259r. Qeyd ed\u0259k ki, yanvar ay\u0131n\u0131n 15-d\u0259 ba\u015f ver\u0259n q\u0259za zaman\u0131 daha bir h\u0259rb\u00e7imiz h\u0259lak olmu\u015fdu.<\/p>\n","protected":false},"author":2,"featured_media":281658,"comment_status":"closed","ping_status":"closed","sticky":false,"template":"","format":"standard","meta":{"om_disable_all_campaigns":false,"_monsterinsights_skip_tracking":false,"_monsterinsights_sitenote_active":false,"_monsterinsights_sitenote_note":"","_monsterinsights_sitenote_category":0},"categories":[26],"tags":[],"aioseo_notices":[],"gutentor_comment":0,"rttpg_featured_image_url":{"full":["https:\/\/arantv.az\/wp-content\/uploads\/2021\/01\/M\u00c3\u00bcdafi\u00c9_-Nazirliyi-3.jpg",620,414,false],"landscape":["https:\/\/arantv.az\/wp-content\/uploads\/2021\/01\/M\u00c3\u00bcdafi\u00c9_-Nazirliyi-3.jpg",620,414,false],"portraits":["https:\/\/arantv.az\/wp-content\/uploads\/2021\/01\/M\u00c3\u00bcdafi\u00c9_-Nazirliyi-3.jpg",620,414,false],"thumbnail":["https:\/\/arantv.az\/wp-content\/uploads\/2021\/01\/M\u00c3\u00bcdafi\u00c9_-Nazirliyi-3-150x150.jpg",150,150,true],"medium":["https:\/\/arantv.az\/wp-content\/uploads\/2021\/01\/M\u00c3\u00bcdafi\u00c9_-Nazirliyi-3-300x200.jpg",300,200,true],"large":["https:\/\/arantv.az\/wp-content\/uploads\/2021\/01\/M\u00c3\u00bcdafi\u00c9_-Nazirliyi-3.jpg",620,414,false],"1536x1536":["https:\/\/arantv.az\/wp-content\/uploads\/2021\/01\/M\u00c3\u00bcdafi\u00c9_-Nazirliyi-3.jpg",620,414,false],"2048x2048":["https:\/\/arantv.az\/wp-content\/uploads\/2021\/01\/M\u00c3\u00bcdafi\u00c9_-Nazirliyi-3.jpg",620,414,false],"post-thumbnail":["https:\/\/arantv.az\/wp-content\/uploads\/2021\/01\/M\u00c3\u00bcdafi\u00c9_-Nazirliyi-3-240x172.jpg",240,172,true],"advps-thumb-one":["https:\/\/arantv.az\/wp-content\/uploads\/2021\/01\/M\u00c3\u00bcdafi\u00c9_-Nazirliyi-3.jpg",620,414,false]},"rttpg_author":{"display_name":"V\u00fcsal Rafiqo\u011flu","author_link":"https:\/\/arantv.az\/?author=2"},"rttpg_comment":0,"rttpg_category":"<a href=\"https:\/\/arantv.az\/?cat=26\" rel=\"category\">Sosial<\/a>","rttpg_excerpt":"Yanvar\u0131n 15-d\u0259 \u015eu\u015fa istiqam\u0259tind\u0259 avtomobil q\u0259zas\u0131nda a\u011f\u0131r x\u0259sar\u0259t alan Az\u0259rbaycan ordusunun h\u0259rb\u00e7isi &#8211; Xudat rayon sakini, 1998-ci il t\u0259v\u0259ll\u00fcdl\u00fc M\u0259mm\u0259dov Kamil \u015eamil o\u011flu bu g\u00fcn hospitalda\u00a0 h\u0259yat\u0131n\u0131 itirib. M\u00fcdafi\u0259 Nazirliyind\u0259n fakt\u0131 APA-ya t\u0259sdiq edibl\u0259r. Qeyd ed\u0259k ki, yanvar ay\u0131n\u0131n 15-d\u0259 ba\u015f ver\u0259n q\u0259za zaman\u0131 daha bir h\u0259rb\u00e7imiz h\u0259lak olmu\u015fdu.","_links":{"self":[{"href":"https:\/\/arantv.az\/index.php?rest_route=\/wp\/v2\/posts\/281657"}],"collection":[{"href":"https:\/\/arantv.az\/index.php?rest_route=\/wp\/v2\/posts"}],"about":[{"href":"https:\/\/arantv.az\/index.php?rest_route=\/wp\/v2\/types\/post"}],"author":[{"embeddable":true,"href":"https:\/\/arantv.az\/index.php?rest_route=\/wp\/v2\/users\/2"}],"replies":[{"embeddable":true,"href":"https:\/\/arantv.az\/index.php?rest_route=%2Fwp%2Fv2%2Fcomments&post=281657"}],"version-history":[{"count":0,"href":"https:\/\/arantv.az\/index.php?rest_route=\/wp\/v2\/posts\/281657\/revisions"}],"wp:featuredmedia":[{"embeddable":true,"href":"https:\/\/arantv.az\/index.php?rest_route=\/wp\/v2\/media\/281658"}],"wp:attachment":[{"href":"https:\/\/arantv.az\/index.php?rest_route=%2Fwp%2Fv2%2Fmedia&parent=281657"}],"wp:term":[{"taxonomy":"category","embeddable":true,"href":"https:\/\/arantv.az\/index.php?rest_route=%2Fwp%2Fv2%2Fcategories&post=281657"},{"taxonomy":"post_tag","embeddable":true,"href":"https:\/\/arantv.az\/index.php?rest_route=%2Fwp%2Fv2%2Ftags&post=281657"}],"curies":[{"name":"wp","href":"https:\/\/api.w.org\/{rel}","templated":true}]}}