{"id":281665,"date":"2021-01-29T08:11:28","date_gmt":"2021-01-29T05:11:28","guid":{"rendered":"http:\/\/arantv.az\/?p=281665"},"modified":"2021-01-29T08:11:28","modified_gmt":"2021-01-29T05:11:28","slug":"erm%c9%99nil%c9%99r-xocav%c9%99ndd%c9%99-rus-kils%c9%99sini-bel%c9%99-m%c9%99hv-edibl%c9%99r-video","status":"publish","type":"post","link":"https:\/\/arantv.az\/?p=281665","title":{"rendered":"Erm\u0259nil\u0259r Xocav\u0259ndd\u0259 rus kils\u0259sini bel\u0259 M\u018fHV ED\u0130BL\u018fR &#8211; V\u0130DEO"},"content":{"rendered":"<p><strong>Erm\u0259nil\u0259r 1992-ci ilin fevral\u0131nda i\u015f\u011fal etdikl\u0259ri Xoc\u0259v\u0259nd rayonunda yaln\u0131z m\u00fcs\u0259lman maddi-m\u0259n\u0259vi abid\u0259l\u0259rini deyil, \u00f6zl\u0259rinin dua etdikl\u0259ri 127 illik kils\u0259ni d\u0259 m\u0259hv edibl\u0259r.<\/strong><\/p>\n<p><b>ARANTV.AZ\u00a0<\/b>x\u0259b\u0259r verir ki, rayonun m\u0259rk\u0259zind\u0259n 12 km m\u0259saf\u0259d\u0259, Q\u0131z\u0131lqaya adlanan \u0259razid\u0259 yerl\u0259\u015f\u0259n rus kils\u0259si erm\u0259ni vandallar\u0131 t\u0259r\u0259find\u0259n da\u011f\u0131d\u0131l\u0131b, talan edilib.<\/p>\n<p>Onlar tarixi abid\u0259 il\u0259 tarixi ba\u011fl\u0131l\u0131q, dini abid\u0259 il\u0259 m\u0259n\u0259vi ba\u011fl\u0131l\u0131q qura bilm\u0259dikl\u0259rind\u0259n kils\u0259ni c\u0131zma-qaraya \u00e7eviribl\u0259r.<\/p>\n<p>\u018ftrafl\u0131 AzTv-nin reportaj\u0131nda:<\/p>\n<p><iframe loading=\"lazy\" src=\"https:\/\/www.facebook.com\/plugins\/video.php?height=314&amp;href=https%3A%2F%2Fwww.facebook.com%2Faztvresmi%2Fvideos%2F270800524395937%2F&amp;show_text=false&amp;width=560\" width=\"100%&quot;\" height=\"450\" frameborder=\"0\" scrolling=\"no\" allowfullscreen=\"allowfullscreen\" data-mce-fragment=\"1\"><\/iframe><\/p>\n","protected":false},"excerpt":{"rendered":"<p>Erm\u0259nil\u0259r 1992-ci ilin fevral\u0131nda i\u015f\u011fal etdikl\u0259ri Xoc\u0259v\u0259nd rayonunda yaln\u0131z m\u00fcs\u0259lman maddi-m\u0259n\u0259vi abid\u0259l\u0259rini deyil, \u00f6zl\u0259rinin dua etdikl\u0259ri 127 illik kils\u0259ni d\u0259 m\u0259hv edibl\u0259r. ARANTV.AZ\u00a0x\u0259b\u0259r verir ki, rayonun m\u0259rk\u0259zind\u0259n 12 km m\u0259saf\u0259d\u0259, Q\u0131z\u0131lqaya adlanan \u0259razid\u0259 yerl\u0259\u015f\u0259n rus kils\u0259si erm\u0259ni vandallar\u0131 t\u0259r\u0259find\u0259n da\u011f\u0131d\u0131l\u0131b, talan edilib. Onlar tarixi abid\u0259 il\u0259 tarixi ba\u011fl\u0131l\u0131q, dini abid\u0259 il\u0259 m\u0259n\u0259vi ba\u011fl\u0131l\u0131q qura bilm\u0259dikl\u0259rind\u0259n kils\u0259ni c\u0131zma-qaraya \u00e7eviribl\u0259r. \u018ftrafl\u0131 AzTv-nin reportaj\u0131nda:<\/p>\n","protected":false},"author":2,"featured_media":281666,"comment_status":"closed","ping_status":"closed","sticky":false,"template":"","format":"standard","meta":{"om_disable_all_campaigns":false,"_monsterinsights_skip_tracking":false,"_monsterinsights_sitenote_active":false,"_monsterinsights_sitenote_note":"","_monsterinsights_sitenote_category":0},"categories":[10],"tags":[],"aioseo_notices":[],"gutentor_comment":0,"rttpg_featured_image_url":{"full":["https:\/\/arantv.az\/wp-content\/uploads\/2021\/01\/kil.jpg",800,450,false],"landscape":["https:\/\/arantv.az\/wp-content\/uploads\/2021\/01\/kil.jpg",800,450,false],"portraits":["https:\/\/arantv.az\/wp-content\/uploads\/2021\/01\/kil.jpg",800,450,false],"thumbnail":["https:\/\/arantv.az\/wp-content\/uploads\/2021\/01\/kil-150x150.jpg",150,150,true],"medium":["https:\/\/arantv.az\/wp-content\/uploads\/2021\/01\/kil-300x169.jpg",300,169,true],"large":["https:\/\/arantv.az\/wp-content\/uploads\/2021\/01\/kil.jpg",640,360,false],"1536x1536":["https:\/\/arantv.az\/wp-content\/uploads\/2021\/01\/kil.jpg",800,450,false],"2048x2048":["https:\/\/arantv.az\/wp-content\/uploads\/2021\/01\/kil.jpg",800,450,false],"post-thumbnail":["https:\/\/arantv.az\/wp-content\/uploads\/2021\/01\/kil-240x172.jpg",240,172,true],"advps-thumb-one":["https:\/\/arantv.az\/wp-content\/uploads\/2021\/01\/kil.jpg",800,450,false]},"rttpg_author":{"display_name":"V\u00fcsal Rafiqo\u011flu","author_link":"https:\/\/arantv.az\/?author=2"},"rttpg_comment":0,"rttpg_category":"<a href=\"https:\/\/arantv.az\/?cat=10\" rel=\"category\">C\u0259bh\u0259d\u0259n X\u0259b\u0259r<\/a>","rttpg_excerpt":"Erm\u0259nil\u0259r 1992-ci ilin fevral\u0131nda i\u015f\u011fal etdikl\u0259ri Xoc\u0259v\u0259nd rayonunda yaln\u0131z m\u00fcs\u0259lman maddi-m\u0259n\u0259vi abid\u0259l\u0259rini deyil, \u00f6zl\u0259rinin dua etdikl\u0259ri 127 illik kils\u0259ni d\u0259 m\u0259hv edibl\u0259r. ARANTV.AZ\u00a0x\u0259b\u0259r verir ki, rayonun m\u0259rk\u0259zind\u0259n 12 km m\u0259saf\u0259d\u0259, Q\u0131z\u0131lqaya adlanan \u0259razid\u0259 yerl\u0259\u015f\u0259n rus kils\u0259si erm\u0259ni vandallar\u0131 t\u0259r\u0259find\u0259n da\u011f\u0131d\u0131l\u0131b, talan edilib. Onlar tarixi abid\u0259 il\u0259 tarixi ba\u011fl\u0131l\u0131q, dini abid\u0259 il\u0259 m\u0259n\u0259vi ba\u011fl\u0131l\u0131q qura bilm\u0259dikl\u0259rind\u0259n&hellip;","_links":{"self":[{"href":"https:\/\/arantv.az\/index.php?rest_route=\/wp\/v2\/posts\/281665"}],"collection":[{"href":"https:\/\/arantv.az\/index.php?rest_route=\/wp\/v2\/posts"}],"about":[{"href":"https:\/\/arantv.az\/index.php?rest_route=\/wp\/v2\/types\/post"}],"author":[{"embeddable":true,"href":"https:\/\/arantv.az\/index.php?rest_route=\/wp\/v2\/users\/2"}],"replies":[{"embeddable":true,"href":"https:\/\/arantv.az\/index.php?rest_route=%2Fwp%2Fv2%2Fcomments&post=281665"}],"version-history":[{"count":0,"href":"https:\/\/arantv.az\/index.php?rest_route=\/wp\/v2\/posts\/281665\/revisions"}],"wp:featuredmedia":[{"embeddable":true,"href":"https:\/\/arantv.az\/index.php?rest_route=\/wp\/v2\/media\/281666"}],"wp:attachment":[{"href":"https:\/\/arantv.az\/index.php?rest_route=%2Fwp%2Fv2%2Fmedia&parent=281665"}],"wp:term":[{"taxonomy":"category","embeddable":true,"href":"https:\/\/arantv.az\/index.php?rest_route=%2Fwp%2Fv2%2Fcategories&post=281665"},{"taxonomy":"post_tag","embeddable":true,"href":"https:\/\/arantv.az\/index.php?rest_route=%2Fwp%2Fv2%2Ftags&post=281665"}],"curies":[{"name":"wp","href":"https:\/\/api.w.org\/{rel}","templated":true}]}}