{"id":281673,"date":"2021-01-29T08:15:15","date_gmt":"2021-01-29T05:15:15","guid":{"rendered":"http:\/\/arantv.az\/?p=281673"},"modified":"2021-01-29T08:15:15","modified_gmt":"2021-01-29T05:15:15","slug":"susa-az%c9%99rbaycan-xalqinin-tarixi-memarliq-qorugudur-tarixci-alim","status":"publish","type":"post","link":"https:\/\/arantv.az\/?p=281673","title":{"rendered":"\u015eu\u015fa Az\u0259rbaycan xalq\u0131n\u0131n tarixi-memarl\u0131q qoru\u011fudur &#8211; Tarix\u00e7i alim"},"content":{"rendered":"<p>&#8220;B\u00f6y\u00fck Erm\u0259nistan&#8221; x\u0259st\u0259liyin\u0259 tutulmu\u015f erm\u0259ni mill\u0259t\u00e7il\u0259ri d\u00fcnya ictimaiyy\u0259tini Qaraba\u011f regionunun, o c\u00fcml\u0259d\u0259n \u015eu\u015fan\u0131n tarix\u0259n erm\u0259nil\u0259r\u0259 m\u0259xsus olmas\u0131na inand\u0131rma\u011fa \u00e7al\u0131\u015f\u0131rlar. Lakin Az\u0259rbaycan\u0131n q\u0259dim insan m\u0259sk\u0259nl\u0259rind\u0259n biri, q\u0259dim Quru\u00e7ay, K\u00fcr-Araz v\u0259 Xocal\u0131-G\u0259d\u0259b\u0259y m\u0259d\u0259niyy\u0259tl\u0259rinin m\u00f6vcud oldu\u011fu b\u00f6lg\u0259d\u0259 yerl\u0259\u015fmi\u015f Qaraba\u011f regionu Az\u0259rbaycan xalq\u0131n\u0131n ulu \u0259cdadlar\u0131n\u0131n q\u0259dim v\u0259 daimi v\u0259t\u0259nidir.<\/p>\n<p><strong>ARANTV.AZ<\/strong>\u00a0 bildirir ki, bunu\u00a0<a href=\"https:\/\/az.trend.az\/\" target=\"_blank\" rel=\"noopener\">Trend<\/a>-\u0259 AMEA Qafqaz\u015f\u00fcnasl\u0131q \u0130nstitutu Erm\u0259ni\u015f\u00fcnasl\u0131q \u015f\u00f6b\u0259sinin m\u00fcdiri, tarix \u00fczr\u0259 elml\u0259r doktoru Qas\u0131m Hac\u0131yev deyib.<\/p>\n<p>Onun s\u00f6zl\u0259rin\u0259 g\u00f6r\u0259, burada Qaraba\u011f xan\u0131 P\u0259nah\u0259li xan t\u0259r\u0259find\u0259n 1750-ci ild\u0259 sal\u0131nm\u0131\u015f \u015eu\u015fa \u015f\u0259h\u0259rind\u0259n \u0259vv\u0259l q\u0259dim insanlar\u0131n ya\u015fad\u0131\u011f\u0131 t\u0259bii ma\u011faralar, sonra is\u0259 insanlar\u0131n yaratd\u0131\u011f\u0131 ya\u015fay\u0131\u015f m\u0259sk\u0259nl\u0259ri m\u00f6vcud olmu\u015fdur. \u015eu\u015fa \u015f\u0259h\u0259ri \u0259traf\u0131nda apar\u0131lm\u0131\u015f arxeoloji t\u0259dqiqatlar zaman\u0131 q\u0259dim tunc, d\u0259mir d\u00f6vrl\u0259rin\u0259, antik d\u00f6vr v\u0259 orta \u0259srl\u0259r\u0259 dair maddi m\u0259ds\u0259niyy\u0259t n\u00fcmun\u0259l\u0259ri a\u015fkar edilmi\u015fdir. Bu tarixi d\u00f6vrl\u0259rd\u0259 \u015eu\u015fa intensiv ya\u015fay\u0131\u015f m\u0259sk\u0259ni olmu\u015fdur. \u015eu\u015fan\u0131n tarixin\u0259 dair yaz\u0131l\u0131 m\u0259nb\u0259 XIX \u0259sr m\u00fc\u0259llifl\u0259ri Mirz\u0259 Ad\u0131g\u00f6z\u0259l b\u0259y, Mirz\u0259 Camal Qaraba\u011fi, \u018fhm\u0259d b\u0259y Cavan\u015fir, Mir M\u00f6hs\u00fcm N\u0259vvab, M.S. Ordubadi t\u0259r\u0259find\u0259n yaz\u0131lm\u0131\u015f \u0259s\u0259rl\u0259rdir:<\/p>\n<p>&#8220;\u015eu\u015fa XVIII \u0259srd\u0259 Qaraba\u011f xan\u0131 P\u0259nah\u0259li xan t\u0259r\u0259find\u0259n tikdiril\u0259n Bayat, \u015eahbulaq qalalar\u0131ndan sonra daha m\u00f6t\u0259b\u0259r, daha u\u011furlu axtar\u0131\u015f n\u0259tic\u0259si olaraq meydana \u00e7\u0131xm\u0131\u015f, h\u0259m t\u0259bii, h\u0259m d\u0259 insan \u0259li il\u0259 yarad\u0131lan m\u00f6ht\u0259\u015f\u0259m qalaya, g\u00f6z\u0259l \u015f\u0259h\u0259r\u0259 \u00e7evrilmi\u015fdir. Qaraba\u011f xanl\u0131\u011f\u0131n\u0131n m\u0259rk\u0259zi, n\u0259h\u0259ng strateji mm\u00f6vqeyi olan \u015eu\u015fa \u015f\u0259h\u0259ri m\u0259scidl\u0259r, karvansaralar, bazarlar, hamamlar v\u0259 s. tikilil\u0259rin yaranmas\u0131 il\u0259 tarixi-memarl\u0131q diyar\u0131na \u00e7evrilmi\u015fdir. \u015eu\u015fada bunlarla b\u0259rab\u0259r memorial, xatir\u0259 abid\u0259l\u0259ri yarad\u0131lm\u0131\u015f, park v\u0259 ba\u011flar sal\u0131nm\u0131\u015fd\u0131.<\/p>\n<p>XIX \u0259srin sonlar\u0131nda \u0259cn\u0259bi aliml\u0259r- Xan\u0131kov, Dorn, Resler, Me\u015f\u015faninov v\u0259 d. t\u0259dqiqatlar aparm\u0131\u015f, XX \u0259srd\u0259 is\u0259 Az\u0259rbaycan aliml\u0259ri M.H\u00fcseynov, A.\u018fl\u0259kb\u0259rov, R.G\u00f6y\u00fc\u015fov, \u0130.N\u0259rimanov, H.C\u0259f\u0259rov v\u0259 d. \u015eu\u015fa \u015f\u0259h\u0259ri v\u0259 onun \u0259traflar\u0131nda arxeoloji t\u0259dqiqatlar aparm\u0131\u015f v\u0259 \u0259s\u0259rl\u0259r \u00e7ap etdirmi\u015fl\u0259r&#8221;.<\/p>\n<p>Q.Hac\u0131yev \u0259lav\u0259 edib ki, Erm\u0259nistan\u0131n planl\u0131 \u015f\u0259kild\u0259 ba\u015flad\u0131\u011f\u0131 m\u00fcnaqi\u015f\u0259 v\u0259 m\u00fcharib\u0259 1992-ci il may\u0131n 7-8-d\u0259 \u015eu\u015fa \u015f\u0259h\u0259rinin i\u015f\u011fal\u0131 il\u0259 n\u0259tic\u0259l\u0259ndi. M\u0259nfurlar q\u0259dim tarix v\u0259 memarl\u0131q abid\u0259l\u0259rini m\u0259hv etdil\u0259r, Az\u0259rbaycan m\u00fct\u0259f\u0259kkirl\u0259rinin heyk\u0259ll\u0259rini avtomat g\u00fcll\u0259l\u0259ri il\u0259 de\u015fik-de\u015fik ed\u0259r\u0259k t\u0259hqir etdil\u0259r, \u015eu\u015fa muzeyl\u0259rini da\u011f\u0131td\u0131lar:<\/p>\n<p>&#8220;B\u00fct\u00fcn Az\u0259rbaycan xalq\u0131 bilirdi ki, Qaraba\u011f\u0131n \u00fcr\u0259yi, Az\u0259rbaycan\u0131n qeyr\u0259t timsal\u0131 \u015eu\u015fa kimi \u015f\u0259h\u0259ri i\u015f\u011fal alt\u0131nda qalan xalq onu azad etm\u0259k \u00fc\u00e7\u00fcn h\u0259r an haz\u0131r olmal\u0131d\u0131r. Ulu \u00f6nd\u0259r Heyd\u0259r \u018fliyev deyirdi: &#8220;\u015eu\u015fas\u0131z Qaraba\u011f,Qaraba\u011fs\u0131z Az\u0259rbaycan yoxdur&#8221;.<\/p>\n<p>Tarix\u00e7i alim qeyd edib ki, erm\u0259nil\u0259rin bu g\u00fcn d\u0259 m\u00fcxt\u0259lif istiqam\u0259tl\u0259rd\u0259 apard\u0131\u011f\u0131 antiaz\u0259rbaycan siyas\u0259tin\u0259 &#8220;tarixi ara\u015fd\u0131rmalar aparmaq&#8221; siyas\u0259tini d\u0259 \u0259lav\u0259 etm\u0259si i\u015f\u011fala b\u0259ra\u0259t qazand\u0131rmaq ist\u0259yind\u0259n ir\u0259li g\u0259lir. Onlar\u0131n bu fikr\u0259 d\u00fc\u015fm\u0259si Az\u0259rbaycan\u0131n q\u0259dim v\u0259 z\u0259ngin tarix\u0259 malik olan Qaraba\u011f b\u00f6lg\u0259sinin tarixi \u0259n\u0259n\u0259l\u0259rini v\u0259 m\u0259d\u0259niyy\u0259tini erm\u0259ni tarixi v\u0259 m\u0259d\u0259niyy\u0259ti kimi t\u0259qdim etm\u0259kl\u0259 Az\u0259rbaycan \u0259razisind\u0259 ikinci erm\u0259ni d\u00f6vl\u0259ti yaratmaq ist\u0259yind\u0259n ir\u0259li g\u0259lirdi:<\/p>\n<p>&#8220;D\u00fcnya ictimaiyy\u0259ti v\u0259 beyn\u0259lxalq t\u0259\u015fkilatlar bilm\u0259lidir ki, &#8220;Qaraba\u011f tarixi&#8221;kitab\u0131n\u0131n n\u0131nm\u00fc\u0259llifi Mir Mehdi X\u0259zani, &#8220;P\u0259nah xan v\u0259 \u0130brahim xan\u0131n Qaraba\u011fda hakimiyy\u0259tl\u0259ri v\u0259 o zaman\u0131n hadis\u0259l\u0259ri&#8221; \u0259s\u0259rinin m\u00fc\u0259llifi Rzaqulu b\u0259y Mirz\u0259 Camal o\u011flu, &#8220;Tarixi-c\u0259didi-Qaraba\u011f&#8221; \u0259s\u0259rinin m\u00fc\u0259llifi Mirz\u0259 R\u0259him F\u0259na, &#8220;M\u0259clisi F\u0259ramu\u015fan&#8221;, &#8220;T\u0259skireyi N\u0259vvab&#8221;, &#8220;V\u00fczuhul-\u0259rqam&#8221;, &#8220;Kifay\u0259t-\u00fcl-\u018ftfal&#8221; v\u0259 s. elmi v\u0259 \u0259d\u0259bi-b\u0259dii \u0259s\u0259rl\u0259rin m\u00fc\u0259llifi Mir M\u00f6hs\u00fcn N\u0259vvab, &#8220;\u018fhvalati-Qaraba\u011f&#8221; \u0259s\u0259rinin m\u00fc\u0259llifi Baharl\u0131, &#8220;\u015eu\u015fa \u015f\u0259h\u0259rinin tarixi&#8221; \u0259s\u0259rinin m\u00fc\u0259llifi H\u0259s\u0259n ixfa \u018flizad\u0259, &#8220;Qaraba\u011f vilay\u0259tinin q\u0259dim v\u0259 c\u0259did keyfiyy\u0259t v\u0259 \u00f6vzalar\u0131&#8221; \u0259s\u0259rinin m\u00fc\u0259llifi H\u0259s\u0259n\u0259li Qarada\u011fi kimi tarixi, \u0259d\u0259bi-b\u0259dii, publisist \u0259s\u0259rl\u0259rin m\u00fc\u0259llifl\u0259ri \u015fu\u015fal\u0131-az\u0259rbaycanl\u0131d\u0131rlar.<\/p>\n<p>&#8220;Qafqaz\u0131n konservatoriyas\u0131&#8221; adland\u0131r\u0131lan \u015eu\u015fa &#8211; Hac\u0131 H\u00fcs\u00fc, K\u0259rb\u0259layi H\u00fcs\u00fc, Abdulbagi Hilalov, \u018fl\u0259sg\u0259r F\u0259rz\u0259liyev, Cabbar Qarya\u011fd\u0131o\u011flu, Ke\u00e7\u0259\u00e7i o\u011flu M\u0259h\u0259mm\u0259d, B\u00fclb\u00fcl, Seyid \u015eu\u015finski, Xan \u015eu\u015finski, Z\u00fclf\u00fc Ad\u0131g\u00f6z\u0259lov kimi pe\u015f\u0259kar musiqi\u00e7il\u0259r- Sad\u0131qcan, Ata Ba\u011fdagulo\u011flu, Qurban Pirimov kimi musiqi\u00e7il\u0259rin, Az\u0259rbaycan\u0131n musiqi m\u0259d\u0259niyy\u0259ti tarixind\u0259 x\u00fcsusi yeri olan \u015f\u0259xsiyy\u0259tl\u0259rin v\u0259t\u0259nidir.<br \/>\n\u015eu\u015fa d\u00fcnya m\u0259d\u0259niyy\u0259ti tarixin\u0259 ensiklopedik biliy\u0259, y\u00fcks\u0259k istedada malik olan v\u0259 m\u00fcs\u0259lman al\u0259mind\u0259 operan\u0131n banisi \u00dczeyir b\u0259y Hac\u0131b\u0259yov kimi dahi, Zakir Ba\u011f\u0131rov, Fikr\u0259t \u018fmirov, Z\u00fclf\u00fcqar Hac\u0131b\u0259yov, S\u00fcleyman \u018fl\u0259sk\u0259rov, \u018f\u015fr\u0259f Abbasov, Soltan Hac\u0131b\u0259yov, \u018ffrasiyab B\u0259d\u0259lb\u0259yli v\u0259 Niyazi kimi b\u00f6y\u00fck b\u0259st\u0259karlar b\u0259x\u015f etmi\u015fdir&#8221;.<\/p>\n<p>Q.Hac\u0131yev qeyd edib ki, \u015eu\u015fan\u0131 i\u015f\u011fal ed\u0259n erm\u0259nil\u0259rin bu m\u00fcq\u0259dd\u0259s \u015f\u0259h\u0259rimiz\u0259 iddialar\u0131n\u0131n n\u0259 tarixi, n\u0259 siyasi, n\u0259 d\u0259 m\u0259n\u0259vi haqlar\u0131 yoxdur. &#8220;\u015eu\u015fa erm\u0259ni \u015f\u0259h\u0259ridir&#8221; deyib ona b\u00f6htan atanlar c\u0259zas\u0131n\u0131 almal\u0131 idi:<\/p>\n<p>&#8220;\u015eu\u015fada &#8220;Qaraba\u011f \u015fik\u0259st\u0259si&#8221;nin havalanmamas\u0131, &#8220;Xar\u0131 b\u00fclb\u00fcl\u00fcn&#8221; \u015fu\u015fal\u0131lar\u0131n g\u00f6z\u00fcnd\u0259n iraq a\u00e7\u0131lmas\u0131 g\u00fcnah idi. Bu, bizim g\u00fcnah\u0131m\u0131z idi. Biz g\u00fcnah\u0131m\u0131z\u0131 yuduq, \u015eu\u015fan\u0131 \u0259sar\u0259td\u0259n qurtard\u0131q. H\u0259m d\u0259 asan yolla deyil, \u0259n \u00e7\u0259tin yolla &#8211; y\u00fcng\u00fcl silahla silahlanm\u0131\u015f, c\u0259rt, s\u0131ldr\u0131m qayalara d\u0131rmanmaqla d\u00fc\u015fm\u0259n\u0259 divan tutan c\u0259sur Az\u0259rbaycan d\u00f6y\u00fc\u015f\u00e7\u00fcl\u0259rinin \u015f\u00fcca\u0259ti, q\u0259hr\u0259manl\u0131\u011f\u0131 say\u0259sind\u0259 \u015eu\u015fah\u0131 azad etdik. Bu, bizim \u015fanl\u0131 Q\u0259l\u0259b\u0259mizin, Z\u0259f\u0259rimizin g\u00fcn\u00fcd\u00fcr!&#8221;.<\/p>\n<p>\u015eu\u015fan\u0131n Az\u0259rbaycan xalq\u0131n\u0131n tarixi-memarl\u0131q qoru\u011fu oldu\u011funu xat\u0131rladan Q.Hac\u0131yev bildirib ki, erm\u0259ni quldurlar\u0131 \u015eu\u015fa \u015f\u0259h\u0259rind\u0259n k\u00fclli miqdarda tarixi eksponatlar v\u0259 muzey \u0259\u015fyalar\u0131 aparm\u0131\u015flar. \u015eu\u015fa tarix muzeyind\u0259n 5000 eksponat, \u00dczeyir Hac\u0131b\u0259yovun ev muzeyind\u0259n 300 eksponat, B\u00fclb\u00fcl\u00fcn ev muzeyind\u0259n 369 eksponat, Az\u0259rbaycan xal\u00e7as\u0131l\u0131q v\u0259 xalq t\u0259tbiqi s\u0259n\u0259ti D\u00f6vl\u0259t muzeyinin \u015eu\u015fa filial\u0131ndan 63 eksponat, Qaraba\u011f D\u00f6vl\u0259t tarix muzeyind\u0259n 500 eksponat, Mir M\u00f6vs\u00fcm N\u0259vvab\u0131n ev muzeyind\u0259n 100 eksponat, D\u00f6vl\u0259t r\u0259sm qalereyas\u0131ndan 90 eksponat erm\u0259nil\u0259rin \u0259lin\u0259 ke\u00e7mi\u015fdir ki, bu ekspanatlvr\u0131n bir \u00e7oxu xarici \u00f6lk\u0259l\u0259rd\u0259 sat\u0131lm\u0131\u015f, bir qismiis\u0259 erm\u0259ni maddi m\u0259d\u0259niyy\u0259t n\u00fcmun\u0259si kimi n\u00fcmayi\u015f etdirilir.<\/p>\n<p>Tarix\u00e7i deyib ki, i\u015f\u011fal alt\u0131nda olan \u0259razil\u0259rd\u0259 elmi t\u0259dqiqatlar aparmaq beyn\u0259lxalq qanunlara v\u0259 b\u0259\u015f\u0259ri qaydalara zidd oldu\u011funa baxmayaraq apard\u0131qlar\u0131 &#8220;t\u0259dqiqatlar&#8221; zaman\u0131 bu abid\u0259l\u0259r\u0259 qar\u015f\u0131 vandall\u0131q edilmi\u015fdir. M\u0259qs\u0259dl\u0259ri Az\u0259rbaycan\u0131n z\u0259ngin t\u0259bi\u0259t\u0259, \u0259lveri\u015fli strateji m\u00f6vqey\u0259, tarix v\u0259 memarl\u0131q abid\u0259l\u0259rin\u0259 malik olan \u015f\u0259h\u0259rind\u0259n Az\u0259rbaycan-t\u00fcrk xalq\u0131n\u0131n\u0131n izl\u0259rini itirm\u0259k olmu\u015fdur:<\/p>\n<p>&#8220;Az\u0259rbaycan Respublikas\u0131n\u0131n Prezidenti, Ali Ba\u015f Komandan c\u0259nab \u0130lham \u0259liyevin s\u0259rk\u0259rd\u0259lik v\u0259 diplomatik f\u0259aliyy\u0259ti, m\u00fcz\u0259ff\u0259r Az\u0259rbaycan ordusunun \u015f\u00fcca\u0259ti il\u0259 \u015eu\u015fa \u015f\u0259h\u0259ri i\u015f\u011faldan azad edilmi\u015fdir. \u015eu\u015fan\u0131 b\u0259rpa v\u0259 yenid\u0259nqurma il\u0259 d\u00fcnyan\u0131n \u0259n g\u00f6z\u0259l \u015f\u0259h\u0259rin\u0259 \u00e7evir\u0259c\u0259yin\u0259 inan\u0131r\u0131q&#8221;.<\/p>\n","protected":false},"excerpt":{"rendered":"<p>&#8220;B\u00f6y\u00fck Erm\u0259nistan&#8221; x\u0259st\u0259liyin\u0259 tutulmu\u015f erm\u0259ni mill\u0259t\u00e7il\u0259ri d\u00fcnya ictimaiyy\u0259tini Qaraba\u011f regionunun, o c\u00fcml\u0259d\u0259n \u015eu\u015fan\u0131n tarix\u0259n erm\u0259nil\u0259r\u0259 m\u0259xsus olmas\u0131na inand\u0131rma\u011fa \u00e7al\u0131\u015f\u0131rlar. Lakin Az\u0259rbaycan\u0131n q\u0259dim insan m\u0259sk\u0259nl\u0259rind\u0259n biri, q\u0259dim Quru\u00e7ay, K\u00fcr-Araz v\u0259 Xocal\u0131-G\u0259d\u0259b\u0259y m\u0259d\u0259niyy\u0259tl\u0259rinin m\u00f6vcud oldu\u011fu b\u00f6lg\u0259d\u0259 yerl\u0259\u015fmi\u015f Qaraba\u011f regionu Az\u0259rbaycan xalq\u0131n\u0131n ulu \u0259cdadlar\u0131n\u0131n q\u0259dim v\u0259 daimi v\u0259t\u0259nidir. ARANTV.AZ\u00a0 bildirir ki, bunu\u00a0Trend-\u0259 AMEA Qafqaz\u015f\u00fcnasl\u0131q \u0130nstitutu Erm\u0259ni\u015f\u00fcnasl\u0131q \u015f\u00f6b\u0259sinin m\u00fcdiri, tarix \u00fczr\u0259 elml\u0259r doktoru Qas\u0131m Hac\u0131yev deyib. Onun s\u00f6zl\u0259rin\u0259 g\u00f6r\u0259, burada Qaraba\u011f xan\u0131 P\u0259nah\u0259li xan t\u0259r\u0259find\u0259n 1750-ci ild\u0259 sal\u0131nm\u0131\u015f \u015eu\u015fa \u015f\u0259h\u0259rind\u0259n \u0259vv\u0259l q\u0259dim insanlar\u0131n ya\u015fad\u0131\u011f\u0131 t\u0259bii ma\u011faralar, sonra is\u0259 insanlar\u0131n yaratd\u0131\u011f\u0131 ya\u015fay\u0131\u015f m\u0259sk\u0259nl\u0259ri m\u00f6vcud olmu\u015fdur.&hellip;<\/p>\n","protected":false},"author":2,"featured_media":281674,"comment_status":"closed","ping_status":"closed","sticky":false,"template":"","format":"standard","meta":{"om_disable_all_campaigns":false,"_monsterinsights_skip_tracking":false,"_monsterinsights_sitenote_active":false,"_monsterinsights_sitenote_note":"","_monsterinsights_sitenote_category":0},"categories":[26],"tags":[],"aioseo_notices":[],"gutentor_comment":0,"rttpg_featured_image_url":{"full":["https:\/\/arantv.az\/wp-content\/uploads\/2021\/01\/917658.jpg",1280,857,false],"landscape":["https:\/\/arantv.az\/wp-content\/uploads\/2021\/01\/917658.jpg",1280,857,false],"portraits":["https:\/\/arantv.az\/wp-content\/uploads\/2021\/01\/917658.jpg",1280,857,false],"thumbnail":["https:\/\/arantv.az\/wp-content\/uploads\/2021\/01\/917658-150x150.jpg",150,150,true],"medium":["https:\/\/arantv.az\/wp-content\/uploads\/2021\/01\/917658-300x201.jpg",300,201,true],"large":["https:\/\/arantv.az\/wp-content\/uploads\/2021\/01\/917658-1024x686.jpg",640,429,true],"1536x1536":["https:\/\/arantv.az\/wp-content\/uploads\/2021\/01\/917658.jpg",1280,857,false],"2048x2048":["https:\/\/arantv.az\/wp-content\/uploads\/2021\/01\/917658.jpg",1280,857,false],"post-thumbnail":["https:\/\/arantv.az\/wp-content\/uploads\/2021\/01\/917658-240x172.jpg",240,172,true],"advps-thumb-one":["https:\/\/arantv.az\/wp-content\/uploads\/2021\/01\/917658-1200x620.jpg",1200,620,true]},"rttpg_author":{"display_name":"V\u00fcsal Rafiqo\u011flu","author_link":"https:\/\/arantv.az\/?author=2"},"rttpg_comment":0,"rttpg_category":"<a href=\"https:\/\/arantv.az\/?cat=26\" rel=\"category\">Sosial<\/a>","rttpg_excerpt":"&#8220;B\u00f6y\u00fck Erm\u0259nistan&#8221; x\u0259st\u0259liyin\u0259 tutulmu\u015f erm\u0259ni mill\u0259t\u00e7il\u0259ri d\u00fcnya ictimaiyy\u0259tini Qaraba\u011f regionunun, o c\u00fcml\u0259d\u0259n \u015eu\u015fan\u0131n tarix\u0259n erm\u0259nil\u0259r\u0259 m\u0259xsus olmas\u0131na inand\u0131rma\u011fa \u00e7al\u0131\u015f\u0131rlar. Lakin Az\u0259rbaycan\u0131n q\u0259dim insan m\u0259sk\u0259nl\u0259rind\u0259n biri, q\u0259dim Quru\u00e7ay, K\u00fcr-Araz v\u0259 Xocal\u0131-G\u0259d\u0259b\u0259y m\u0259d\u0259niyy\u0259tl\u0259rinin m\u00f6vcud oldu\u011fu b\u00f6lg\u0259d\u0259 yerl\u0259\u015fmi\u015f Qaraba\u011f regionu Az\u0259rbaycan xalq\u0131n\u0131n ulu \u0259cdadlar\u0131n\u0131n q\u0259dim v\u0259 daimi v\u0259t\u0259nidir. ARANTV.AZ\u00a0 bildirir ki, bunu\u00a0Trend-\u0259 AMEA Qafqaz\u015f\u00fcnasl\u0131q \u0130nstitutu Erm\u0259ni\u015f\u00fcnasl\u0131q \u015f\u00f6b\u0259sinin m\u00fcdiri,&hellip;","_links":{"self":[{"href":"https:\/\/arantv.az\/index.php?rest_route=\/wp\/v2\/posts\/281673"}],"collection":[{"href":"https:\/\/arantv.az\/index.php?rest_route=\/wp\/v2\/posts"}],"about":[{"href":"https:\/\/arantv.az\/index.php?rest_route=\/wp\/v2\/types\/post"}],"author":[{"embeddable":true,"href":"https:\/\/arantv.az\/index.php?rest_route=\/wp\/v2\/users\/2"}],"replies":[{"embeddable":true,"href":"https:\/\/arantv.az\/index.php?rest_route=%2Fwp%2Fv2%2Fcomments&post=281673"}],"version-history":[{"count":0,"href":"https:\/\/arantv.az\/index.php?rest_route=\/wp\/v2\/posts\/281673\/revisions"}],"wp:featuredmedia":[{"embeddable":true,"href":"https:\/\/arantv.az\/index.php?rest_route=\/wp\/v2\/media\/281674"}],"wp:attachment":[{"href":"https:\/\/arantv.az\/index.php?rest_route=%2Fwp%2Fv2%2Fmedia&parent=281673"}],"wp:term":[{"taxonomy":"category","embeddable":true,"href":"https:\/\/arantv.az\/index.php?rest_route=%2Fwp%2Fv2%2Fcategories&post=281673"},{"taxonomy":"post_tag","embeddable":true,"href":"https:\/\/arantv.az\/index.php?rest_route=%2Fwp%2Fv2%2Ftags&post=281673"}],"curies":[{"name":"wp","href":"https:\/\/api.w.org\/{rel}","templated":true}]}}