{"id":281677,"date":"2021-01-29T08:16:09","date_gmt":"2021-01-29T05:16:09","guid":{"rendered":"http:\/\/arantv.az\/?p=281677"},"modified":"2021-01-29T08:16:09","modified_gmt":"2021-01-29T05:16:09","slug":"yaponiyada-issizlik-s%c9%99viyy%c9%99si-son-11-ild%c9%99-ilk-d%c9%99f%c9%99-artib","status":"publish","type":"post","link":"https:\/\/arantv.az\/?p=281677","title":{"rendered":"Yaponiyada i\u015fsizlik s\u0259viyy\u0259si son 11 ild\u0259 ilk d\u0259f\u0259 art\u0131b"},"content":{"rendered":"<p>Yaponiyada 2020-ci ilin yekunlar\u0131 \u00fczr\u0259 i\u015fsizlik s\u0259viyy\u0259si 2,8 faiz t\u0259\u015fkil edib, bu is\u0259 2019-cu ilin m\u00fcvafiq d\u00f6vr\u00fc il\u0259 m\u00fcqayis\u0259d\u0259 0,5 faiz art\u0131qd\u0131r.<\/p>\n<p><strong>ARANTV.AZ\u00a0<\/strong><a href=\"https:\/\/az.trend.az\/\" target=\"_blank\" rel=\"noopener\">Trend<\/a>-\u0259 istinad\u0259n bildirir ki, bu bar\u0259d\u0259 Yaponiyan\u0131n \u0130nzibati \u0130\u015fl\u0259r v\u0259 Kommunikasiya Nazirliyinin statistikas\u0131nda deyilir.<\/p>\n<p>M\u0259lumata \u0259sas\u0259n, il \u0259rzind\u0259 bu g\u00f6st\u0259rici koronavirus pandemiyas\u0131n\u0131n yaratd\u0131\u011f\u0131 iqtisadi probleml\u0259r fonunda davaml\u0131 olaraq art\u0131b v\u0259 oktyabr ay\u0131nda 3,1 faiz s\u0259viyy\u0259sin\u0259 \u00e7at\u0131b. N\u00f6vb\u0259ti bir ne\u00e7\u0259 ayda i\u015fsizlik s\u0259viyy\u0259si d\u00fc\u015f\u0259r\u0259k 2,8 faiz\u0259 b\u0259rab\u0259r olub.<\/p>\n<p>Qeyd edilir ki, Yaponiyada i\u015fsizlik s\u0259viyy\u0259si son 11 ild\u0259 ilk d\u0259f\u0259 art\u0131b.<\/p>\n","protected":false},"excerpt":{"rendered":"<p>Yaponiyada 2020-ci ilin yekunlar\u0131 \u00fczr\u0259 i\u015fsizlik s\u0259viyy\u0259si 2,8 faiz t\u0259\u015fkil edib, bu is\u0259 2019-cu ilin m\u00fcvafiq d\u00f6vr\u00fc il\u0259 m\u00fcqayis\u0259d\u0259 0,5 faiz art\u0131qd\u0131r. ARANTV.AZ\u00a0Trend-\u0259 istinad\u0259n bildirir ki, bu bar\u0259d\u0259 Yaponiyan\u0131n \u0130nzibati \u0130\u015fl\u0259r v\u0259 Kommunikasiya Nazirliyinin statistikas\u0131nda deyilir. M\u0259lumata \u0259sas\u0259n, il \u0259rzind\u0259 bu g\u00f6st\u0259rici koronavirus pandemiyas\u0131n\u0131n yaratd\u0131\u011f\u0131 iqtisadi probleml\u0259r fonunda davaml\u0131 olaraq art\u0131b v\u0259 oktyabr ay\u0131nda 3,1 faiz s\u0259viyy\u0259sin\u0259 \u00e7at\u0131b. N\u00f6vb\u0259ti bir ne\u00e7\u0259 ayda i\u015fsizlik s\u0259viyy\u0259si d\u00fc\u015f\u0259r\u0259k 2,8 faiz\u0259 b\u0259rab\u0259r olub. Qeyd edilir ki, Yaponiyada i\u015fsizlik s\u0259viyy\u0259si son 11 ild\u0259 ilk d\u0259f\u0259 art\u0131b.<\/p>\n","protected":false},"author":2,"featured_media":281678,"comment_status":"closed","ping_status":"closed","sticky":false,"template":"","format":"standard","meta":{"om_disable_all_campaigns":false,"_monsterinsights_skip_tracking":false,"_monsterinsights_sitenote_active":false,"_monsterinsights_sitenote_note":"","_monsterinsights_sitenote_category":0},"categories":[7],"tags":[],"aioseo_notices":[],"gutentor_comment":0,"rttpg_featured_image_url":{"full":["https:\/\/arantv.az\/wp-content\/uploads\/2021\/01\/917652.jpg",630,470,false],"landscape":["https:\/\/arantv.az\/wp-content\/uploads\/2021\/01\/917652.jpg",630,470,false],"portraits":["https:\/\/arantv.az\/wp-content\/uploads\/2021\/01\/917652.jpg",630,470,false],"thumbnail":["https:\/\/arantv.az\/wp-content\/uploads\/2021\/01\/917652-150x150.jpg",150,150,true],"medium":["https:\/\/arantv.az\/wp-content\/uploads\/2021\/01\/917652-300x224.jpg",300,224,true],"large":["https:\/\/arantv.az\/wp-content\/uploads\/2021\/01\/917652.jpg",630,470,false],"1536x1536":["https:\/\/arantv.az\/wp-content\/uploads\/2021\/01\/917652.jpg",630,470,false],"2048x2048":["https:\/\/arantv.az\/wp-content\/uploads\/2021\/01\/917652.jpg",630,470,false],"post-thumbnail":["https:\/\/arantv.az\/wp-content\/uploads\/2021\/01\/917652-240x172.jpg",240,172,true],"advps-thumb-one":["https:\/\/arantv.az\/wp-content\/uploads\/2021\/01\/917652.jpg",630,470,false]},"rttpg_author":{"display_name":"V\u00fcsal Rafiqo\u011flu","author_link":"https:\/\/arantv.az\/?author=2"},"rttpg_comment":0,"rttpg_category":"<a href=\"https:\/\/arantv.az\/?cat=7\" rel=\"category\">D\u00fcnya<\/a>","rttpg_excerpt":"Yaponiyada 2020-ci ilin yekunlar\u0131 \u00fczr\u0259 i\u015fsizlik s\u0259viyy\u0259si 2,8 faiz t\u0259\u015fkil edib, bu is\u0259 2019-cu ilin m\u00fcvafiq d\u00f6vr\u00fc il\u0259 m\u00fcqayis\u0259d\u0259 0,5 faiz art\u0131qd\u0131r. ARANTV.AZ\u00a0Trend-\u0259 istinad\u0259n bildirir ki, bu bar\u0259d\u0259 Yaponiyan\u0131n \u0130nzibati \u0130\u015fl\u0259r v\u0259 Kommunikasiya Nazirliyinin statistikas\u0131nda deyilir. M\u0259lumata \u0259sas\u0259n, il \u0259rzind\u0259 bu g\u00f6st\u0259rici koronavirus pandemiyas\u0131n\u0131n yaratd\u0131\u011f\u0131 iqtisadi probleml\u0259r fonunda davaml\u0131 olaraq art\u0131b v\u0259 oktyabr ay\u0131nda 3,1&hellip;","_links":{"self":[{"href":"https:\/\/arantv.az\/index.php?rest_route=\/wp\/v2\/posts\/281677"}],"collection":[{"href":"https:\/\/arantv.az\/index.php?rest_route=\/wp\/v2\/posts"}],"about":[{"href":"https:\/\/arantv.az\/index.php?rest_route=\/wp\/v2\/types\/post"}],"author":[{"embeddable":true,"href":"https:\/\/arantv.az\/index.php?rest_route=\/wp\/v2\/users\/2"}],"replies":[{"embeddable":true,"href":"https:\/\/arantv.az\/index.php?rest_route=%2Fwp%2Fv2%2Fcomments&post=281677"}],"version-history":[{"count":0,"href":"https:\/\/arantv.az\/index.php?rest_route=\/wp\/v2\/posts\/281677\/revisions"}],"wp:featuredmedia":[{"embeddable":true,"href":"https:\/\/arantv.az\/index.php?rest_route=\/wp\/v2\/media\/281678"}],"wp:attachment":[{"href":"https:\/\/arantv.az\/index.php?rest_route=%2Fwp%2Fv2%2Fmedia&parent=281677"}],"wp:term":[{"taxonomy":"category","embeddable":true,"href":"https:\/\/arantv.az\/index.php?rest_route=%2Fwp%2Fv2%2Fcategories&post=281677"},{"taxonomy":"post_tag","embeddable":true,"href":"https:\/\/arantv.az\/index.php?rest_route=%2Fwp%2Fv2%2Ftags&post=281677"}],"curies":[{"name":"wp","href":"https:\/\/api.w.org\/{rel}","templated":true}]}}