{"id":281701,"date":"2021-01-29T08:37:16","date_gmt":"2021-01-29T05:37:16","guid":{"rendered":"http:\/\/arantv.az\/?p=281701"},"modified":"2021-01-29T08:37:16","modified_gmt":"2021-01-29T05:37:16","slug":"yanukovic%c9%99-qarsi-dovl%c9%99t%c9%99-x%c9%99yan%c9%99t-ittihami-ir%c9%99li-suruldu","status":"publish","type":"post","link":"https:\/\/arantv.az\/?p=281701","title":{"rendered":"Yanukovi\u00e7\u0259 qar\u015f\u0131 d\u00f6vl\u0259t\u0259 x\u0259yan\u0259t ittiham\u0131 ir\u0259li s\u00fcr\u00fcld\u00fc"},"content":{"rendered":"<p><strong>Ukrayna D\u00f6vl\u0259t T\u0259hqiqat B\u00fcrosu \u00f6lk\u0259nin ke\u00e7mi\u015f Prezidenti Viktor Yanukovi\u00e7\u0259 qar\u015f\u0131 d\u00f6vl\u0259t\u0259 x\u0259yan\u0259t ittiham\u0131 ir\u0259li s\u00fcr\u00fcb.<\/strong><\/p>\n<p><strong>ARANTV.AZ<\/strong> qafqazinfo-ya istinad\u0259n x\u0259b\u0259r verir ki,\u00a0&#8220;d\u00f6vl\u0259t x\u0259yan\u0259ti&#8221; madd\u0259si il\u0259 ittiham 2010-cu ild\u0259 Rusiya il\u0259 &#8220;Xarkov sazi\u015fi&#8221; adland\u0131r\u0131lan s\u0259n\u0259din imzalanmas\u0131 il\u0259 \u0259laq\u0259dar ir\u0259li s\u00fcr\u00fcl\u00fcb. &#8220;Ukraynan\u0131n ke\u00e7mi\u015f Prezidentin\u0259 d\u00f6vl\u0259t\u0259 x\u0259yan\u0259t etm\u0259kd\u0259 \u015f\u00fcbh\u0259li bilinm\u0259si bar\u0259d\u0259 yaz\u0131l\u0131 m\u0259lumat verilib&#8221;, &#8211; s\u0259n\u0259dd\u0259 qeyd olunur.<\/p>\n<p>\u00d6t\u0259n ilin dekabr\u0131nda Yanukovi\u00e7 videoba\u011flant\u0131 vasit\u0259sil\u0259 Avromaydan g\u00fcll\u0259l\u0259nm\u0259si il\u0259 ba\u011fl\u0131 m\u0259hk\u0259m\u0259 iclas\u0131nda i\u015ftirak etm\u0259k ist\u0259diyini bildirib. O, Kiyevin Pe\u00e7er rayon M\u0259hk\u0259m\u0259sin\u0259 &#8220;Maydan i\u015find\u0259 ona qar\u015f\u0131 q\u0259timkan t\u0259dbirinin se\u00e7ilm\u0259si bar\u0259d\u0259 Ba\u015f prokurorun ofisinin v\u0259sat\u0259tin\u0259 bax\u0131lmas\u0131 prosesind\u0259 videokonfrans vasit\u0259sil\u0259 onun \u015f\u0259xs\u0259n i\u015ftirak\u0131n\u0131 t\u0259min etm\u0259k t\u0259l\u0259bi il\u0259 m\u00fcraci\u0259t edib&#8221;.<\/p>\n","protected":false},"excerpt":{"rendered":"<p>Ukrayna D\u00f6vl\u0259t T\u0259hqiqat B\u00fcrosu \u00f6lk\u0259nin ke\u00e7mi\u015f Prezidenti Viktor Yanukovi\u00e7\u0259 qar\u015f\u0131 d\u00f6vl\u0259t\u0259 x\u0259yan\u0259t ittiham\u0131 ir\u0259li s\u00fcr\u00fcb. ARANTV.AZ qafqazinfo-ya istinad\u0259n x\u0259b\u0259r verir ki,\u00a0&#8220;d\u00f6vl\u0259t x\u0259yan\u0259ti&#8221; madd\u0259si il\u0259 ittiham 2010-cu ild\u0259 Rusiya il\u0259 &#8220;Xarkov sazi\u015fi&#8221; adland\u0131r\u0131lan s\u0259n\u0259din imzalanmas\u0131 il\u0259 \u0259laq\u0259dar ir\u0259li s\u00fcr\u00fcl\u00fcb. &#8220;Ukraynan\u0131n ke\u00e7mi\u015f Prezidentin\u0259 d\u00f6vl\u0259t\u0259 x\u0259yan\u0259t etm\u0259kd\u0259 \u015f\u00fcbh\u0259li bilinm\u0259si bar\u0259d\u0259 yaz\u0131l\u0131 m\u0259lumat verilib&#8221;, &#8211; s\u0259n\u0259dd\u0259 qeyd olunur. \u00d6t\u0259n ilin dekabr\u0131nda Yanukovi\u00e7 videoba\u011flant\u0131 vasit\u0259sil\u0259 Avromaydan g\u00fcll\u0259l\u0259nm\u0259si il\u0259 ba\u011fl\u0131 m\u0259hk\u0259m\u0259 iclas\u0131nda i\u015ftirak etm\u0259k ist\u0259diyini bildirib. O, Kiyevin Pe\u00e7er rayon M\u0259hk\u0259m\u0259sin\u0259 &#8220;Maydan i\u015find\u0259 ona qar\u015f\u0131 q\u0259timkan t\u0259dbirinin se\u00e7ilm\u0259si bar\u0259d\u0259 Ba\u015f prokurorun ofisinin v\u0259sat\u0259tin\u0259 bax\u0131lmas\u0131 prosesind\u0259 videokonfrans&hellip;<\/p>\n","protected":false},"author":2,"featured_media":281702,"comment_status":"closed","ping_status":"closed","sticky":false,"template":"","format":"standard","meta":{"om_disable_all_campaigns":false,"_monsterinsights_skip_tracking":false,"_monsterinsights_sitenote_active":false,"_monsterinsights_sitenote_note":"","_monsterinsights_sitenote_category":0},"categories":[7],"tags":[],"aioseo_notices":[],"gutentor_comment":0,"rttpg_featured_image_url":{"full":["https:\/\/arantv.az\/wp-content\/uploads\/2021\/01\/yanukovic.jpg",637,400,false],"landscape":["https:\/\/arantv.az\/wp-content\/uploads\/2021\/01\/yanukovic.jpg",637,400,false],"portraits":["https:\/\/arantv.az\/wp-content\/uploads\/2021\/01\/yanukovic.jpg",637,400,false],"thumbnail":["https:\/\/arantv.az\/wp-content\/uploads\/2021\/01\/yanukovic-150x150.jpg",150,150,true],"medium":["https:\/\/arantv.az\/wp-content\/uploads\/2021\/01\/yanukovic-300x188.jpg",300,188,true],"large":["https:\/\/arantv.az\/wp-content\/uploads\/2021\/01\/yanukovic.jpg",637,400,false],"1536x1536":["https:\/\/arantv.az\/wp-content\/uploads\/2021\/01\/yanukovic.jpg",637,400,false],"2048x2048":["https:\/\/arantv.az\/wp-content\/uploads\/2021\/01\/yanukovic.jpg",637,400,false],"post-thumbnail":["https:\/\/arantv.az\/wp-content\/uploads\/2021\/01\/yanukovic-240x172.jpg",240,172,true],"advps-thumb-one":["https:\/\/arantv.az\/wp-content\/uploads\/2021\/01\/yanukovic.jpg",637,400,false]},"rttpg_author":{"display_name":"V\u00fcsal Rafiqo\u011flu","author_link":"https:\/\/arantv.az\/?author=2"},"rttpg_comment":0,"rttpg_category":"<a href=\"https:\/\/arantv.az\/?cat=7\" rel=\"category\">D\u00fcnya<\/a>","rttpg_excerpt":"Ukrayna D\u00f6vl\u0259t T\u0259hqiqat B\u00fcrosu \u00f6lk\u0259nin ke\u00e7mi\u015f Prezidenti Viktor Yanukovi\u00e7\u0259 qar\u015f\u0131 d\u00f6vl\u0259t\u0259 x\u0259yan\u0259t ittiham\u0131 ir\u0259li s\u00fcr\u00fcb. ARANTV.AZ qafqazinfo-ya istinad\u0259n x\u0259b\u0259r verir ki,\u00a0&#8220;d\u00f6vl\u0259t x\u0259yan\u0259ti&#8221; madd\u0259si il\u0259 ittiham 2010-cu ild\u0259 Rusiya il\u0259 &#8220;Xarkov sazi\u015fi&#8221; adland\u0131r\u0131lan s\u0259n\u0259din imzalanmas\u0131 il\u0259 \u0259laq\u0259dar ir\u0259li s\u00fcr\u00fcl\u00fcb. &#8220;Ukraynan\u0131n ke\u00e7mi\u015f Prezidentin\u0259 d\u00f6vl\u0259t\u0259 x\u0259yan\u0259t etm\u0259kd\u0259 \u015f\u00fcbh\u0259li bilinm\u0259si bar\u0259d\u0259 yaz\u0131l\u0131 m\u0259lumat verilib&#8221;, &#8211; s\u0259n\u0259dd\u0259 qeyd olunur. \u00d6t\u0259n&hellip;","_links":{"self":[{"href":"https:\/\/arantv.az\/index.php?rest_route=\/wp\/v2\/posts\/281701"}],"collection":[{"href":"https:\/\/arantv.az\/index.php?rest_route=\/wp\/v2\/posts"}],"about":[{"href":"https:\/\/arantv.az\/index.php?rest_route=\/wp\/v2\/types\/post"}],"author":[{"embeddable":true,"href":"https:\/\/arantv.az\/index.php?rest_route=\/wp\/v2\/users\/2"}],"replies":[{"embeddable":true,"href":"https:\/\/arantv.az\/index.php?rest_route=%2Fwp%2Fv2%2Fcomments&post=281701"}],"version-history":[{"count":0,"href":"https:\/\/arantv.az\/index.php?rest_route=\/wp\/v2\/posts\/281701\/revisions"}],"wp:featuredmedia":[{"embeddable":true,"href":"https:\/\/arantv.az\/index.php?rest_route=\/wp\/v2\/media\/281702"}],"wp:attachment":[{"href":"https:\/\/arantv.az\/index.php?rest_route=%2Fwp%2Fv2%2Fmedia&parent=281701"}],"wp:term":[{"taxonomy":"category","embeddable":true,"href":"https:\/\/arantv.az\/index.php?rest_route=%2Fwp%2Fv2%2Fcategories&post=281701"},{"taxonomy":"post_tag","embeddable":true,"href":"https:\/\/arantv.az\/index.php?rest_route=%2Fwp%2Fv2%2Ftags&post=281701"}],"curies":[{"name":"wp","href":"https:\/\/api.w.org\/{rel}","templated":true}]}}